{"id":14603,"date":"2026-05-03T10:11:14","date_gmt":"2026-05-03T10:11:14","guid":{"rendered":"https:\/\/akdenizolay.com.tr\/index.php\/2026\/05\/03\/baskan-cercioglu-cocuklari-ucurtma-senligi-ile-bulusturdu\/"},"modified":"2026-05-03T10:11:14","modified_gmt":"2026-05-03T10:11:14","slug":"baskan-cercioglu-cocuklari-ucurtma-senligi-ile-bulusturdu","status":"publish","type":"post","link":"https:\/\/akdenizolay.com.tr\/index.php\/2026\/05\/03\/baskan-cercioglu-cocuklari-ucurtma-senligi-ile-bulusturdu\/","title":{"rendered":"Ba\u015fkan \u00c7er\u00e7io\u011flu \u00e7ocuklar\u0131 U\u00e7urtma \u015eenli\u011fi ile bulu\u015fturdu"},"content":{"rendered":"<p> \u00c7er\u00e7io\u011flu, her ya\u015ftan vatanda\u015f\u0131 etkinlikler ile bulu\u015fturmay\u0131 s\u00fcrd\u00fcr\u00fcyor.<\/p>\n<p>Ayd\u0131n B\u00fcy\u00fck\u015fehir Belediyesi taraf\u0131ndan d\u00fczenlenen U\u00e7urtma \u015eenli\u011fi, \u00e7ocuklar ve aileleri i\u00e7in unutulmaz bir hafta sonu etkinli\u011fine d\u00f6n\u00fc\u015ft\u00fc. Yo\u011fun kat\u0131l\u0131m\u0131n oldu\u011fu \u015fenlikte \u00e7ocuklar u\u00e7urtmalar\u0131n\u0131 g\u00f6ky\u00fcz\u00fcnde y\u00fczd\u00fcr\u00fcrken renkli g\u00f6r\u00fcnt\u00fcler e\u015fli\u011finde doyas\u0131ya e\u011flendi.<\/p>\n<p>\u015eenlik i\u00e7in \u00f6zel olarak haz\u0131rlanan alanda B\u00fcy\u00fck\u015fehir Belediyesi taraf\u0131ndan y\u00fczlerce u\u00e7urtma \u00e7ocuklara \u00fccretsiz olarak da\u011f\u0131t\u0131ld\u0131. B\u00fcy\u00fck\u015fehir Belediyesi K\u00fclt\u00fcr Merkezleri e\u011fitmenlerinin rehberli\u011finde u\u00e7urtmalar g\u00f6ky\u00fcz\u00fcnde s\u00fcz\u00fcl\u00fcrken, etkinlik alan\u0131 \u00e7ocuklar\u0131n ne\u015fesiyle \u015fenlendi. Aileler ve \u00e7ocuklara \u00e7e\u015fitli ikramlarda da bulunuldu.<\/p>\n<p>Renkli g\u00f6r\u00fcnt\u00fclere sahne olan \u015fenlik, \u00e7ocuklar i\u00e7in unutulmaz bir an\u0131 oldu. Aileler, memnuniyetlerini dile getirerek Ayd\u0131n B\u00fcy\u00fck\u015fehir Belediye Ba\u015fkan\u0131 \u00d6zlem \u00c7er\u00e7io\u011flu\u2019na te\u015fekk\u00fcr etti.<\/p>\n<p>Kaynak: (BYZHA) Beyaz Haber Ajans\u0131<\/p>\n","protected":false},"excerpt":{"rendered":"<p>\u00c7er\u00e7io\u011flu, her ya\u015ftan vatanda\u015f\u0131 etkinlikler ile bulu\u015fturmay\u0131 s\u00fcrd\u00fcr\u00fcyor.<\/p>\n","protected":false},"author":1,"featured_media":14604,"comment_status":"open","ping_status":"open","sticky":false,"template":"","format":"standard","meta":{"footnotes":""},"categories":[24],"tags":[],"class_list":["post-14603","post","type-post","status-publish","format-standard","has-post-thumbnail","hentry","category-kultur-sanat"],"_links":{"self":[{"href":"https:\/\/akdenizolay.com.tr\/index.php\/wp-json\/wp\/v2\/posts\/14603","targetHints":{"allow":["GET"]}}],"collection":[{"href":"https:\/\/akdenizolay.com.tr\/index.php\/wp-json\/wp\/v2\/posts"}],"about":[{"href":"https:\/\/akdenizolay.com.tr\/index.php\/wp-json\/wp\/v2\/types\/post"}],"author":[{"embeddable":true,"href":"https:\/\/akdenizolay.com.tr\/index.php\/wp-json\/wp\/v2\/users\/1"}],"replies":[{"embeddable":true,"href":"https:\/\/akdenizolay.com.tr\/index.php\/wp-json\/wp\/v2\/comments?post=14603"}],"version-history":[{"count":1,"href":"https:\/\/akdenizolay.com.tr\/index.php\/wp-json\/wp\/v2\/posts\/14603\/revisions"}],"predecessor-version":[{"id":14605,"href":"https:\/\/akdenizolay.com.tr\/index.php\/wp-json\/wp\/v2\/posts\/14603\/revisions\/14605"}],"wp:featuredmedia":[{"embeddable":true,"href":"https:\/\/akdenizolay.com.tr\/index.php\/wp-json\/wp\/v2\/media\/14604"}],"wp:attachment":[{"href":"https:\/\/akdenizolay.com.tr\/index.php\/wp-json\/wp\/v2\/media?parent=14603"}],"wp:term":[{"taxonomy":"category","embeddable":true,"href":"https:\/\/akdenizolay.com.tr\/index.php\/wp-json\/wp\/v2\/categories?post=14603"},{"taxonomy":"post_tag","embeddable":true,"href":"https:\/\/akdenizolay.com.tr\/index.php\/wp-json\/wp\/v2\/tags?post=14603"}],"curies":[{"name":"wp","href":"https:\/\/api.w.org\/{rel}","templated":true}]}}