{"id":14621,"date":"2026-05-03T11:28:30","date_gmt":"2026-05-03T11:28:30","guid":{"rendered":"https:\/\/akdenizolay.com.tr\/index.php\/2026\/05\/03\/kartepe-tramvay-hattinda-ilk-istasyon-tamam\/"},"modified":"2026-05-03T11:28:31","modified_gmt":"2026-05-03T11:28:31","slug":"kartepe-tramvay-hattinda-ilk-istasyon-tamam","status":"publish","type":"post","link":"https:\/\/akdenizolay.com.tr\/index.php\/2026\/05\/03\/kartepe-tramvay-hattinda-ilk-istasyon-tamam\/","title":{"rendered":"Kartepe Tramvay Hatt\u0131\u2019nda ilk istasyon tamam"},"content":{"rendered":"<p> Kocaeli B\u00fcy\u00fck\u015fehir Belediyesi\u2019nin ula\u015f\u0131m yat\u0131r\u0131mlar\u0131 kapsam\u0131nda iki il\u00e7eyi birbirine ba\u011flayacak tramvay hatt\u0131nda \u00e7al\u0131\u015fmalar yo\u011fun tempoda devam ediyor. \u0130zmit Alikahya Stadyum \u0130stasyonu ile Kartepe hatt\u0131n\u0131n ilk dura\u011f\u0131 birbirine ba\u011fland\u0131.<\/p>\n<p><b>KARTEPE TRAMVAY HATTI\u2019NDA YO\u011eUN \u00c7ALI\u015eMA<\/b><\/p>\n<p>Ak\u00e7aray Tramvay Hatt\u0131\u2019n\u0131 Kartepe\u2019ye do\u011fru uzatan Kocaeli B\u00fcy\u00fck\u015fehir Belediyesi, proje kapsam\u0131ndaki \u00e7al\u0131\u015fmalar\u0131n\u0131 aral\u0131ks\u0131z olarak s\u00fcrd\u00fcr\u00fcyor. G\u00fcnl\u00fck 53 bin yolcu kapasitesiyle hizmet veren hatt\u0131n Kartepe etab\u0131nda ekipler yo\u011fun tempoyla g\u00f6rev yap\u0131yor. D\u00f6rt koldan ilerleyen \u00e7al\u0131\u015fmalar kapsam\u0131nda tramvay dura\u011f\u0131n\u0131n her iki ucunda ray d\u00f6\u015feme, altyap\u0131 ve \u00fcstyap\u0131 imalatlar\u0131 e\u015f zamanl\u0131 ger\u00e7ekle\u015ftiriliyor. Enerji hatlar\u0131, kataner direkleri ve istasyon d\u00fczenlemeleri planlanan takvim do\u011frultusunda ilerlerken, hatt\u0131n en k\u0131sa s\u00fcrede tamamlanarak hizmete al\u0131nmas\u0131 hedefleniyor.<\/p>\n<p><b>KATANER D\u0130REKLER\u0130 TAMAMLANIYOR<\/b><\/p>\n<p>Trafo in\u015faat\u0131n\u0131n t\u00fcm h\u0131z\u0131yla s\u00fcrd\u00fc\u011f\u00fc b\u00f6lgede \u015fu an d\u00f6\u015fenen raylar\u0131n \u00fczerine beton d\u00f6k\u00fcm i\u015flemleri devam ediyor. Duraklarda granit kaplama \u00e7al\u0131\u015fmalar\u0131 yap\u0131l\u0131rken, imalatlar\u0131n k\u0131sa s\u00fcre i\u00e7inde tamamlanmas\u0131yla \u0130zmit y\u00f6n\u00fcnde trafi\u011fe kapat\u0131lan yol, \u00f6n\u00fcm\u00fczdeki g\u00fcnlerde yeniden ula\u015f\u0131ma a\u00e7\u0131lacak. Kataner direklerinin k\u0131sa s\u00fcrede tamamlanmas\u0131 planlan\u0131rken, ard\u0131ndan enerji hatlar\u0131 d\u00f6\u015fenecek. Son a\u015famada ise \u00e7evre d\u00fczenlemesi yap\u0131larak istasyonlar kullan\u0131ma haz\u0131r hale getirilecek.<\/p>\n<p><b>KAPALI YOL, KONTROL ALTINDA<\/b><\/p>\n<p>\u00d6te yandan \u0130zmit ile Kartepe\u2019nin kesi\u015fim noktas\u0131ndaki kav\u015fakta yap\u0131lan \u00e7al\u0131\u015fmalar nedeniyle \u0130zmit y\u00f6n\u00fc ge\u00e7ici olarak trafi\u011fe kapat\u0131ld\u0131. Kocaeli B\u00fcy\u00fck\u015fehir Belediyesi ekipleri taraf\u0131ndan b\u00f6lgeye y\u00f6nlendirme ve bilgilendirme pankartlar\u0131 yerle\u015ftirilirken, Zab\u0131ta Dairesi Ba\u015fkanl\u0131\u011f\u0131\u2019na ba\u011fl\u0131 ekipler ise \u00f6zellikle sabah ve ak\u015fam saatlerinde trafik yo\u011funlu\u011funu azaltmak i\u00e7in sahada aktif g\u00f6rev al\u0131yor.<\/p>\n<p>Kaynak: (BYZHA) Beyaz Haber Ajans\u0131<\/p>\n","protected":false},"excerpt":{"rendered":"<p>Kocaeli B\u00fcy\u00fck\u015fehir Belediyesi\u2019nin ula\u015f\u0131m yat\u0131r\u0131mlar\u0131 kapsam\u0131nda iki il\u00e7eyi birbirine ba\u011flayacak tramvay hatt\u0131nda \u00e7al\u0131\u015fmalar yo\u011fun tempoda devam ediyor.<\/p>\n","protected":false},"author":1,"featured_media":14622,"comment_status":"open","ping_status":"open","sticky":false,"template":"","format":"standard","meta":{"footnotes":""},"categories":[20],"tags":[],"class_list":["post-14621","post","type-post","status-publish","format-standard","has-post-thumbnail","hentry","category-gundem"],"_links":{"self":[{"href":"https:\/\/akdenizolay.com.tr\/index.php\/wp-json\/wp\/v2\/posts\/14621","targetHints":{"allow":["GET"]}}],"collection":[{"href":"https:\/\/akdenizolay.com.tr\/index.php\/wp-json\/wp\/v2\/posts"}],"about":[{"href":"https:\/\/akdenizolay.com.tr\/index.php\/wp-json\/wp\/v2\/types\/post"}],"author":[{"embeddable":true,"href":"https:\/\/akdenizolay.com.tr\/index.php\/wp-json\/wp\/v2\/users\/1"}],"replies":[{"embeddable":true,"href":"https:\/\/akdenizolay.com.tr\/index.php\/wp-json\/wp\/v2\/comments?post=14621"}],"version-history":[{"count":1,"href":"https:\/\/akdenizolay.com.tr\/index.php\/wp-json\/wp\/v2\/posts\/14621\/revisions"}],"predecessor-version":[{"id":14623,"href":"https:\/\/akdenizolay.com.tr\/index.php\/wp-json\/wp\/v2\/posts\/14621\/revisions\/14623"}],"wp:featuredmedia":[{"embeddable":true,"href":"https:\/\/akdenizolay.com.tr\/index.php\/wp-json\/wp\/v2\/media\/14622"}],"wp:attachment":[{"href":"https:\/\/akdenizolay.com.tr\/index.php\/wp-json\/wp\/v2\/media?parent=14621"}],"wp:term":[{"taxonomy":"category","embeddable":true,"href":"https:\/\/akdenizolay.com.tr\/index.php\/wp-json\/wp\/v2\/categories?post=14621"},{"taxonomy":"post_tag","embeddable":true,"href":"https:\/\/akdenizolay.com.tr\/index.php\/wp-json\/wp\/v2\/tags?post=14621"}],"curies":[{"name":"wp","href":"https:\/\/api.w.org\/{rel}","templated":true}]}}