{"id":14639,"date":"2026-05-03T11:41:04","date_gmt":"2026-05-03T11:41:04","guid":{"rendered":"https:\/\/akdenizolay.com.tr\/index.php\/2026\/05\/03\/40-yillik-kardeslik-sarkilarla-kutlandi\/"},"modified":"2026-05-03T11:41:05","modified_gmt":"2026-05-03T11:41:05","slug":"40-yillik-kardeslik-sarkilarla-kutlandi","status":"publish","type":"post","link":"https:\/\/akdenizolay.com.tr\/index.php\/2026\/05\/03\/40-yillik-kardeslik-sarkilarla-kutlandi\/","title":{"rendered":"40 y\u0131ll\u0131k karde\u015flik \u015fark\u0131larla kutland\u0131"},"content":{"rendered":"<p> \u0130zmir ile Bak\u00fc aras\u0131ndaki karde\u015f kent ili\u015fkisinin 40. y\u0131l\u0131, K\u00fclt\u00fcrpark\u2019ta d\u00fczenlenen sergi ve d\u00fcnyaca \u00fcnl\u00fc mu\u011fam sanat\u00e7\u0131lar\u0131n\u0131n verdi\u011fi konserle kutland\u0131. \u0130zmir B\u00fcy\u00fck\u015fehir Belediye Ba\u015fkan\u0131 Dr. Cemil Tugay, e\u015fi \u00d6znur Tugay ve Azerbaycan Cumhuriyeti \u0130stanbul Ba\u015fkonsolosu Narmina Mustafayeva ile birlikte konseri izledi. Tugay, \u201cK\u00fclt\u00fcrde, sanatta, ekonomide, turizmde ve gen\u00e7lerimiz aras\u0131nda bu karde\u015fli\u011fi daha da b\u00fcy\u00fctmek i\u00e7in \u00e7al\u0131\u015fmaya devam edece\u011fiz\u201d dedi.<\/p>\n<p>\u0130zmir B\u00fcy\u00fck\u015fehir Belediyesi ile Azerbaycan Cumhuriyeti \u0130stanbul Ba\u015fkonsoloslu\u011fu i\u015f birli\u011fiyle, \u0130zmir ile Bak\u00fc\u2019n\u00fcn karde\u015f kent olarak kabul edilmesinin 40. y\u0131l\u0131 K\u00fclt\u00fcrpark\u2019ta kutland\u0131. \u0130zmir B\u00fcy\u00fck\u015fehir Belediye Ba\u015fkan\u0131 Dr. Cemil Tugay, e\u015fi \u00d6znur Tugay ve Azerbaycan Cumhuriyeti \u0130stanbul Ba\u015fkonsolosu Narmina Mustafayeva ile birlikte, kutlamalar kapsam\u0131nda Pakistan Pavyonu\u2019nda d\u00fczenlenen sergiyi ziyaret etti. Sergide, \u0130zmir ve Bak\u00fc\u2019n\u00fcn \u015fehir manzaralar\u0131n\u0131 yans\u0131tan foto\u011fraflar\u0131n yan\u0131 s\u0131ra 1986 y\u0131l\u0131nda imzalanan karde\u015f kent protokol\u00fc de yer ald\u0131. Sergi ziyaretinin ard\u0131ndan K\u00fclt\u00fcrpark A\u00e7\u0131khava Tiyatrosu\u2019nda \u201cKarde\u015flik Na\u011fmeleri\u201d konseri d\u00fczenlendi. D\u00fcnyaca \u00fcnl\u00fc mu\u011fam sanat\u00e7\u0131lar\u0131 Alim Gas\u0131mov ve k\u0131z\u0131 Fargana Gas\u0131mova\u2019n\u0131n sahne ald\u0131\u011f\u0131 konser, izleyiciler taraf\u0131ndan ayakta alk\u0131\u015fland\u0131; gece boyunca T\u00fcrkiye ve Azerbaycan ezgileri yank\u0131land\u0131. Ba\u015fkan Tugay, konseri e\u015fi \u00d6znur Tugay ve Narmina Mustafayeva ile birlikte izledi, program sonunda sanat\u00e7\u0131lara plaket takdim etti. Konsere kat\u0131lan Azerbaycanl\u0131 sanatseverler de Ba\u015fkan Tugay ile hat\u0131ra foto\u011fraf\u0131 \u00e7ektirdi. Konseri izleyenler aras\u0131nda\u00a0 Kazakistan Cumhuriyeti \u0130zmir Ba\u015fkonsolosu Bauyrzhan Akatayev, Petkim Genel M\u00fcd\u00fcr\u00fc Kanan Mirzayev de yer ald\u0131.\u00a0<\/p>\n<p><strong>\u201c\u0130zmir&#8217;de daha \u00e7ok Azerbaycanl\u0131 g\u00f6rmek istiyoruz\u201d<\/strong><\/p>\n<p>Sergi alan\u0131nda bas\u0131n mensuplar\u0131na \u0130zmir ile Bak\u00fc karde\u015fli\u011fi \u00fczerine a\u00e7\u0131klamada bulunan \u0130zmir B\u00fcy\u00fck\u015fehir Belediye Ba\u015fkan\u0131 Dr. Cemil Tugay, \u201cAzerbaycan ve T\u00fcrkiye, kendini iki ayr\u0131 devlet ama tek millet olarak hisseden insanlar\u0131n \u00fclkeleri. Bu nedenle biz de iki kenti y\u00fcrekten karde\u015f olarak g\u00f6r\u00fcyoruz. Bak\u00fc ile \u0130zmir aras\u0131nda 1986 y\u0131l\u0131nda imzalanan karde\u015flik anla\u015fmas\u0131yla ba\u015flayan bu ili\u015fki, y\u0131llar i\u00e7inde g\u00fc\u00e7lendi. Ge\u00e7en s\u00fcre i\u00e7inde her iki \u015fehir de de\u011fi\u015fti ve geli\u015fti, ancak birbirimize duydu\u011fumuz sevgi ve sayg\u0131 azalmad\u0131, aksine artt\u0131.\u201d dedi. Tugay, kar\u015f\u0131l\u0131kl\u0131 ziyaretlerin ve i\u015f birliklerinin art\u0131r\u0131lmas\u0131 gerekti\u011fini vurgulayarak, \u201c\u0130zmir ile Bak\u00fc\u2019n\u00fcn birbirini daha yak\u0131ndan tan\u0131mas\u0131n\u0131, daha fazla ziyaret ve ortak projeyle ili\u015fkilerin g\u00fc\u00e7lenmesini istiyoruz. \u0130zmir\u2019de daha \u00e7ok Azerbaycanl\u0131 g\u00f6rmek, \u0130zmirlileri de Azerbaycan\u2019a daha fazla gitmeye te\u015fvik etmek istiyoruz. Sosyal, k\u00fclt\u00fcrel ve ticari ili\u015fkilerin geli\u015fmesinin herkese fayda sa\u011flayaca\u011f\u0131na inan\u0131yoruz.\u201d ifadelerini kulland\u0131.<\/p>\n<p><strong>\u201cBu ba\u011f\u0131n temelleri Milli M\u00fccadele y\u0131llar\u0131na dayan\u0131r\u201d<\/strong><\/p>\n<p>Konser alan\u0131ndaki konu\u015fmas\u0131nda \u0130zmir ile Bak\u00fc\u2019n\u00fcn iki kadim kent oldu\u011funu vurgulayan Ba\u015fkan Tugay, \u201c\u0130ki karde\u015f halk\u0131n 40 y\u0131ll\u0131k yol arkada\u015fl\u0131\u011f\u0131 i\u00e7in bir araday\u0131z. 1986\u2019da imzalanan karde\u015f \u015fehir protokol\u00fc, yaln\u0131zca bir imza de\u011fil; ortak tarihimizin, k\u00fclt\u00fcr\u00fcm\u00fcz\u00fcn ve g\u00f6n\u00fcl ba\u011f\u0131m\u0131z\u0131n ifadesidir. Bu ba\u011f\u0131n temelleri 1985\u2019teki ilk resmi ad\u0131mlardan da \u00f6teye uzan\u0131r; k\u00f6kleri Milli M\u00fccadele y\u0131llar\u0131na dayan\u0131r\u201d dedi. Tugay, \u0130zmir\u2019in i\u015fgalden kurtulu\u015fu d\u00f6neminde Bak\u00fc\u2019de yap\u0131lan dualar\u0131 ve Anadolu\u2019ya verilen deste\u011fi hat\u0131rlatarak, \u201c1920\u2019lerdeki dayan\u0131\u015fma ruhu bug\u00fcn h\u00e2l\u00e2 \u0130zmir\u2019de ve Bak\u00fc\u2019de ya\u015famaya devam ediyor. Bu ili\u015fki 40 y\u0131lla s\u0131n\u0131rl\u0131 de\u011fil; ayn\u0131 dilin, duygunun ve kaderin i\u00e7inde b\u00fcy\u00fcyen k\u00f6kl\u00fc bir ba\u011fd\u0131r\u201d \u015feklinde konu\u015ftu.\u00a0<\/p>\n<p><strong>\u201cKarde\u015fli\u011fi b\u00fcy\u00fctmek i\u00e7in \u00e7al\u0131\u015fmaya devam edece\u011fiz\u201d<\/strong><\/p>\n<p>Karde\u015fli\u011fin yaln\u0131zca sembolik bir protokol olmad\u0131\u011f\u0131n\u0131, somut bir i\u015f birli\u011fine d\u00f6n\u00fc\u015ft\u00fc\u011f\u00fcn\u00fc vurgulayan Ba\u015fkan Tugay,\u00a0 konu\u015fmas\u0131n\u0131 \u015f\u00f6yle tamamlad\u0131:<\/p>\n<p>\u201cAlia\u011fa\u2019da yer alan ve T\u00fcrkiye\u2019nin en b\u00fcy\u00fck d\u0131\u015f yat\u0131r\u0131m projelerinden biri olan STAR Rafinerisi ve Petkim, bu karde\u015fli\u011fin \u0130zmir\u2019e yans\u0131yan \u00f6nemli bir g\u00f6stergesidir. Bak\u00fc\u2019den gelen enerji, \u0130zmir \u00fczerinden d\u00fcnyaya ula\u015f\u0131rken, bu ekonomik k\u00f6pr\u00fc binlerce ki\u015fiye istihdam sa\u011flamaktad\u0131r. Limanlar\u0131m\u0131z aras\u0131ndaki ticaret hacmi de her ge\u00e7en g\u00fcn artarak iki kentin refah\u0131n\u0131 birlikte y\u00fckseltmektedir. Dijitalle\u015fen d\u00fcnyada \u0130zmir\u2019in bili\u015fim ve teknoloji vizyonu ile Bak\u00fc\u2019n\u00fcn geli\u015fen inovasyon ekosistemini birle\u015ftirmek \u00f6nceliklerimiz aras\u0131nda. \u00dcniversiteler aras\u0131 \u00f6\u011frenci de\u011fi\u015fimleri ve ortak teknoloji projeleriyle 40 y\u0131l \u00f6nce ba\u015flayan s\u00fcreci, yeni ku\u015faklar\u0131n katk\u0131s\u0131yla gelece\u011fe ta\u015f\u0131yaca\u011f\u0131z. T\u00fcrkiye ve Azerbaycan\u2019\u0131n birlikte daha da y\u00fckselece\u011fine inan\u0131yoruz. El ele, kol kola ve omuz omuza vererek iki \u00fclke, iki millet ve iki \u015fehir olarak hak etti\u011fi yere birlikte ula\u015fmal\u0131y\u0131z. Bu ba\u011f\u0131 ge\u00e7mi\u015fin hat\u0131ras\u0131 de\u011fil, gelece\u011fin g\u00fc\u00e7l\u00fc bir ortakl\u0131\u011f\u0131 olarak g\u00f6r\u00fcyoruz. K\u00fclt\u00fcrden sanata, ekonomiden turizme ve gen\u00e7ler aras\u0131nda bu karde\u015fli\u011fi b\u00fcy\u00fctmek i\u00e7in \u00e7al\u0131\u015fmaya devam edece\u011fiz.\u201d\u00a0<\/p>\n<p><strong>\u201cKalplerimiz birse mesafe sadece haritada kal\u0131r\u201d<\/strong><\/p>\n<p>Azerbaycan Cumhuriyeti \u0130stanbul Ba\u015fkonsolosu Narmina Mustafayeva, konu\u015fmas\u0131nda iki \u00fclke aras\u0131ndaki dostlu\u011fun 40 y\u0131ll\u0131k bir g\u00f6n\u00fcl ba\u011f\u0131 oldu\u011funu belirterek, \u201cBug\u00fcn y\u0131llara meydan okuyan dostlu\u011fumuzu ve karde\u015fli\u011fimizi kutluyoruz. Bu 40 y\u0131l; insan sevgisinin, eme\u011fin ve ortak haf\u0131zan\u0131n ifadesidir. 1986\u2019daki protokol, yaln\u0131zca iki \u015fehir aras\u0131nda bir imza de\u011fil, Hazar\u2019dan Ege\u2019ye uzanan g\u00f6n\u00fcl k\u00f6pr\u00fcs\u00fcd\u00fcr.\u201d dedi. Mustafayeva, zaman i\u00e7inde hem Bak\u00fc\u2019n\u00fcn hem de \u0130zmir\u2019in geli\u015fti\u011fini ancak aradaki s\u0131cakl\u0131k ve samimiyetin de\u011fi\u015fmedi\u011fini vurgulayarak, \u201cDostlu\u011fumuz s\u0131n\u0131rs\u0131zd\u0131r ve mesafelerle \u00f6l\u00e7\u00fclemez. Kalplerimiz birse mesafe yaln\u0131zca haritada kal\u0131r. \u015eehirleri as\u0131l y\u00fccelten insanlard\u0131r. Dile\u011fimiz, bu dostlu\u011fun gen\u00e7 nesillerin kalplerinde b\u00fcy\u00fcyerek devam etmesidir. \u015eehirlerimizin birbirine ilham vermesini, insanlar\u0131m\u0131z\u0131n birbirine omuz olmas\u0131n\u0131 diliyorum\u201d ifadelerini kulland\u0131.<\/p>\n<p>Kaynak: (BYZHA) Beyaz Haber Ajans\u0131<\/p>\n","protected":false},"excerpt":{"rendered":"<p>\u0130zmir ile Bak\u00fc aras\u0131ndaki karde\u015f kent ili\u015fkisinin 40.<\/p>\n","protected":false},"author":1,"featured_media":14640,"comment_status":"open","ping_status":"open","sticky":false,"template":"","format":"standard","meta":{"footnotes":""},"categories":[24],"tags":[],"class_list":["post-14639","post","type-post","status-publish","format-standard","has-post-thumbnail","hentry","category-kultur-sanat"],"_links":{"self":[{"href":"https:\/\/akdenizolay.com.tr\/index.php\/wp-json\/wp\/v2\/posts\/14639","targetHints":{"allow":["GET"]}}],"collection":[{"href":"https:\/\/akdenizolay.com.tr\/index.php\/wp-json\/wp\/v2\/posts"}],"about":[{"href":"https:\/\/akdenizolay.com.tr\/index.php\/wp-json\/wp\/v2\/types\/post"}],"author":[{"embeddable":true,"href":"https:\/\/akdenizolay.com.tr\/index.php\/wp-json\/wp\/v2\/users\/1"}],"replies":[{"embeddable":true,"href":"https:\/\/akdenizolay.com.tr\/index.php\/wp-json\/wp\/v2\/comments?post=14639"}],"version-history":[{"count":1,"href":"https:\/\/akdenizolay.com.tr\/index.php\/wp-json\/wp\/v2\/posts\/14639\/revisions"}],"predecessor-version":[{"id":14641,"href":"https:\/\/akdenizolay.com.tr\/index.php\/wp-json\/wp\/v2\/posts\/14639\/revisions\/14641"}],"wp:featuredmedia":[{"embeddable":true,"href":"https:\/\/akdenizolay.com.tr\/index.php\/wp-json\/wp\/v2\/media\/14640"}],"wp:attachment":[{"href":"https:\/\/akdenizolay.com.tr\/index.php\/wp-json\/wp\/v2\/media?parent=14639"}],"wp:term":[{"taxonomy":"category","embeddable":true,"href":"https:\/\/akdenizolay.com.tr\/index.php\/wp-json\/wp\/v2\/categories?post=14639"},{"taxonomy":"post_tag","embeddable":true,"href":"https:\/\/akdenizolay.com.tr\/index.php\/wp-json\/wp\/v2\/tags?post=14639"}],"curies":[{"name":"wp","href":"https:\/\/api.w.org\/{rel}","templated":true}]}}