{"id":14642,"date":"2026-05-03T11:41:05","date_gmt":"2026-05-03T11:41:05","guid":{"rendered":"https:\/\/akdenizolay.com.tr\/index.php\/2026\/05\/03\/karsiyakada-hidirellez-bulusmasi-5-mayista-senlik-var\/"},"modified":"2026-05-03T11:41:06","modified_gmt":"2026-05-03T11:41:06","slug":"karsiyakada-hidirellez-bulusmasi-5-mayista-senlik-var","status":"publish","type":"post","link":"https:\/\/akdenizolay.com.tr\/index.php\/2026\/05\/03\/karsiyakada-hidirellez-bulusmasi-5-mayista-senlik-var\/","title":{"rendered":"Kar\u015f\u0131yaka\u2019da H\u0131d\u0131rellez bulu\u015fmas\u0131: 5 May\u0131s\u2019ta \u015fenlik var!"},"content":{"rendered":"<p> <b>Kar\u015f\u0131yaka Belediyesi, bahar\u0131n m\u00fcjdecisi H\u0131d\u0131rellez\u2019i Ahmet Taner K\u0131\u015flal\u0131 Rekreasyon Alan\u0131\u2019nda d\u00fczenlenecek renkli bir \u015fenlikle kutlamaya haz\u0131rlan\u0131yor. 5 May\u0131s Sal\u0131 ak\u015fam\u0131 ger\u00e7ekle\u015fecek \u015fenlikte konserler e\u015fli\u011finde e\u011flence dolu bir ak\u015fam ya\u015fanacak. Ba\u015fkan Y\u0131ld\u0131z \u00dcnsal \u201cDo\u011fan\u0131n uyan\u0131\u015f\u0131n\u0131 hep birlikte kutlamak ve umutlar\u0131m\u0131z\u0131 tazelemek i\u00e7in t\u00fcm Kar\u015f\u0131yakal\u0131lar\u0131 \u015fenli\u011fimize bekliyoruz\u201d dedi.<\/b><\/p>\n<p dir=\"auto\">Kar\u015f\u0131yaka Belediyesi\u2019nin geleneksel hale getirdi\u011fi H\u0131d\u0131rellez \u015eenli\u011fi, 5 May\u0131s Sal\u0131 ak\u015fam\u0131 Atakent Gondol Kafe\u2019nin arkas\u0131ndaki Ahmet Taner K\u0131\u015flal\u0131 Rekreasyon Alan\u0131\u2019nda ger\u00e7ekle\u015ftirilecek.\u00a0Saat 18.30\u2019da\u00a0ba\u015flayacak \u015fenli\u011fin a\u00e7\u0131l\u0131\u015f\u0131nda\u00a0 DJ Cem, Kar\u015f\u0131yakal\u0131larla bulu\u015facak. Hareketli ritimlerle enerjinin y\u00fckselece\u011fi ilk saatin ard\u0131ndan, saat 20.00\u2019de Kar\u015f\u0131yaka Belediye Orkestras\u0131 ve Mutlu Dindar sahne alarak kat\u0131l\u0131mc\u0131lara keyifli bir m\u00fczik ziyafeti sunacak. Saat 21.00 itibar\u0131yla The Gaffers, sevilen \u015fark\u0131lar\u0131yla co\u015fkuyu zirveye ta\u015f\u0131yacak.<\/p>\n<p><b>\u201cUMUTLARI CO\u015eKUYLA B\u00dcY\u00dcTECE\u011e\u0130Z\u201d<\/b><\/p>\n<p>Kar\u015f\u0131yaka Belediye Ba\u015fkan\u0131 Y\u0131ld\u0131z \u00dcnsal, \u201cBahar\u0131n geli\u015fini simgeleyen H\u0131d\u0131rellez\u2019i bu y\u0131l da kentimizin kalbinde, m\u00fczik ve dayan\u0131\u015fma dolu bir atmosferde hep birlikte kutlayaca\u011f\u0131z. Y\u00fczy\u0131llard\u0131r ya\u015fat\u0131lan bu anlaml\u0131 gelene\u011fin etraf\u0131nda bulu\u015farak birlik ve beraberlik duygumuzu daha da g\u00fc\u00e7lendirecek, umutlar\u0131m\u0131z\u0131 Kar\u015f\u0131yaka\u2019n\u0131n co\u015fkusuyla b\u00fcy\u00fctece\u011fiz. T\u00fcm vatanda\u015flar\u0131m\u0131z\u0131 bu g\u00fczel ak\u015famda bir araya gelmeye, bahar\u0131n co\u015fkusunu birlikte ya\u015famaya davet ediyorum\u201d diye konu\u015ftu.\u00a0<\/p>\n<p>Kaynak: (BYZHA) Beyaz Haber Ajans\u0131<\/p>\n","protected":false},"excerpt":{"rendered":"<p>Kar\u015f\u0131yaka Belediyesi, bahar\u0131n m\u00fcjdecisi H\u0131d\u0131rellez\u2019i Ahmet Taner K\u0131\u015flal\u0131 Rekreasyon Alan\u0131\u2019nda d\u00fczenlenecek renkli bir \u015fenlikle kutlamaya haz\u0131rlan\u0131yor.<\/p>\n","protected":false},"author":1,"featured_media":14643,"comment_status":"open","ping_status":"open","sticky":false,"template":"","format":"standard","meta":{"footnotes":""},"categories":[24],"tags":[],"class_list":["post-14642","post","type-post","status-publish","format-standard","has-post-thumbnail","hentry","category-kultur-sanat"],"_links":{"self":[{"href":"https:\/\/akdenizolay.com.tr\/index.php\/wp-json\/wp\/v2\/posts\/14642","targetHints":{"allow":["GET"]}}],"collection":[{"href":"https:\/\/akdenizolay.com.tr\/index.php\/wp-json\/wp\/v2\/posts"}],"about":[{"href":"https:\/\/akdenizolay.com.tr\/index.php\/wp-json\/wp\/v2\/types\/post"}],"author":[{"embeddable":true,"href":"https:\/\/akdenizolay.com.tr\/index.php\/wp-json\/wp\/v2\/users\/1"}],"replies":[{"embeddable":true,"href":"https:\/\/akdenizolay.com.tr\/index.php\/wp-json\/wp\/v2\/comments?post=14642"}],"version-history":[{"count":1,"href":"https:\/\/akdenizolay.com.tr\/index.php\/wp-json\/wp\/v2\/posts\/14642\/revisions"}],"predecessor-version":[{"id":14644,"href":"https:\/\/akdenizolay.com.tr\/index.php\/wp-json\/wp\/v2\/posts\/14642\/revisions\/14644"}],"wp:featuredmedia":[{"embeddable":true,"href":"https:\/\/akdenizolay.com.tr\/index.php\/wp-json\/wp\/v2\/media\/14643"}],"wp:attachment":[{"href":"https:\/\/akdenizolay.com.tr\/index.php\/wp-json\/wp\/v2\/media?parent=14642"}],"wp:term":[{"taxonomy":"category","embeddable":true,"href":"https:\/\/akdenizolay.com.tr\/index.php\/wp-json\/wp\/v2\/categories?post=14642"},{"taxonomy":"post_tag","embeddable":true,"href":"https:\/\/akdenizolay.com.tr\/index.php\/wp-json\/wp\/v2\/tags?post=14642"}],"curies":[{"name":"wp","href":"https:\/\/api.w.org\/{rel}","templated":true}]}}