{"id":14657,"date":"2026-05-03T11:48:54","date_gmt":"2026-05-03T11:48:54","guid":{"rendered":"https:\/\/akdenizolay.com.tr\/index.php\/2026\/05\/03\/sekersiz-gazozun-adresi-camliya-yeni-destek\/"},"modified":"2026-05-03T11:48:55","modified_gmt":"2026-05-03T11:48:55","slug":"sekersiz-gazozun-adresi-camliya-yeni-destek","status":"publish","type":"post","link":"https:\/\/akdenizolay.com.tr\/index.php\/2026\/05\/03\/sekersiz-gazozun-adresi-camliya-yeni-destek\/","title":{"rendered":"\u015eekersiz gazozun adresi \u00c7aml\u0131\u2019ya yeni destek"},"content":{"rendered":"<p> \u0130zmir B\u00fcy\u00fck\u015fehir Belediyesi\u2019nin deste\u011fiyle T\u00fcrkiye\u2019nin ilk \u015fekersiz stevia (\u015feker otu) gazozunu \u00fcreten \u00c7aml\u0131l\u0131 \u00fcreticiler, talep ettikleri kurutma makinesine kavu\u015ftu. B\u00fcy\u00fck \u00e7o\u011funlu\u011fu kad\u0131nlardan olu\u015fan kooperatifin \u00fcretti\u011fi stevia, istiridye mantar\u0131 ve domates gibi \u00fcr\u00fcnlerin raf \u00f6mr\u00fcn\u00fc uzat\u0131p katma de\u011ferini art\u0131racak makine teslim edildi. Destekle birlikte \u00fcreticiler, k\u00f6ylerinde \u00fcretmeye devam edebildiklerini vurgulad\u0131.<\/p>\n<p>\u0130zmir B\u00fcy\u00fck\u015fehir Belediye Ba\u015fkan\u0131 Cemil Tugay\u2019\u0131n k\u0131rsal kalk\u0131nma hamlesi ve \u00fcretici odakl\u0131 destek politikalar\u0131, \u0130zmirli \u00e7ift\u00e7iye nefes ald\u0131rd\u0131. K\u0131rsalda gelir \u00e7e\u015fitlili\u011fini art\u0131rmak ve kad\u0131n \u00fcreticileri g\u00fc\u00e7lendirmek amac\u0131yla \u00e7al\u0131\u015fmalar\u0131n\u0131 s\u00fcrd\u00fcren \u0130zmir B\u00fcy\u00fck\u015fehir Belediyesi, daha \u00f6nce sa\u011flad\u0131\u011f\u0131 stevia (\u015feker otu) fidesi deste\u011fiyle T\u00fcrkiye\u2019de ilk kez \u015feker ilavesiz stevia gazozu \u00fcretiminin \u00f6n\u00fcn\u00fc a\u00e7t\u0131\u011f\u0131 G\u00fczelbah\u00e7e \u00c7aml\u0131 \u00dcretim ve Pazarlama Kooperatifi\u2019ne bu kez katma de\u011feri art\u0131racak sebze ve meyve kurutma makinesi deste\u011fi sa\u011flad\u0131. \u00dcyelerinin d\u00f6rtte \u00fc\u00e7\u00fc kad\u0131nlardan olu\u015fan kooperatifin, Ba\u015fkan Tugay\u2019a iletti\u011fi talep do\u011frultusunda yap\u0131lan saha \u00e7al\u0131\u015fmalar\u0131 ve ihtiya\u00e7 analizlerinin ard\u0131ndan 80 tepsili kurutma makinesi temin edildi. \u00dcr\u00fcnlerin de\u011ferini art\u0131racak bu destek, \u00f6zellikle kad\u0131n \u00fcreticiler olmak \u00fczere kooperatif \u00fcyeleri aras\u0131nda memnuniyetle kar\u015f\u0131land\u0131.<\/p>\n<p><strong>\u201cKooperatiflerimizin yan\u0131nda olmaya devam edece\u011fiz\u201d<\/strong><\/p>\n<p>\u0130zmir B\u00fcy\u00fck\u015fehir Belediyesi Tar\u0131msal Hizmetler Dairesi Ba\u015fkanl\u0131\u011f\u0131\u2019nda g\u00f6revli ziraat m\u00fchendisi Hilal Balc\u0131o\u011flu, kooperatife sa\u011flanan destek s\u00fcrecini \u015f\u00f6yle anlatt\u0131: \u201cTar\u0131msal Hizmetler Dairesi Ba\u015fkanl\u0131\u011f\u0131 olarak 2025 y\u0131l\u0131nda kooperatifimize 15 bin stevia fidesi vermi\u015ftik. \u00dcreticiler bu fideleri yeti\u015ftirip kurutarak gazoz \u00fcretiminde kulland\u0131 ve kuru \u00fcr\u00fcn olarak da sat\u0131\u015fa sundu. Ge\u00e7ti\u011fimiz ay Ba\u015fkan Dr. Cemil Tugay\u2019\u0131n kat\u0131ld\u0131\u011f\u0131 kooperatif toplant\u0131s\u0131nda kurutma makinesi talebinde bulundular. Ama\u00e7lar\u0131, \u00fcr\u00fcnlerini kurutarak katma de\u011ferini art\u0131rmak ve pazara daha g\u00fc\u00e7l\u00fc \u015fekilde sunmakt\u0131. Bu talep kar\u015f\u0131l\u0131k buldu ve makine teslim edildi. \u00c7ift\u00e7ilerimiz istiridye mantar\u0131, domates, tarhana ve sal\u00e7a gibi \u00fcr\u00fcnler \u00fcretiyor. Sat\u0131lamayan \u00fcr\u00fcnler bu makine sayesinde kurutularak daha uzun s\u00fcre de\u011ferlendirilebilecek. Daha \u00f6nce stevia bitkisini kendi imkanlar\u0131yla kurutuyorlard\u0131, \u015fimdi ise daha kontroll\u00fc ve hijyenik ko\u015fullarda \u00fcretim yapabilecekler. Kooperatifin 57 orta\u011f\u0131n\u0131n 40\u2019\u0131 kad\u0131nlardan olu\u015fturuyor. Kad\u0131n \u00fcreticilerimiz dayan\u0131\u015fma i\u00e7inde hareket ediyor. Biz de \u0130zmir B\u00fcy\u00fck\u015fehir Belediyesi olarak ba\u015fkan\u0131m\u0131z\u0131n \u00f6nc\u00fcl\u00fc\u011f\u00fcnde kooperatiflerimizin yan\u0131nda olmaya devam edece\u011fiz.\u201d<\/p>\n<p><strong>\u201cRaf \u00f6mr\u00fcn\u00fc uzatacak\u201d<\/strong><\/p>\n<p>\u00c7aml\u0131 Kooperatifi kurucu \u00fcyelerinden ve g\u0131da m\u00fchendisi I\u015f\u0131k \u015eahbaz, \u201c\u0130zmir B\u00fcy\u00fck\u015fehir Belediyesi ile yapt\u0131\u011f\u0131m\u0131z kooperatif toplant\u0131s\u0131nda \u00fcr\u00fcnlerimize nas\u0131l katma de\u011fer kazand\u0131rabilece\u011fimizi \u00f6\u011frendik ve Cemil Ba\u015fkan\u0131m\u0131zdan rica ettik. Kendisine te\u015fekk\u00fcr ediyoruz. Bu toplant\u0131lar\u0131n devam\u0131n\u0131 diliyorum. \u015eu an d\u00f6rt kabinli bir kurutma makinemiz var. Bu kabin bizim \u00fcr\u00fcnlerimize katma de\u011fer kazand\u0131rd\u0131\u011f\u0131 gibi raf \u00f6mr\u00fcn\u00fc de uzatacak. \u00c7ok daha hijyenik \u00fcr\u00fcnler elde edece\u011fiz. Bundan \u00f6nce tamamen ev ko\u015fullar\u0131nda kurutma yap\u0131l\u0131yordu. Baz\u0131lar\u0131 g\u00fcne\u015fte, baz\u0131lar\u0131 g\u00f6lgede kurutuyordu. Standart bir \u00fcr\u00fcn elde edemiyorduk. \u015eimdi istedi\u011fimiz \u015fekilde tek tip standart \u00fcr\u00fcn \u00fcretme \u015fans\u0131m\u0131z olacak\u201d ifadelerini kulland\u0131.\u00a0<\/p>\n<p><strong>\u201cBizim i\u00e7in de gurur\u201d\u00a0<\/strong><\/p>\n<p>Kooperatif \u00fcyesi Sine K\u00f6se, deste\u011fin \u00fcr\u00fcn \u00e7e\u015fitlili\u011fini art\u0131raca\u011f\u0131n\u0131 ve uzun vadeli de\u011ferlendirme imk\u00e2n\u0131 sa\u011flayaca\u011f\u0131n\u0131 ifade ederek, \u201c\u00c7ok te\u015fekk\u00fcr ediyoruz. Bu destekler \u00f6ncelikle k\u00f6yde ya\u015famaya devam etmek i\u00e7in insanlara f\u0131rsat yarat\u0131yor. Bence en \u00f6nemli aya\u011f\u0131 bu. \u00c7\u00fcnk\u00fc burada kalmaya devam etmek demek, topra\u011f\u0131m\u0131z\u0131 i\u015flemek demek. Topra\u011f\u0131m\u0131z\u0131 i\u015flemek demek, burada kalabilmek demek. Stevia zaten d\u00fcnyada \u00e7ok kullan\u0131lan bir \u00fcr\u00fcn. Bu \u00fcr\u00fcne katma de\u011fer katmak, gazoz olarak \u00fcretmek bizim i\u00e7in de b\u00fcy\u00fck gurur\u201d diye konu\u015ftu.\u00a0<\/p>\n<p><strong>\u201cMarka olu\u015fturmaya ba\u015flad\u0131k\u201d<\/strong><\/p>\n<p>Kooperatif \u00fcyelerinden Ay\u015fe \u00d6zgen de kurutma makinesinin hijyen ve kalite a\u00e7\u0131s\u0131ndan \u00f6nemli katk\u0131 sa\u011flayaca\u011f\u0131n\u0131 belirterek, \u201c\u00c7ok g\u00fczel bir \u00e7al\u0131\u015fma yap\u0131yoruz ve \u0130zmir B\u00fcy\u00fck\u015fehir Belediye Ba\u015fkan\u0131m\u0131z destekliyor. Bu kurutma makinesi, mantarlar\u0131m\u0131z, kekiklerimiz, k\u00f6y\u00fcm\u00fczde yap\u0131lan tarhanam\u0131z i\u00e7in \u00e7ok \u00f6nemli. Bir marka olu\u015fturmaya ba\u015flad\u0131k. Biz kad\u0131nlar, \u00f6n\u00fcm\u00fcz a\u00e7\u0131ld\u0131\u011f\u0131nda \u00e7ok g\u00fczel i\u015fler ba\u015far\u0131r\u0131z\u201d ifadelerini kulland\u0131.<\/p>\n<p><strong>\u201cB\u00fcy\u00fck\u015fehir tam destek veriyor\u201d<\/strong><\/p>\n<p>\u0130zmir B\u00fcy\u00fck\u015fehir Belediyesi\u2019nin sa\u011flad\u0131\u011f\u0131 desteklerin \u00c7aml\u0131 halk\u0131n\u0131n hayat\u0131na dokundu\u011funu s\u00f6yleyen \u00c7aml\u0131 Mahallesi Muhtar\u0131 Ebru G\u00fcnay K\u00f6se ise \u201c\u0130zmir B\u00fcy\u00fck\u015fehir Belediyesi bize tam destek vermeye \u00e7al\u0131\u015f\u0131yor, sa\u011f olsun. Kooperatifimiz ve Tar\u0131msal Hizmetler Dairesi Ba\u015fkanl\u0131\u011f\u0131 \u00e7ok iyi \u00e7al\u0131\u015f\u0131yor. Bunu g\u00f6rmekten \u00e7ok mutluyuz, \u00e7ok te\u015fekk\u00fcr ediyoruz. Kooperatifin geli\u015fmesiyle birlikte kad\u0131nlar\u0131n istihdam\u0131 daha kolay oldu. Herkese destekleri i\u00e7in te\u015fekk\u00fcr ederiz\u201d dedi.<\/p>\n<p>Kaynak: (BYZHA) Beyaz Haber Ajans\u0131<\/p>\n","protected":false},"excerpt":{"rendered":"<p>\u0130zmir B\u00fcy\u00fck\u015fehir Belediyesi\u2019nin deste\u011fiyle T\u00fcrkiye\u2019nin ilk \u015fekersiz stevia (\u015feker otu) gazozunu \u00fcreten \u00c7aml\u0131l\u0131 \u00fcreticiler, talep ettikleri kurutma makinesine kavu\u015ftu.<\/p>\n","protected":false},"author":1,"featured_media":14658,"comment_status":"open","ping_status":"open","sticky":false,"template":"","format":"standard","meta":{"footnotes":""},"categories":[21],"tags":[],"class_list":["post-14657","post","type-post","status-publish","format-standard","has-post-thumbnail","hentry","category-ekonomi"],"_links":{"self":[{"href":"https:\/\/akdenizolay.com.tr\/index.php\/wp-json\/wp\/v2\/posts\/14657","targetHints":{"allow":["GET"]}}],"collection":[{"href":"https:\/\/akdenizolay.com.tr\/index.php\/wp-json\/wp\/v2\/posts"}],"about":[{"href":"https:\/\/akdenizolay.com.tr\/index.php\/wp-json\/wp\/v2\/types\/post"}],"author":[{"embeddable":true,"href":"https:\/\/akdenizolay.com.tr\/index.php\/wp-json\/wp\/v2\/users\/1"}],"replies":[{"embeddable":true,"href":"https:\/\/akdenizolay.com.tr\/index.php\/wp-json\/wp\/v2\/comments?post=14657"}],"version-history":[{"count":1,"href":"https:\/\/akdenizolay.com.tr\/index.php\/wp-json\/wp\/v2\/posts\/14657\/revisions"}],"predecessor-version":[{"id":14659,"href":"https:\/\/akdenizolay.com.tr\/index.php\/wp-json\/wp\/v2\/posts\/14657\/revisions\/14659"}],"wp:featuredmedia":[{"embeddable":true,"href":"https:\/\/akdenizolay.com.tr\/index.php\/wp-json\/wp\/v2\/media\/14658"}],"wp:attachment":[{"href":"https:\/\/akdenizolay.com.tr\/index.php\/wp-json\/wp\/v2\/media?parent=14657"}],"wp:term":[{"taxonomy":"category","embeddable":true,"href":"https:\/\/akdenizolay.com.tr\/index.php\/wp-json\/wp\/v2\/categories?post=14657"},{"taxonomy":"post_tag","embeddable":true,"href":"https:\/\/akdenizolay.com.tr\/index.php\/wp-json\/wp\/v2\/tags?post=14657"}],"curies":[{"name":"wp","href":"https:\/\/api.w.org\/{rel}","templated":true}]}}