{"id":14660,"date":"2026-05-03T11:48:58","date_gmt":"2026-05-03T11:48:58","guid":{"rendered":"https:\/\/akdenizolay.com.tr\/index.php\/2026\/05\/03\/izbbst-genclik-gunleri-basliyor\/"},"modified":"2026-05-03T11:48:59","modified_gmt":"2026-05-03T11:48:59","slug":"izbbst-genclik-gunleri-basliyor","status":"publish","type":"post","link":"https:\/\/akdenizolay.com.tr\/index.php\/2026\/05\/03\/izbbst-genclik-gunleri-basliyor\/","title":{"rendered":"\u0130zBB\u015eT Gen\u00e7lik G\u00fcnleri ba\u015fl\u0131yor"},"content":{"rendered":"<p> \u0130zmir B\u00fcy\u00fck\u015fehir Belediyesi \u015eehir Tiyatrolar\u0131 (\u0130zBB\u015eT), 3-17 May\u0131s tarihleri aras\u0131nda ger\u00e7ekle\u015ftirece\u011fi \u201c\u0130zBB\u015eT Gen\u00e7lik G\u00fcnleri\u201d ile tiyatroya g\u00f6n\u00fcl veren gen\u00e7leri profesyonel tiyatro sahnesinde bulu\u015fturacak.<\/p>\n<p>\u0130zmir \u015eehir Tiyatrolar\u0131n\u0131n tiyatro sanat\u0131n\u0131 gen\u00e7 nesillerle bulu\u015fturmak amac\u0131yla d\u00fczenledi\u011fi \u201c\u0130zBB\u015eT Gen\u00e7lik G\u00fcnleri\u201d ba\u015fl\u0131yor. Festival havas\u0131nda ge\u00e7mesi planlanan etkinlik kapsam\u0131nda, lise ve \u00fcniversite tiyatro topluluklar\u0131na destek verilmesi ama\u00e7lan\u0131yor. 16 farkl\u0131 toplulu\u011fun performanslar\u0131n\u0131 sergileme f\u0131rsat\u0131 bulaca\u011f\u0131 \u201c\u0130zBB\u015eT Gen\u00e7lik G\u00fcnleri\u201d 3-17 May\u0131s tarihleri aras\u0131nda ger\u00e7ekle\u015fecek. \u015eehrin d\u00f6rt bir yan\u0131ndan gelecek olan gen\u00e7 ve amat\u00f6r tiyatrocular\u0131n heyecan\u0131na \u0130zBB\u015eT \u0130smet \u0130n\u00f6n\u00fc Sahnesi ve K\u00fclt\u00fcrpark \u0130zmir Sanat ev sahipli\u011fi yapacak. Topluluklar\u0131n oyunlar\u0131n\u0131n yan\u0131 s\u0131ra \u0130zmir \u015eehir Tiyatrolar\u0131n\u0131n oyunlar\u0131 da sanatseverlerle bulu\u015facak.<\/p>\n<p><strong>Oyunlar, at\u00f6lyeler ve s\u00f6yle\u015fi<\/strong><\/p>\n<p>3 May\u0131s\u2019ta \u0130zBB\u015eT\u2019nin &#8220;Halktan Biri&#8221; oyunu ile ba\u015flayacak olan etkinlik, tiyatronun her alan\u0131na dokunan zengin bir i\u00e7erik sunuyor. Etkinlik kapsam\u0131nda Tiyatro ile ilgilenen gen\u00e7lerin geli\u015fimine katk\u0131 sunmak i\u00e7in \u015eehir Tiyatrolar\u0131n\u0131n profesyonel \u00e7al\u0131\u015fanlar\u0131 taraf\u0131ndan \u201cHareket ve \u00c7a\u011fda\u015f Dans, Temel Oyunculuk, Do\u011fa\u00e7lama, Kukla Yap\u0131m\u0131 ve Temel Reji Yakla\u015f\u0131mlar\u0131\u201d gibi farkl\u0131 bran\u015flarda at\u00f6lyeler d\u00fczenlenecek. Ayr\u0131ca 15 May\u0131s\u2019ta Levent \u00dcz\u00fcmc\u00fc, \u0130rem D\u00fczg\u00fcns\u0131vac\u0131 ve \u0130brahim G\u00f6ksel Kart\u2019\u0131n kat\u0131l\u0131m\u0131yla \u201cBir Meslek Olarak Tiyatro\u201d ba\u015fl\u0131kl\u0131 s\u00f6yle\u015fi ger\u00e7ekle\u015ftirilecek. Oyunlar\u0131n davetiyelerine kultursanatbilet.izmir.bel.tr adresi \u00fczerinden, at\u00f6lye kay\u0131t linkine ise \u0130zmir \u015eehir Tiyatrolar\u0131 resmi Instagram hesab\u0131ndan ula\u015f\u0131labilir.\u00a0<br \/>\u00a0<br \/>17 May\u0131s Pazar g\u00fcn\u00fc sahnelenecek olan &#8220;Arturo Ui&#8217;nin \u00d6nlenebilir T\u0131rman\u0131\u015f\u0131&#8221; oyunu ve ard\u0131ndan d\u00fczenlenecek kapan\u0131\u015f \u015fenli\u011fi ile sona erecek olan \u0130zBB\u015eT Gen\u00e7lik G\u00fcnleri\u2019nin program\u0131 ise \u015f\u00f6yle:<\/p>\n<p><strong>3 May\u0131s 2026 Pazar<\/strong><\/p>\n<p>15.00 \u2013 \u0130zmir \u015eehir Tiyatrolar\u0131 \/ Halktan Biri \u2013 \u0130zBB\u015eT \u0130smet \u0130n\u00f6n\u00fc Sahnesi<br \/>\u00a0<\/p>\n<p><strong>4 May\u0131s 2026 Pazartesi<\/strong><\/p>\n<p>19.00 \u2013 \u00d6zel Bah\u00e7e\u015fehir Koleji 50. Y\u0131l Anadolu ve Fen Lisesi \/ L\u00fck\u00fcs Hayat \u2013 \u0130zmir Sanat<br \/>\u00a0<\/p>\n<p><strong>5 May\u0131s 2026 Sal\u0131<\/strong><\/p>\n<p>20.00 \u2013 \u0130zmir Ekonomi \u00dcniversitesi \/ 12. Gece \u2013 \u0130zBB\u015eT \u0130smet \u0130n\u00f6n\u00fc Sahnesi<br \/>\u00a0<\/p>\n<p><strong>6 May\u0131s 2026 \u00c7ar\u015famba<\/strong><\/p>\n<p>19.00 \u2013 \u0130zmir K\u0131z Lisesi \/ Deli Bayram\u0131 \u2013 \u0130zmir Sanat<br \/>\u00a0<\/p>\n<p><strong>7 May\u0131s 2026 Per\u015fembe<\/strong><\/p>\n<p>20.00 \u2013 9 Eyl\u00fcl M\u00fchendislik Oyuncular\u0131 \/ Oyunlarla Ya\u015fayanlar \u2013 \u0130zBB\u015eT \u0130smet \u0130n\u00f6n\u00fc Sahnesi<br \/>\u00a0<\/p>\n<p><strong>8 May\u0131s 2026 Cuma<\/strong><\/p>\n<p>19.00 \u2013 I\u015f\u0131lay Sayg\u0131n G\u00fczel Sanatlar Lisesi \/ Bir Yaz Gecesi R\u00fcyas\u0131 \u2013 \u0130zmir Sanat<br \/>20.00 \u2013 9 Eyl\u00fcl T\u0131p Oyuncular\u0131 \/ Yedi Kocal\u0131 H\u00fcrm\u00fcz \u2013 \u0130zBB\u015eT \u0130smet \u0130n\u00f6n\u00fc Sahnesi<br \/>\u00a0<\/p>\n<p><strong>9 May\u0131s 2026 Cumartesi<\/strong><\/p>\n<p>17.00 &amp; 20.00 \u2013 9 Eyl\u00fcl G\u00fczel Sanatlar Fak\u00fcltesi \/ K\u00fcrkl\u00fc Merk\u00fcr \u2013 \u0130zBB\u015eT \u0130smet \u0130n\u00f6n\u00fc Sahnesi<br \/>\u00a0<\/p>\n<p><strong>10 May\u0131s 2026 Pazar<\/strong><\/p>\n<p>11.00\u201313.00 \u2013 At\u00f6lye \/ Temel Oyunculuk At\u00f6lyesi: Bo\u015f Alanda Oyuncu \u2013 \u00c7im Alan<br \/>13.00\u201315.00 \u2013 At\u00f6lye \/ Do\u011fa\u00e7lama At\u00f6lyesi: Rol\u00fcn Do\u011fas\u0131n\u0131 Aramak \u2013 \u00c7im Alan<br \/>15.00\u201317.00 \u2013 At\u00f6lye \/ Temel Ses ve Konu\u015fma At\u00f6lyesi: Beden, Nefes, Ses \u2013 \u00c7im Alan<br \/>17.00\u201318.00 \u2013 At\u00f6lye \/ Beden Fark\u0131ndal\u0131\u011f\u0131 ve Hareket At\u00f6lyesi \u2013 \u00c7im Alan<br \/>20.00 \u2013 9 Eyl\u00fcl G\u00fczel Sanatlar Fak\u00fcltesi \/ \u0130stila \u2013 \u0130zBB\u015eT \u0130smet \u0130n\u00f6n\u00fc Sahnesi<br \/>\u00a0<\/p>\n<p><strong>11 May\u0131s 2026 Pazartesi<\/strong><\/p>\n<p>19.00 \u2013 Bornova S\u0131d\u0131ka Rodop Anadolu Lisesi \/ Artiz Mektebi \u2013 \u0130zmir Sanat<br \/>\u00a0<\/p>\n<p><strong>12 May\u0131s 2026 Sal\u0131<\/strong><\/p>\n<p>18.00 \u2013 \u0130zmir \u00d6zel T\u00fcrk Koleji \/ Eller Havaya \u2013 \u0130zmir Sanat<br \/>20.00 \u2013 \u0130zmir Y\u00fcksek Teknoloji Enstit\u00fcs\u00fc \/ Karmakar\u0131\u015f\u0131k \u2013 \u0130zBB\u015eT \u0130smet \u0130n\u00f6n\u00fc Sahnesi<br \/>\u00a0<\/p>\n<p><strong>13 May\u0131s 2026 \u00c7ar\u015famba<\/strong><\/p>\n<p>19.00 \u2013 \u0130zmir Amerikan Koleji \/ Aymazo\u011flu ve \u00d6b\u00fcrs\u00fcler \u2013 \u0130zmir Sanat<br \/>20.00 \u2013 9 Eyl\u00fcl \u00dcniversitesi FTR Toplulu\u011fu \/ L\u00fck\u00fcs Hayat \u2013 \u0130zBB\u015eT \u0130smet \u0130n\u00f6n\u00fc Sahnesi<br \/>\u00a0<\/p>\n<p><strong>14 May\u0131s 2026 Per\u015fembe<\/strong><\/p>\n<p>19.00 \u2013 \u00c7imenta\u015f Anadolu Lisesi \/ Huzurevi 2070 \/ Evden \u0130\u015fe Gidene Kadar \u2013 \u0130zmir Sanat<br \/>20.00 \u2013 \u0130zmir Demokrasi \u00dcniversitesi \/ Ziyaret \u2013 \u0130zBB\u015eT \u0130smet \u0130n\u00f6n\u00fc Sahnesi<br \/>\u00a0<\/p>\n<p><strong>15 May\u0131s 2026 Cuma<\/strong><\/p>\n<p>13.30 \u2013 S\u00f6yle\u015fi \/ Bir Meslek Olarak Tiyatro \u2013 \u0130zBB\u015eT \u0130smet \u0130n\u00f6n\u00fc Sahnesi<br \/>19.00 \u2013 Emlakbank S\u00fcleyman Demirel Anadolu Lisesi \/ Deli Dumrul \u2013 \u0130zmir Sanat<br \/>\u00a0<\/p>\n<p><strong>16 May\u0131s 2026 Cumartesi<\/strong><\/p>\n<p>10.00\u201312.00 \u2013 At\u00f6lye \/ Kukla At\u00f6lyesi: Sen de Yapabilirsin \u2013 Terzi At\u00f6lyesi<br \/>12.00\u201313.00 \u2013 At\u00f6lye \/ Temel Reji Yakla\u015f\u0131mlar\u0131 \u2013 \u0130zmir Sanat<br \/>13.00\u201314.00 \u2013 At\u00f6lye \/ Temel Oyunculuk At\u00f6lyesi \u2013 \u0130zBB\u015eT \u0130smet \u0130n\u00f6n\u00fc Sahnesi<br \/>15.00 \u2013 \u0130zmir \u015eehir Tiyatrolar\u0131 \/ Arturo Ui\u2019nin \u00d6nlenebilir T\u0131rman\u0131\u015f\u0131 \u2013 \u0130zBB\u015eT \u0130smet \u0130n\u00f6n\u00fc Sahnesi<br \/>17.00\u201318.30 \u2013 At\u00f6lye \/ Temel Ses ve Konu\u015fma At\u00f6lyesi \u2013 \u0130zBB\u015eT \u0130smet \u0130n\u00f6n\u00fc Sahnesi<br \/>19.00 \u2013 At\u00f6lye \/ Do\u011fa\u00e7lama: Bir Yarat\u0131m Arac\u0131 \u2013 \u0130zBB\u015eT \u0130smet \u0130n\u00f6n\u00fc Sahnesi<br \/>\u00a0<\/p>\n<p><strong>17 May\u0131s 2026 Pazar<\/strong><\/p>\n<p>17.30 \u2013 \u0130ZBB Pop Orkestras\u0131 &amp; G\u00fclce Atalay Konseri \u2013 \u00c7im Alan<\/p>\n<p>Kaynak: (BYZHA) Beyaz Haber Ajans\u0131<\/p>\n","protected":false},"excerpt":{"rendered":"<p>\u0130zmir B\u00fcy\u00fck\u015fehir Belediyesi \u015eehir Tiyatrolar\u0131 (\u0130zBB\u015eT), 3-17 May\u0131s tarihleri aras\u0131nda ger\u00e7ekle\u015ftirece\u011fi \u201c\u0130zBB\u015eT Gen\u00e7lik G\u00fcnleri\u201d ile tiyatroya g\u00f6n\u00fcl veren gen\u00e7leri profesyonel tiyatro sahnesinde bulu\u015fturacak.<\/p>\n","protected":false},"author":1,"featured_media":14661,"comment_status":"open","ping_status":"open","sticky":false,"template":"","format":"standard","meta":{"footnotes":""},"categories":[24],"tags":[],"class_list":["post-14660","post","type-post","status-publish","format-standard","has-post-thumbnail","hentry","category-kultur-sanat"],"_links":{"self":[{"href":"https:\/\/akdenizolay.com.tr\/index.php\/wp-json\/wp\/v2\/posts\/14660","targetHints":{"allow":["GET"]}}],"collection":[{"href":"https:\/\/akdenizolay.com.tr\/index.php\/wp-json\/wp\/v2\/posts"}],"about":[{"href":"https:\/\/akdenizolay.com.tr\/index.php\/wp-json\/wp\/v2\/types\/post"}],"author":[{"embeddable":true,"href":"https:\/\/akdenizolay.com.tr\/index.php\/wp-json\/wp\/v2\/users\/1"}],"replies":[{"embeddable":true,"href":"https:\/\/akdenizolay.com.tr\/index.php\/wp-json\/wp\/v2\/comments?post=14660"}],"version-history":[{"count":1,"href":"https:\/\/akdenizolay.com.tr\/index.php\/wp-json\/wp\/v2\/posts\/14660\/revisions"}],"predecessor-version":[{"id":14662,"href":"https:\/\/akdenizolay.com.tr\/index.php\/wp-json\/wp\/v2\/posts\/14660\/revisions\/14662"}],"wp:featuredmedia":[{"embeddable":true,"href":"https:\/\/akdenizolay.com.tr\/index.php\/wp-json\/wp\/v2\/media\/14661"}],"wp:attachment":[{"href":"https:\/\/akdenizolay.com.tr\/index.php\/wp-json\/wp\/v2\/media?parent=14660"}],"wp:term":[{"taxonomy":"category","embeddable":true,"href":"https:\/\/akdenizolay.com.tr\/index.php\/wp-json\/wp\/v2\/categories?post=14660"},{"taxonomy":"post_tag","embeddable":true,"href":"https:\/\/akdenizolay.com.tr\/index.php\/wp-json\/wp\/v2\/tags?post=14660"}],"curies":[{"name":"wp","href":"https:\/\/api.w.org\/{rel}","templated":true}]}}