{"id":2992,"date":"2026-03-14T00:19:24","date_gmt":"2026-03-14T00:19:24","guid":{"rendered":"https:\/\/akdenizolay.com.tr\/index.php\/2026\/03\/14\/baskan-tugaydan-elektrik-fabrikasi-aciklamasi-idari-ve-hukuki-itirazlari-yapacagiz\/"},"modified":"2026-03-14T00:19:25","modified_gmt":"2026-03-14T00:19:25","slug":"baskan-tugaydan-elektrik-fabrikasi-aciklamasi-idari-ve-hukuki-itirazlari-yapacagiz","status":"publish","type":"post","link":"https:\/\/akdenizolay.com.tr\/index.php\/2026\/03\/14\/baskan-tugaydan-elektrik-fabrikasi-aciklamasi-idari-ve-hukuki-itirazlari-yapacagiz\/","title":{"rendered":"Ba\u015fkan Tugay\u2019dan Elektrik Fabrikas\u0131 a\u00e7\u0131klamas\u0131: \u201c\u0130dari ve hukuki itirazlar\u0131 yapaca\u011f\u0131z\u201d"},"content":{"rendered":"<p> \u0130zmir B\u00fcy\u00fck\u015fehir Belediye Ba\u015fkan\u0131 Dr. Cemil Tugay, kentin simge yap\u0131lar\u0131ndan tarihi Elektrik Fabrikas\u0131\u2019n\u0131n bulundu\u011fu alan\u0131n imar plan\u0131 de\u011fi\u015fikli\u011fiyle y\u00fcksek yap\u0131la\u015fmaya a\u00e7\u0131lmas\u0131na kar\u015f\u0131 olduklar\u0131n\u0131 s\u00f6yledi. Al\u0131nan karar\u0131n yanl\u0131\u015f oldu\u011funu ifade eden Ba\u015fkan Tugay, Elektrik Fabrikas\u0131\u2019n\u0131n kent tarihi a\u00e7\u0131s\u0131ndan b\u00fcy\u00fck \u00f6nem ta\u015f\u0131d\u0131\u011f\u0131n\u0131, idari ve hukuki a\u00e7\u0131dan b\u00fct\u00fcn itirazlar\u0131 yapacaklar\u0131n\u0131 dile getirdi.<br \/>\u00a0<br \/>Bas\u0131n mensuplar\u0131n\u0131n g\u00fcndeme ili\u015fkin sorular\u0131n\u0131 yan\u0131tlayan \u0130zmir B\u00fcy\u00fck\u015fehir Belediye Ba\u015fkan\u0131 Dr. Cemil Tugay, Alsancak\u2019taki tarihi Elektrik Fabrikas\u0131\u2019n\u0131n bulundu\u011fu alanla ilgili Cumhurba\u015fkan\u0131 Karar\u0131yla plan de\u011fi\u015fikli\u011fine gidilmesi ve b\u00f6lgenin \u201cTicaret-Turizm Alan\u0131, \u00d6zel Proje Alan\u0131 ve Yol\u201d olarak d\u00fczenlenmesini ele\u015ftirdi. Buna benzer kararlar\u0131n tamam\u0131nda oldu\u011fu gibi, esas olarak kar\u015f\u0131 oldu\u011fu \u015feyin B\u00fcy\u00fck\u015fehir Belediye Meclisi\u2019nin, yerel y\u00f6netimin g\u00f6r\u00fc\u015f\u00fc al\u0131nmadan karar verilmesi oldu\u011funu ifade eden Ba\u015fkan Tugay, \u015funlar\u0131 s\u00f6yledi:<br \/>\u201cBiz her zaman diyalo\u011fa a\u00e7\u0131\u011f\u0131z. \u015eehrimizin yarar\u0131na olacak her t\u00fcrl\u00fc planlama ve \u00e7al\u0131\u015fmada yer almaya haz\u0131r\u0131z. Bu, TOK\u0130\u2019nin yapaca\u011f\u0131 konutlar i\u00e7in se\u00e7ece\u011fi yerler a\u00e7\u0131s\u0131ndan da ge\u00e7erlidir, ba\u015fka yerlerde yap\u0131lan plan \u00e7al\u0131\u015fmalar\u0131 i\u00e7in de ge\u00e7erlidir. Maalesef yine yanl\u0131\u015f bir karar verildi. O b\u00f6lge tarih a\u00e7\u0131s\u0131ndan \u00e7ok \u00f6nemli bir b\u00f6lge. Elektrik Fabrikas\u0131, kentin k\u00fclt\u00fcr miras\u0131 a\u00e7\u0131s\u0131ndan \u00f6nemli bir yap\u0131. Verdikleri imar plan\u0131 karar\u0131nda Elektrik Fabrikas\u0131\u2019n\u0131n kendisini koruyor gibi g\u00f6r\u00fcn\u00fcyorlar ama hemen onun \u00e7evresindeki bo\u015f alanda yo\u011fun bir imar karar\u0131 verdiler, d\u00f6n\u00fc\u015f\u00fcm karar\u0131 ald\u0131lar. Bu da bu binan\u0131n i\u015flevini ve \u00e7evresini kaybetmesi anlam\u0131na gelir. T\u00fcrkiye\u2019de ba\u015fka yer mi kalmad\u0131 da gidip bu kadar tarihi a\u00e7\u0131dan \u00f6nemli bir yap\u0131n\u0131n bulundu\u011fu, bu kadar hassas bir b\u00f6lgede yap\u0131la\u015fma yap\u0131lmak isteniyor? Ancak son iki y\u0131lda a\u00e7\u0131lan davalarla bunlar\u0131n iptal edilebildi\u011fini g\u00f6rd\u00fck.\u201d<br \/>\u0130zmir B\u00fcy\u00fck\u015fehir Belediye Ba\u015fkan\u0131 Tugay, idari ve hukuki b\u00fct\u00fcn itirazlar\u0131 yapacaklar\u0131n\u0131 s\u00f6yledi.<br \/>\u00a0<br \/><strong>\u201cLiman\u0131 i\u015fletmeye talip olabiliriz\u201d<\/strong><br \/>Alsancak Liman\u0131\u2019n\u0131n daha verimli bir \u015fekilde \u00e7al\u0131\u015fmas\u0131n\u0131 istediklerini ancak bunun liman\u0131n arkas\u0131ndaki alan\u0131 ranta a\u00e7arak yap\u0131lamayaca\u011f\u0131n\u0131 vurgulayan Ba\u015fkan Tugay, \u0130zmir B\u00fcy\u00fck\u015fehir Belediyesi olarak \u0130zmir Liman\u0131\u2019n\u0131 i\u015fletmeye de talibiz ama bununla ilgili \u015fartlar\u0131n olu\u015fmad\u0131\u011f\u0131 ortada\u201d dedi.<br \/>B\u00f6lgeyle ilgili nitelikli bir planlama yapmak gerekti\u011finin alt\u0131n\u0131 \u00e7izen Ba\u015fkan Tugay, \u201cB\u00f6lgede farkl\u0131 m\u00fclkiyet sahipleri olabilir, farkl\u0131 yat\u0131r\u0131mc\u0131lar olabilir. Liman\u0131n eski g\u00fcc\u00fcn\u00fc kaybetmi\u015f olmas\u0131 ba\u015fka bir konu. Liman\u0131n kendisinin ve arkas\u0131ndaki b\u00f6lgenin ranta a\u00e7\u0131lmas\u0131 ise bamba\u015fka bir konu. Biz isteriz ki \u0130zmir Alsancak Liman\u0131 \u00e7al\u0131\u015fs\u0131n, daha verimli olsun, daha aktif bir limana d\u00f6n\u00fc\u015fs\u00fcn. Ama bu, arka kesimdeki alan\u0131 ranta a\u00e7arak olmaz. Liman\u0131n kendisini de bir rant alan\u0131 olarak g\u00f6rmek do\u011fru de\u011fildir\u201d diye konu\u015ftu.<\/p>\n<p>\u00a0<\/p>\n<p>Kaynak: (BYZHA) Beyaz Haber Ajans\u0131<\/p>\n","protected":false},"excerpt":{"rendered":"<p>\u0130zmir B\u00fcy\u00fck\u015fehir Belediye Ba\u015fkan\u0131 Dr.<\/p>\n","protected":false},"author":1,"featured_media":2993,"comment_status":"open","ping_status":"open","sticky":false,"template":"","format":"standard","meta":{"footnotes":""},"categories":[20],"tags":[],"class_list":["post-2992","post","type-post","status-publish","format-standard","has-post-thumbnail","hentry","category-gundem"],"_links":{"self":[{"href":"https:\/\/akdenizolay.com.tr\/index.php\/wp-json\/wp\/v2\/posts\/2992","targetHints":{"allow":["GET"]}}],"collection":[{"href":"https:\/\/akdenizolay.com.tr\/index.php\/wp-json\/wp\/v2\/posts"}],"about":[{"href":"https:\/\/akdenizolay.com.tr\/index.php\/wp-json\/wp\/v2\/types\/post"}],"author":[{"embeddable":true,"href":"https:\/\/akdenizolay.com.tr\/index.php\/wp-json\/wp\/v2\/users\/1"}],"replies":[{"embeddable":true,"href":"https:\/\/akdenizolay.com.tr\/index.php\/wp-json\/wp\/v2\/comments?post=2992"}],"version-history":[{"count":1,"href":"https:\/\/akdenizolay.com.tr\/index.php\/wp-json\/wp\/v2\/posts\/2992\/revisions"}],"predecessor-version":[{"id":2994,"href":"https:\/\/akdenizolay.com.tr\/index.php\/wp-json\/wp\/v2\/posts\/2992\/revisions\/2994"}],"wp:featuredmedia":[{"embeddable":true,"href":"https:\/\/akdenizolay.com.tr\/index.php\/wp-json\/wp\/v2\/media\/2993"}],"wp:attachment":[{"href":"https:\/\/akdenizolay.com.tr\/index.php\/wp-json\/wp\/v2\/media?parent=2992"}],"wp:term":[{"taxonomy":"category","embeddable":true,"href":"https:\/\/akdenizolay.com.tr\/index.php\/wp-json\/wp\/v2\/categories?post=2992"},{"taxonomy":"post_tag","embeddable":true,"href":"https:\/\/akdenizolay.com.tr\/index.php\/wp-json\/wp\/v2\/tags?post=2992"}],"curies":[{"name":"wp","href":"https:\/\/api.w.org\/{rel}","templated":true}]}}