{"id":2995,"date":"2026-03-14T00:19:25","date_gmt":"2026-03-14T00:19:25","guid":{"rendered":"https:\/\/akdenizolay.com.tr\/index.php\/2026\/03\/14\/bucada-anlamli-acilis-gulsah-durbay-kadin-danisma-merkezi-hizmete-girdi\/"},"modified":"2026-03-14T00:19:26","modified_gmt":"2026-03-14T00:19:26","slug":"bucada-anlamli-acilis-gulsah-durbay-kadin-danisma-merkezi-hizmete-girdi","status":"publish","type":"post","link":"https:\/\/akdenizolay.com.tr\/index.php\/2026\/03\/14\/bucada-anlamli-acilis-gulsah-durbay-kadin-danisma-merkezi-hizmete-girdi\/","title":{"rendered":"Buca\u2019da anlaml\u0131 a\u00e7\u0131l\u0131\u015f:  G\u00fcl\u015fah Durbay Kad\u0131n Dan\u0131\u015fma Merkezi hizmete girdi"},"content":{"rendered":"<p> Buca Belediyesi, ge\u00e7ti\u011fimiz y\u0131l hayat\u0131n\u0131 kaybeden Manisa\u2019n\u0131n ilk kad\u0131n Belediye Ba\u015fkan\u0131 G\u00fcl\u015fah Durbay\u2019\u0131n ad\u0131n\u0131, kad\u0131nlar\u0131n hak ve e\u015fitlik m\u00fccadelesine \u0131\u015f\u0131k tutacak yeni Kad\u0131n Dan\u0131\u015fma Merkezi ile \u00f6l\u00fcms\u00fczle\u015ftirdi. Buca Belediye Ba\u015fkan\u0131 Mimar G\u00f6rkem Duman, \u201cG\u00fcl\u015fah Ba\u015fkan\u0131m\u0131z\u0131n aziz hat\u0131ras\u0131, bu \u00e7at\u0131n\u0131n alt\u0131nda g\u00fc\u00e7lenen her kad\u0131n\u0131n ba\u015far\u0131s\u0131nda ve \u015fiddetsiz bir d\u00fcnyada b\u00fcy\u00fcyecek olan \u00e7ocuklar\u0131m\u0131z\u0131n gelece\u011finde v\u00fccut bulacakt\u0131r\u201d dedi.<\/p>\n<p>Buca Belediyesi, kad\u0131n haklar\u0131 m\u00fccadelesinin sembol isimlerinden biri olan ve Manisa\u2019n\u0131n ilk kad\u0131n belediye ba\u015fkan\u0131 olarak tarihe ge\u00e7en merhum G\u00fcl\u015fah Durbay\u2019\u0131n an\u0131s\u0131n\u0131, yeni Kad\u0131n Dan\u0131\u015fma Merkezi\u2019nde ya\u015fat\u0131yor. Ova b\u00f6lgesinde, be\u015f mahallenin kesi\u015fim noktas\u0131nda konumland\u0131r\u0131lan merkez, d\u00fczenlenen t\u00f6renle hizmete a\u00e7\u0131ld\u0131. A\u00e7\u0131l\u0131\u015f t\u00f6renine, Cumhuriyet Halk Partisi (CHP) Kad\u0131n Kollar\u0131 Genel Ba\u015fkan\u0131 ve Osmaniye Milletvekili Dr. Asu Kaya, \u0130zmir Milletvekilleri ve Parti Meclis \u00dcyeleri Deniz Y\u00fccel, Ednan Arslan ve Murat Bakan, Cumhuriyet Halk Partisi \u0130zmir \u0130l Ba\u015fkan\u0131 \u00c7a\u011fatay G\u00fc\u00e7, CHP Buca \u0130l\u00e7e Ba\u015fkan\u0131 Suat Bulut, \u015eehzadeler Belediye Ba\u015fkan\u0131 merhum G\u00fcl\u015fah Durbay\u2019\u0131n ailesi, Buca Belediyesi Meclis \u00dcyeleri, muhtarlar ve vatanda\u015flar kat\u0131ld\u0131.<\/p>\n<p>\u201cBU MERKEZLE B\u0130R DAYANI\u015eMA KALES\u0130N\u0130 Y\u00dcKSELT\u0130YORUZ\u201d<br \/>T\u00f6rende konu\u015fan CHP Kad\u0131n Kollar\u0131 Genel Ba\u015fkan\u0131 ve Osmaniye Milletvekili Dr. Asu Kaya, G\u00fcl\u015fah Durbay Kad\u0131n Dan\u0131\u015fma Merkezi ile bir iradeyi, bir hayali ve bir dayan\u0131\u015fma kalesini y\u00fckselttiklerini ifade ederek, \u201cBurada sadece bir kurdele kesmek amac\u0131yla birlikte de\u011filiz ayn\u0131 zamanda b\u00f6lgenin dezavantajl\u0131 insanlar\u0131na, kad\u0131nlar\u0131na nefes alaca\u011f\u0131 \u00f6zg\u00fcrl\u00fck alan\u0131n\u0131n kap\u0131lar\u0131n\u0131 Bucal\u0131 kad\u0131nlara a\u00e7maya geldik. \u00c7\u00fcnk\u00fc kad\u0131nlar\u0131n sokaklarda \u00f6zg\u00fcrce y\u00fcr\u00fcd\u00fc\u011f\u00fc, evlerinde huzurla uyudu\u011fu, eme\u011finin hakk\u0131n\u0131 ald\u0131\u011f\u0131 bir T\u00fcrkiye&#8217;yi kurma iradesini ta\u015f\u0131yoruz biz. Her sabah kad\u0131nlar s\u0131rt\u0131nda d\u00fcnyan\u0131n y\u00fck\u00fcyle uyan\u0131yor ama biz bug\u00fcn Buca&#8217;da \u2018Art\u0131k yaln\u0131z de\u011filsiniz\u2019 diyoruz. \u2018Sizinle beraber y\u00fcr\u00fcyen bir merkezimiz var, Buca Belediyesi&#8217;nin Kad\u0131n Dan\u0131\u015fma Merkezi var\u201d diye konu\u015ftu.<\/p>\n<p>Y\u00dcCEL\u2019DEN TE\u015eEKK\u00dcR<br \/>CHP \u0130zmir Milletvekili Deniz Y\u00fccel, \u00a0iktidar\u0131n belediyelere hizmet \u00fcretmelerini engellemek i\u00e7in her t\u00fcrl\u00fc bask\u0131y\u0131, tehdidi, yapt\u0131r\u0131m\u0131 uygulad\u0131\u011f\u0131 bir ortamda b\u00f6yle bir tesisin Buca&#8217;ya kazand\u0131r\u0131lmas\u0131n\u0131n \u00e7ok anlaml\u0131 oldu\u011funu belirterek, \u201c\u00c7\u00fcnk\u00fc \u00e7al\u0131\u015fkanl\u0131\u011f\u0131yla, eme\u011fiyle, enerjisiyle, g\u00fcler y\u00fcz\u00fcyle hepimizin belle\u011fine kaz\u0131nan \u00e7ok erken bir zamanda aram\u0131zdan ayr\u0131lan G\u00fcl\u015fah Ba\u015fkan\u0131m\u0131z\u0131n ad\u0131n\u0131 ta\u015f\u0131yacak. Bu \u00f6nemli tesisi \u0130zmir&#8217;e kazand\u0131ran herkese \u00e7ok te\u015fekk\u00fcr ederim\u201d \u015feklinde konu\u015ftu.<\/p>\n<p>\u201cDURBAY, 86 M\u0130LYONUN KALB\u0130NDE YER TUTTU\u201d<br \/>CHP \u0130zmir Milletvekili Ednan Arslan, G\u00fcl\u015fah Durbay\u2019\u0131n 86 milyonun kalbinde b\u00fcy\u00fck bir yer tuttu\u011funu ifade ederek, \u201cG\u00fcl\u015fah bizim karde\u015fimizdi. O da benim gibi gen\u00e7lik kollar\u0131ndan yeti\u015fmi\u015f, siyasette \u00e7ok emek vermi\u015f, y\u00fcre\u011finde Cumhuriyet, Atat\u00fcrk sevgisi olan, demokrat, \u00e7a\u011fda\u015f, laik bir T\u00fcrk kad\u0131n\u0131yd\u0131. Diren\u00e7liydi, cesurdu ve bir hik\u00e2ye yazma pe\u015findeydi ve Manisa\u2019da yaz\u0131labilecek, belki de T\u00fcrkiye\u2019de bir kad\u0131n\u0131n yazabilece\u011fi en b\u00fcy\u00fck ba\u015far\u0131lardan birini yazd\u0131\u201d dedi.<\/p>\n<p>\u201c\u0130SM\u0130 SONSUZA KADAR YA\u015eAYACAK\u201d<br \/>CHP \u0130zmir Milletvekili Murat Bakan, \u201cG\u00fcl\u015fah ismi sonsuza kadar ya\u015fayacak. Burada ya\u015fayacak, \u0130zmir&#8217;de \u00fc\u00e7\u00fcnc\u00fc bir bu merkezimiz&#8230; Bunun i\u00e7in Belediye Ba\u015fkan\u0131m\u0131za te\u015fekk\u00fcr ediyoruz, di\u011fer Belediye Ba\u015fkanlar\u0131m\u0131za te\u015fekk\u00fcr ediyoruz. G\u00fcl\u015fah hem yapt\u0131klar\u0131yla hem hik\u00e2yesiyle hem de onun ad\u0131na a\u00e7\u0131lan eserlerle sonsuza kadar ya\u015fayacak\u201d diye konu\u015ftu.<\/p>\n<p>\u201cBU MERKEZ DAYANI\u015eMANIN KALES\u0130 OLACAK\u201d<br \/>Buca Belediye Ba\u015fkan\u0131 G\u00f6rkem Duman ise baz\u0131 vedalar\u0131n arkas\u0131nda kocaman bir sorumluluk ve asla s\u00f6nmeyecek bir \u0131\u015f\u0131k b\u0131rakt\u0131\u011f\u0131na de\u011finerek, \u015funlar\u0131 s\u00f6yledi:<br \/>\u201cManisa\u2019n\u0131n ilk kad\u0131n belediye ba\u015fkan\u0131 olarak tarihe ge\u00e7en, partimizin emekle ve inan\u00e7la yeti\u015ftirdi\u011fi en k\u0131ymetli de\u011ferlerinden biri olan G\u00fcl\u015fah Durbay, bizler i\u00e7in sadece bir siyaset\u00e7i de\u011fil, ger\u00e7ek bir dost, omuz omuza y\u00fcr\u00fcd\u00fc\u011f\u00fcm\u00fcz bir yolda\u015f ve y\u00fcre\u011fi iyilikle \u00e7arpan \u00e7ok g\u00fczel bir insand\u0131. Onun aram\u0131zdan ayr\u0131l\u0131\u015f\u0131yla olu\u015fan o derin bo\u015flu\u011fun hi\u00e7bir zaman dolmayaca\u011f\u0131n\u0131 biliyoruz. Ancak bizlere d\u00fc\u015fen en b\u00fcy\u00fck g\u00f6rev, G\u00fcl\u015fah Ba\u015fkan\u0131m\u0131z\u0131n ad\u0131n\u0131 sadece an\u0131lar\u0131m\u0131zda de\u011fil, onun hayat\u0131n\u0131 adad\u0131\u011f\u0131 kad\u0131n haklar\u0131 ve e\u015fitlik m\u00fccadelesinde ya\u015fatmakt\u0131r. Kad\u0131n ve Aile Hizmetleri M\u00fcd\u00fcrl\u00fc\u011f\u00fcm\u00fcz b\u00fcnyesinde hayata ge\u00e7irdi\u011fimiz ikinci Kad\u0131n Dan\u0131\u015fma Merkezimiz, i\u015fte bu b\u00fcy\u00fck vefan\u0131n ve kararl\u0131l\u0131\u011f\u0131n bir meyvesidir. Bu merkez, Buca\u2019da kad\u0131nlar i\u00e7in bir nefes alan\u0131, bir dayan\u0131\u015fma kalesi olacakt\u0131r.\u201d<\/p>\n<p>&#8220;BELED\u0130YE BA\u015eKANLARIMIZLA GURUR DUYUYORUZ\u201d<br \/>\u0130l Ba\u015fkan\u0131 \u00c7a\u011fatay G\u00fc\u00e7 de, Cumhuriyet Halk Partili Ba\u015fkanlar\u0131n \u00fclkesine, \u015fehrine, halk\u0131na odakl\u0131, \u00e7al\u0131\u015fkan ve m\u00fctevaz\u0131 bir siyaset anlay\u0131\u015f\u0131 g\u00fctt\u00fcklerini ifade ederek \u015f\u00f6yle dedi:<br \/>\u201cT\u00fcm mali ve siyasi bask\u0131lara ra\u011fmen m\u00fccadelelerinden y\u0131lmayan k\u0131ymetli belediye ba\u015fkanlar\u0131m\u0131zla gurur duyuyoruz. Bir yanda Cumhuriyet Halk Partisi ailesine bak\u0131yoruz, \u00e7al\u0131\u015fkanl\u0131k g\u00f6r\u00fcyoruz, m\u00fctevaz\u0131l\u0131k g\u00f6r\u00fcyoruz, halkla i\u00e7 i\u00e7e bir ya\u015fam g\u00f6r\u00fcyoruz. Di\u011fer yanda ise halktan kopmu\u015f, soka\u011fa \u00e7\u0131kamayan bir siyaset anlay\u0131\u015f\u0131 g\u00f6r\u00fcyoruz. Bizim siyaset anlay\u0131\u015f\u0131m\u0131z nettir: Halk\u0131na ba\u011fl\u0131 ve halkla birlikte y\u00fcr\u00fcyen bir siyaset. Cumhuriyet Halk Partisi&#8217;nin g\u00fcc\u00fc de tam olarak buradan geliyor. Bug\u00fcn burada an\u0131s\u0131n\u0131 ya\u015fatt\u0131\u011f\u0131m\u0131z G\u00fcl\u015fah Ba\u015fkan\u0131m\u0131z da tam olarak bu anlay\u0131\u015f\u0131n temsilcisiydi. Halk\u0131n i\u00e7inde ya\u015fayan, m\u00fctevaz\u0131, \u00e7al\u0131\u015fkan ve kentine g\u00f6nl\u00fcn\u00fc vermi\u015f bir Cumhuriyet Halk Partiliydi. Onun an\u0131s\u0131 bizlere \u015funu hat\u0131rlat\u0131yor: Bu \u00fclkede siyaset makam i\u00e7in de\u011fil, insan i\u00e7in yap\u0131l\u0131r ve biz bu anlay\u0131\u015f\u0131 ya\u015fatmaya devam edece\u011fiz.\u201d<\/p>\n<p>\u00a0<\/p>\n<p>Kaynak: (BYZHA) Beyaz Haber Ajans\u0131<\/p>\n","protected":false},"excerpt":{"rendered":"<p>Buca Belediyesi, ge\u00e7ti\u011fimiz y\u0131l hayat\u0131n\u0131 kaybeden Manisa\u2019n\u0131n ilk kad\u0131n Belediye Ba\u015fkan\u0131 G\u00fcl\u015fah Durbay\u2019\u0131n ad\u0131n\u0131, kad\u0131nlar\u0131n hak ve e\u015fitlik m\u00fccadelesine \u0131\u015f\u0131k tutacak yeni Kad\u0131n Dan\u0131\u015fma Merkezi ile \u00f6l\u00fcms\u00fczle\u015ftirdi.<\/p>\n","protected":false},"author":1,"featured_media":2996,"comment_status":"open","ping_status":"open","sticky":false,"template":"","format":"standard","meta":{"footnotes":""},"categories":[20],"tags":[],"class_list":["post-2995","post","type-post","status-publish","format-standard","has-post-thumbnail","hentry","category-gundem"],"_links":{"self":[{"href":"https:\/\/akdenizolay.com.tr\/index.php\/wp-json\/wp\/v2\/posts\/2995","targetHints":{"allow":["GET"]}}],"collection":[{"href":"https:\/\/akdenizolay.com.tr\/index.php\/wp-json\/wp\/v2\/posts"}],"about":[{"href":"https:\/\/akdenizolay.com.tr\/index.php\/wp-json\/wp\/v2\/types\/post"}],"author":[{"embeddable":true,"href":"https:\/\/akdenizolay.com.tr\/index.php\/wp-json\/wp\/v2\/users\/1"}],"replies":[{"embeddable":true,"href":"https:\/\/akdenizolay.com.tr\/index.php\/wp-json\/wp\/v2\/comments?post=2995"}],"version-history":[{"count":1,"href":"https:\/\/akdenizolay.com.tr\/index.php\/wp-json\/wp\/v2\/posts\/2995\/revisions"}],"predecessor-version":[{"id":2997,"href":"https:\/\/akdenizolay.com.tr\/index.php\/wp-json\/wp\/v2\/posts\/2995\/revisions\/2997"}],"wp:featuredmedia":[{"embeddable":true,"href":"https:\/\/akdenizolay.com.tr\/index.php\/wp-json\/wp\/v2\/media\/2996"}],"wp:attachment":[{"href":"https:\/\/akdenizolay.com.tr\/index.php\/wp-json\/wp\/v2\/media?parent=2995"}],"wp:term":[{"taxonomy":"category","embeddable":true,"href":"https:\/\/akdenizolay.com.tr\/index.php\/wp-json\/wp\/v2\/categories?post=2995"},{"taxonomy":"post_tag","embeddable":true,"href":"https:\/\/akdenizolay.com.tr\/index.php\/wp-json\/wp\/v2\/tags?post=2995"}],"curies":[{"name":"wp","href":"https:\/\/api.w.org\/{rel}","templated":true}]}}