{"id":3004,"date":"2026-03-14T00:19:30","date_gmt":"2026-03-14T00:19:30","guid":{"rendered":"https:\/\/akdenizolay.com.tr\/index.php\/2026\/03\/14\/manisada-cevre-seferberligi-yeniden-basliyor-atik-pil-getir-zeytin-fidanini-al\/"},"modified":"2026-03-14T00:19:31","modified_gmt":"2026-03-14T00:19:31","slug":"manisada-cevre-seferberligi-yeniden-basliyor-atik-pil-getir-zeytin-fidanini-al","status":"publish","type":"post","link":"https:\/\/akdenizolay.com.tr\/index.php\/2026\/03\/14\/manisada-cevre-seferberligi-yeniden-basliyor-atik-pil-getir-zeytin-fidanini-al\/","title":{"rendered":"Manisa\u2019da \u00c7evre Seferberli\u011fi Yeniden Ba\u015fl\u0131yor: At\u0131k Pil Getir, Zeytin Fidan\u0131n\u0131 Al"},"content":{"rendered":"<p> Manisa B\u00fcy\u00fck\u015fehir Belediyesi, \u00e7evre bilincini art\u0131rmak ve at\u0131k pillerin do\u011faya verdi\u011fi zarar\u0131 en aza indirmek amac\u0131yla \u2018At\u0131k Pil Toplama Kampanyas\u0131\u2019n\u0131 yeniden hayata ge\u00e7iriyor. \u201c1 Pil Getir, 8 Ton Topra\u011f\u0131 Kurtar\u201d slogan\u0131yla d\u00fczenlenen kampanya kapsam\u0131nda, 1 kilogram at\u0131k pil getiren vatanda\u015flara zeytin fidan\u0131 hediye edilecek.<\/p>\n<p>\u00c7evre sa\u011fl\u0131\u011f\u0131n\u0131 korumay\u0131 \u00f6ncelik haline getiren Manisa B\u00fcy\u00fck\u015fehir Belediyesi, topra\u011fa ve su kaynaklar\u0131na ciddi zararlar veren at\u0131k pilleri kontrol alt\u0131na almay\u0131 hedefliyor. Geri d\u00f6n\u00fc\u015f\u00fcm bilincini te\u015fvik eden bu \u00e7al\u0131\u015fma ile hem \u00e7evre kirlili\u011finin \u00f6n\u00fcne ge\u00e7ilmesi hem de \u015fehrin bitki \u00f6rt\u00fcs\u00fcn\u00fcn zenginle\u015ftirilmesi ama\u00e7lan\u0131yor.<\/p>\n<p><b>Zeytin Fidan\u0131 Hediyesiyle Daha Ye\u015fil Bir Manisa<\/b><\/p>\n<p>Kampanya kapsam\u0131nda 1 kilogram at\u0131k pil teslim eden do\u011faseverlere, s\u0131n\u0131rl\u0131 say\u0131daki zeytin fidanlar\u0131ndan 1 adet hediye edilecek. Bu sayede Manisa\u2019n\u0131n daha temiz, daha sa\u011fl\u0131kl\u0131 ve daha ye\u015fil bir gelece\u011fe ta\u015f\u0131nmas\u0131 hedefleniyor.<\/p>\n<p><b>At\u0131k Pil Toplama Noktalar\u0131<\/b><\/p>\n<p>30 Mart 2026 Pazartesi &#8211; Manisa Merkez Fatih Sergi Salonu<\/p>\n<p>1 Nisan 2026 \u00c7ar\u015famba &#8211; Salihli Belediye Binas\u0131 \u00d6n\u00fc<\/p>\n<p>2 Nisan 2026 Per\u015fembe &#8211; Akhisar Belediye Binas\u0131 \u00d6n\u00fc<\/p>\n<p>3 Nisan 2026 Cuma &#8211; Soma Belediye Binas\u0131 \u00d6n\u00fc<\/p>\n<p>6 Nisan 2026 Pazartesi &#8211; Turgutlu Belediye Binas\u0131 \u00d6n\u00fc<\/p>\n<p>7 Nisan 2026 Sal\u0131 &#8211; Saruhanl\u0131 K\u00fclt\u00fcr Merkezi \u00d6n\u00fc<\/p>\n<p>Kurulan toplama noktalar\u0131nda belirlenen tarihlerde 09.00-12.00 ile 13.00-17.00 saatleri aras\u0131nda vatanda\u015flara hizmet verecek.<\/p>\n<p><b>Ba\u015fkan Dutlulu\u2019dan \u00c7a\u011fr\u0131<\/b><\/p>\n<p>Do\u011fay\u0131 koruman\u0131n ortak bir sorumluluk oldu\u011funu vurgulayan Manisa B\u00fcy\u00fck\u015fehir Belediye Ba\u015fkan\u0131 Besim Dutlulu, \u201cAt\u0131k piller bilin\u00e7sizce do\u011faya b\u0131rak\u0131ld\u0131\u011f\u0131nda topra\u011f\u0131m\u0131za ve su kaynaklar\u0131m\u0131za telafisi g\u00fc\u00e7 zararlar veriyor. Hem \u00e7evre duyarl\u0131l\u0131\u011f\u0131n\u0131 art\u0131rmak hem de vatanda\u015flar\u0131m\u0131z\u0131 geri d\u00f6n\u00fc\u015f\u00fcme te\u015fvik etmek i\u00e7in bu kampanyay\u0131 tekrar ba\u015flat\u0131yoruz. T\u00fcm hem\u015fehrilerimizi Manisa\u2019n\u0131n ye\u015filine katk\u0131 sunmaya davet ediyorum\u201d dedi.<\/p>\n<p>\u00a0<\/p>\n<p>\u00a0<\/p>\n<p>Kaynak: (BYZHA) Beyaz Haber Ajans\u0131<\/p>\n","protected":false},"excerpt":{"rendered":"<p>Manisa B\u00fcy\u00fck\u015fehir Belediyesi, \u00e7evre bilincini art\u0131rmak ve at\u0131k pillerin do\u011faya verdi\u011fi zarar\u0131 en aza indirmek amac\u0131yla \u2018At\u0131k Pil Toplama Kampanyas\u0131\u2019n\u0131 yeniden hayata ge\u00e7iriyor.<\/p>\n","protected":false},"author":1,"featured_media":3005,"comment_status":"open","ping_status":"open","sticky":false,"template":"","format":"standard","meta":{"footnotes":""},"categories":[20],"tags":[],"class_list":["post-3004","post","type-post","status-publish","format-standard","has-post-thumbnail","hentry","category-gundem"],"_links":{"self":[{"href":"https:\/\/akdenizolay.com.tr\/index.php\/wp-json\/wp\/v2\/posts\/3004","targetHints":{"allow":["GET"]}}],"collection":[{"href":"https:\/\/akdenizolay.com.tr\/index.php\/wp-json\/wp\/v2\/posts"}],"about":[{"href":"https:\/\/akdenizolay.com.tr\/index.php\/wp-json\/wp\/v2\/types\/post"}],"author":[{"embeddable":true,"href":"https:\/\/akdenizolay.com.tr\/index.php\/wp-json\/wp\/v2\/users\/1"}],"replies":[{"embeddable":true,"href":"https:\/\/akdenizolay.com.tr\/index.php\/wp-json\/wp\/v2\/comments?post=3004"}],"version-history":[{"count":1,"href":"https:\/\/akdenizolay.com.tr\/index.php\/wp-json\/wp\/v2\/posts\/3004\/revisions"}],"predecessor-version":[{"id":3006,"href":"https:\/\/akdenizolay.com.tr\/index.php\/wp-json\/wp\/v2\/posts\/3004\/revisions\/3006"}],"wp:featuredmedia":[{"embeddable":true,"href":"https:\/\/akdenizolay.com.tr\/index.php\/wp-json\/wp\/v2\/media\/3005"}],"wp:attachment":[{"href":"https:\/\/akdenizolay.com.tr\/index.php\/wp-json\/wp\/v2\/media?parent=3004"}],"wp:term":[{"taxonomy":"category","embeddable":true,"href":"https:\/\/akdenizolay.com.tr\/index.php\/wp-json\/wp\/v2\/categories?post=3004"},{"taxonomy":"post_tag","embeddable":true,"href":"https:\/\/akdenizolay.com.tr\/index.php\/wp-json\/wp\/v2\/tags?post=3004"}],"curies":[{"name":"wp","href":"https:\/\/api.w.org\/{rel}","templated":true}]}}