{"id":3013,"date":"2026-03-14T00:19:34","date_gmt":"2026-03-14T00:19:34","guid":{"rendered":"https:\/\/akdenizolay.com.tr\/index.php\/2026\/03\/14\/baskan-aydinin-cuma-duragi-emek-mahallesi-oldu\/"},"modified":"2026-03-14T00:19:35","modified_gmt":"2026-03-14T00:19:35","slug":"baskan-aydinin-cuma-duragi-emek-mahallesi-oldu","status":"publish","type":"post","link":"https:\/\/akdenizolay.com.tr\/index.php\/2026\/03\/14\/baskan-aydinin-cuma-duragi-emek-mahallesi-oldu\/","title":{"rendered":"Ba\u015fkan Ayd\u0131n\u2019\u0131n Cuma Dura\u011f\u0131 Emek Mahallesi Oldu"},"content":{"rendered":"<p> <span style=\"font-size:12pt\"><span style=\",serif\"><span style=\"font-size:11.0pt\"><span style=\",serif\">Osmangazi\u2019de ya\u015fayan vatanda\u015flar\u0131n istek ve taleplerini dinleyerek \u00e7\u00f6z\u00fcm \u00f6nerileri sunmak i\u00e7in her Cuma g\u00fcn\u00fc bir mahalle ziyareti ger\u00e7ekle\u015ftiren Osmangazi Belediye Ba\u015fkan\u0131 Erkan Ayd\u0131n\u2019\u0131n bu haftaki dura\u011f\u0131 Emek Zekai G\u00fcm\u00fc\u015fdi\u015f Mahallesi oldu.<\/span><\/span><\/span><\/span><\/p>\n<p><span style=\"font-size:12pt\"><span style=\",serif\"><span style=\"font-size:11.0pt\"><span style=\",serif\">Osmangazi Belediye Ba\u015fkan\u0131 Erkan Ayd\u0131n, mahalle ziyaretleri kapsam\u0131nda Emek Zekai G\u00fcm\u00fc\u015fdi\u015f Mahallesi\u2019nde vatanda\u015flarla bir araya geldi. Samimi bir atmosferde ger\u00e7ekle\u015fen bulu\u015fmada Ba\u015fkan Erkan Ayd\u0131n\u2019a CHP Osmangazi \u0130l\u00e7e Ba\u015fkan\u0131 Ra\u015fit G\u00fcrb\u00fcz, Osmangazi Muhtarlar Derne\u011fi Ba\u015fkan\u0131 Burhan Mandac\u0131, Emek Zekai G\u00fcm\u00fc\u015fdi\u015f Mahalle Muhtar\u0131 Talip Abdio\u011flu, Emek Adnan Menderes Mahalle Muhtar\u0131 Naci \u00d6zbay, belediye ba\u015fkan yard\u0131mc\u0131lar\u0131 ile meclis \u00fcyeleri e\u015flik etti.<\/span><\/span><\/span><\/span><\/p>\n<p><span style=\"font-size:12pt\"><span style=\",serif\"><span style=\"font-size:11.0pt\"><span style=\",serif\">Cuma namaz\u0131n\u0131 Emek Hac\u0131 Zahide Camii\u2019nde k\u0131lan Ba\u015fkan Erkan Ayd\u0131n, namaz \u00e7\u0131k\u0131\u015f\u0131nda Emek Zekai G\u00fcm\u00fc\u015fdi\u015f Mahalle Muhtarl\u0131\u011f\u0131\u2019na ziyarette bulundu. Burada muhtar Talip Abdio\u011flu\u2019ndan bilgiler alan Ba\u015fkan Ayd\u0131n, daha sonra ise mahalle sakinleriyle sohbet ederek talep ve \u00f6nerileri yerinde dinledi. Mahallede yap\u0131lmas\u0131 planlanan \u00e7al\u0131\u015fmalar hakk\u0131nda da a\u00e7\u0131klama yapan Ayd\u0131n, iletilen taleplerin en k\u0131sa s\u00fcrede de\u011ferlendirilerek \u00e7\u00f6z\u00fcm \u00fcretilece\u011fini s\u00f6yledi.<\/span><\/span><\/span><\/span><\/p>\n<p>\u00a0<\/p>\n<p>Kaynak: (BYZHA) Beyaz Haber Ajans\u0131<\/p>\n","protected":false},"excerpt":{"rendered":"<p>Osmangazi\u2019de ya\u015fayan vatanda\u015flar\u0131n istek ve taleplerini dinleyerek \u00e7\u00f6z\u00fcm \u00f6nerileri sunmak i\u00e7in her Cuma g\u00fcn\u00fc bir mahalle ziyareti ger\u00e7ekle\u015ftiren Osmangazi Belediye Ba\u015fkan\u0131 Erkan Ayd\u0131n\u2019\u0131n bu haftaki dura\u011f\u0131 Emek Zekai G\u00fcm\u00fc\u015fdi\u015f Mahallesi oldu.<\/p>\n","protected":false},"author":1,"featured_media":3014,"comment_status":"open","ping_status":"open","sticky":false,"template":"","format":"standard","meta":{"footnotes":""},"categories":[20],"tags":[],"class_list":["post-3013","post","type-post","status-publish","format-standard","has-post-thumbnail","hentry","category-gundem"],"_links":{"self":[{"href":"https:\/\/akdenizolay.com.tr\/index.php\/wp-json\/wp\/v2\/posts\/3013","targetHints":{"allow":["GET"]}}],"collection":[{"href":"https:\/\/akdenizolay.com.tr\/index.php\/wp-json\/wp\/v2\/posts"}],"about":[{"href":"https:\/\/akdenizolay.com.tr\/index.php\/wp-json\/wp\/v2\/types\/post"}],"author":[{"embeddable":true,"href":"https:\/\/akdenizolay.com.tr\/index.php\/wp-json\/wp\/v2\/users\/1"}],"replies":[{"embeddable":true,"href":"https:\/\/akdenizolay.com.tr\/index.php\/wp-json\/wp\/v2\/comments?post=3013"}],"version-history":[{"count":1,"href":"https:\/\/akdenizolay.com.tr\/index.php\/wp-json\/wp\/v2\/posts\/3013\/revisions"}],"predecessor-version":[{"id":3015,"href":"https:\/\/akdenizolay.com.tr\/index.php\/wp-json\/wp\/v2\/posts\/3013\/revisions\/3015"}],"wp:featuredmedia":[{"embeddable":true,"href":"https:\/\/akdenizolay.com.tr\/index.php\/wp-json\/wp\/v2\/media\/3014"}],"wp:attachment":[{"href":"https:\/\/akdenizolay.com.tr\/index.php\/wp-json\/wp\/v2\/media?parent=3013"}],"wp:term":[{"taxonomy":"category","embeddable":true,"href":"https:\/\/akdenizolay.com.tr\/index.php\/wp-json\/wp\/v2\/categories?post=3013"},{"taxonomy":"post_tag","embeddable":true,"href":"https:\/\/akdenizolay.com.tr\/index.php\/wp-json\/wp\/v2\/tags?post=3013"}],"curies":[{"name":"wp","href":"https:\/\/api.w.org\/{rel}","templated":true}]}}