{"id":3025,"date":"2026-03-14T00:19:40","date_gmt":"2026-03-14T00:19:40","guid":{"rendered":"https:\/\/akdenizolay.com.tr\/index.php\/2026\/03\/14\/karsiyakadan-cocuklari-siddet-sarmalindan-koruyacak-tarihi-karar-pazar-yerlerinde-kesici-alet-satisina-son\/"},"modified":"2026-03-14T00:19:41","modified_gmt":"2026-03-14T00:19:41","slug":"karsiyakadan-cocuklari-siddet-sarmalindan-koruyacak-tarihi-karar-pazar-yerlerinde-kesici-alet-satisina-son","status":"publish","type":"post","link":"https:\/\/akdenizolay.com.tr\/index.php\/2026\/03\/14\/karsiyakadan-cocuklari-siddet-sarmalindan-koruyacak-tarihi-karar-pazar-yerlerinde-kesici-alet-satisina-son\/","title":{"rendered":"Kar\u015f\u0131yaka\u2019dan \u00e7ocuklar\u0131 \u015fiddet sarmal\u0131ndan koruyacak tarihi karar:  Pazar yerlerinde kesici alet sat\u0131\u015f\u0131na son!"},"content":{"rendered":"<p> <b>Kar\u015f\u0131yaka Belediye Meclisi, T\u00fcrkiye\u2019nin kanayan yaras\u0131 haline gelen \u00e7ocuklar\u0131n su\u00e7a s\u00fcr\u00fcklenmesi ve kesici aletle i\u015flenen su\u00e7lardaki art\u0131\u015fa kar\u015f\u0131 \u00f6rnek bir hamle yapt\u0131. Meclise sunulan \u00f6nergeyle, pazar yerlerinde denetimsiz \u015fekilde sat\u0131lan ve \u015fiddeti tetikleyen kesici-delici aletlerin sat\u0131\u015f\u0131 tamamen yasaklanacak. Belediye Ba\u015fkan\u0131 Y\u0131ld\u0131z \u00dcnsal, \u201cKendi yetki alan\u0131m\u0131zda sorumluluk al\u0131yor; pazar yerlerimizde kesici alet sat\u0131\u015f\u0131n\u0131 yasaklamak i\u00e7in ad\u0131m at\u0131yoruz\u201d dedi.<\/b><\/p>\n<p>Kar\u015f\u0131yaka Belediye Meclisi, 2026 y\u0131l\u0131 mart ay\u0131 ola\u011fan toplant\u0131s\u0131n\u0131n ilk birle\u015fiminde, toplumun huzurunu ve \u00f6zellikle \u00e7ocuklar\u0131n g\u00fcvenli\u011fini do\u011frudan hedef alan kritik bir karara imza att\u0131. Belediye Ba\u015fkan\u0131 Y\u0131ld\u0131z \u00dcnsal y\u00f6netiminde ger\u00e7ekle\u015fen oturumda; il\u00e7edeki semt pazarlar\u0131, \u00fcretici pazarlar\u0131, tematik pazarlar ve her t\u00fcrl\u00fc etkinlik alan\u0131nda kesici alet sat\u0131\u015f\u0131n\u0131n yasaklanmas\u0131n\u0131 i\u00e7eren \u00f6nerge g\u00f6r\u00fc\u015f\u00fcld\u00fc. Son d\u00f6nemde \u00e7ocuklar\u0131n kar\u0131\u015ft\u0131\u011f\u0131 \u015fiddet olaylar\u0131n\u0131n yaratt\u0131\u011f\u0131 toplumsal infiali dindirmeyi ama\u00e7layan bu ad\u0131m, detayl\u0131 inceleme i\u00e7in Hukuk ile Esnaf, Sanatkarlar ve Pazar Yerleri Komisyonu\u2019na sevk edildi. Zab\u0131ta M\u00fcd\u00fcrl\u00fc\u011f\u00fcnce haz\u0131rlanan ve meclis onay\u0131n\u0131n ard\u0131ndan y\u00fcr\u00fcrl\u00fc\u011fe girecek olan bu kararla birlikte; b\u0131\u00e7ak, sustal\u0131, kama, han\u00e7er, sat\u0131r, balta, k\u0131l\u0131\u00e7 ve pala gibi su\u00e7 unsuru olabilecek aletlerin tezgahlarda yer almas\u0131 yasaklanacak.<br \/><b>YAPTIRIMLAR TAV\u0130ZS\u0130Z UYGULANACAK<\/b><\/p>\n<p>Sunulan \u00f6nergede, bu t\u00fcr aletlerin denetimsiz ortamlarda sat\u0131\u015f\u0131n\u0131n su\u00e7a s\u00fcr\u00fcklenen \u00e7ocuk say\u0131s\u0131ndaki art\u0131\u015f\u0131 tetikledi\u011fi ve toplumsal \u015fiddet d\u00f6ng\u00fcs\u00fcn\u00fc besledi\u011fi vurgulan\u0131rken; yasa\u011f\u0131n ruhsatl\u0131 i\u015f yerlerindeki genel ticari faaliyetleri kapsamad\u0131\u011f\u0131 belirtildi. Ba\u015fta \u00e7ocuklar olmak \u00fczere t\u00fcm vatanda\u015flar\u0131n ya\u015fam hakk\u0131n\u0131 ve can g\u00fcvenli\u011fini \u00f6nceleyen bu yeni kural\u0131n y\u00fcr\u00fcrl\u00fc\u011fe girmesiyle birlikte, pazar alanlar\u0131nda yasa\u011f\u0131 \u00e7i\u011fneyenler hakk\u0131nda 5326 say\u0131l\u0131 Kabahatler Kanunu ve ilgili mevzuat uyar\u0131nca idari yapt\u0131r\u0131mlar uygulanacak.<\/p>\n<p><b>\u201cDAHA G\u00dcVENL\u0130 B\u0130R KENT \u0130\u00c7\u0130N\u201d<\/b><\/p>\n<p>Kar\u015f\u0131yaka Belediye Ba\u015fkan\u0131 Y\u0131ld\u0131z \u00dcnsal, \u201cT\u00fcrkiye, maalesef son g\u00fcnlerde 18 ya\u015f alt\u0131ndaki \u00e7ocuklar\u0131m\u0131z\u0131n kesici aletlerle birbirine zarar verdi\u011fi, ailelerin yok oldu\u011fu ac\u0131 haberlerle sars\u0131l\u0131yor. Parkta b\u0131\u00e7aklanan Emirhan, okul \u00e7\u0131k\u0131\u015f\u0131nda sald\u0131r\u0131ya u\u011frayan Arda, bir pazar yerinde hayattan kopar\u0131lan Ahmet Minguzzi\u2026 Ve hayat\u0131n\u0131n bahar\u0131nda topra\u011fa verilen nice gen\u00e7 fidan. Bu \u015fiddet sarmal\u0131 hepimizin can\u0131n\u0131 yak\u0131yor ve gelece\u011fimizi tehdit ediyor. Hem \u015fiddet ma\u011fduru olan hem de su\u00e7a s\u00fcr\u00fcklenen \u00e7ocuklar\u0131m\u0131z\u0131 korumak ad\u0131na, Kar\u015f\u0131yaka s\u0131n\u0131rlar\u0131 i\u00e7indeki t\u00fcm pazarlar\u0131m\u0131zda kesici-delici alet sat\u0131\u015f\u0131n\u0131n yasaklanmas\u0131n\u0131 istiyoruz. \u00c7ocuklar\u0131 korumak, onlar\u0131 bu karanl\u0131ktan \u00e7ekip \u00e7\u0131karmak biz b\u00fcy\u00fcklerin g\u00f6revi. Kendi yetki alan\u0131m\u0131zda \u00fczerimize d\u00fc\u015feni yap\u0131yor; meclis karar\u0131m\u0131z\u0131n ard\u0131ndan ikinci el pazarlar\u0131m\u0131z dahil hi\u00e7bir sat\u0131\u015f alan\u0131nda bu aletlerin sergilenmesine m\u00fcsaade etmiyoruz. Sokaklarda \u015fiddeti k\u00f6r\u00fckleyen unsurlar\u0131 temizlemek en b\u00fcy\u00fck gayemizdir. Kar\u015f\u0131yaka\u2019n\u0131n her soka\u011f\u0131nda vatanda\u015flar\u0131m\u0131z\u0131n huzurla y\u00fcr\u00fcd\u00fc\u011f\u00fc, g\u00fcvenli bir kent i\u00e7in \u00e7al\u0131\u015fmaya devam edece\u011fiz\u201d diye konu\u015ftu.\u00a0<\/p>\n<p>\u00a0<\/p>\n<p>Kaynak: (BYZHA) Beyaz Haber Ajans\u0131<\/p>\n","protected":false},"excerpt":{"rendered":"<p>Kar\u015f\u0131yaka Belediye Meclisi, T\u00fcrkiye\u2019nin kanayan yaras\u0131 haline gelen \u00e7ocuklar\u0131n su\u00e7a s\u00fcr\u00fcklenmesi ve kesici aletle i\u015flenen su\u00e7lardaki art\u0131\u015fa kar\u015f\u0131 \u00f6rnek bir hamle yapt\u0131.<\/p>\n","protected":false},"author":1,"featured_media":3026,"comment_status":"open","ping_status":"open","sticky":false,"template":"","format":"standard","meta":{"footnotes":""},"categories":[20],"tags":[],"class_list":["post-3025","post","type-post","status-publish","format-standard","has-post-thumbnail","hentry","category-gundem"],"_links":{"self":[{"href":"https:\/\/akdenizolay.com.tr\/index.php\/wp-json\/wp\/v2\/posts\/3025","targetHints":{"allow":["GET"]}}],"collection":[{"href":"https:\/\/akdenizolay.com.tr\/index.php\/wp-json\/wp\/v2\/posts"}],"about":[{"href":"https:\/\/akdenizolay.com.tr\/index.php\/wp-json\/wp\/v2\/types\/post"}],"author":[{"embeddable":true,"href":"https:\/\/akdenizolay.com.tr\/index.php\/wp-json\/wp\/v2\/users\/1"}],"replies":[{"embeddable":true,"href":"https:\/\/akdenizolay.com.tr\/index.php\/wp-json\/wp\/v2\/comments?post=3025"}],"version-history":[{"count":1,"href":"https:\/\/akdenizolay.com.tr\/index.php\/wp-json\/wp\/v2\/posts\/3025\/revisions"}],"predecessor-version":[{"id":3027,"href":"https:\/\/akdenizolay.com.tr\/index.php\/wp-json\/wp\/v2\/posts\/3025\/revisions\/3027"}],"wp:featuredmedia":[{"embeddable":true,"href":"https:\/\/akdenizolay.com.tr\/index.php\/wp-json\/wp\/v2\/media\/3026"}],"wp:attachment":[{"href":"https:\/\/akdenizolay.com.tr\/index.php\/wp-json\/wp\/v2\/media?parent=3025"}],"wp:term":[{"taxonomy":"category","embeddable":true,"href":"https:\/\/akdenizolay.com.tr\/index.php\/wp-json\/wp\/v2\/categories?post=3025"},{"taxonomy":"post_tag","embeddable":true,"href":"https:\/\/akdenizolay.com.tr\/index.php\/wp-json\/wp\/v2\/tags?post=3025"}],"curies":[{"name":"wp","href":"https:\/\/api.w.org\/{rel}","templated":true}]}}