{"id":3046,"date":"2026-03-14T00:19:50","date_gmt":"2026-03-14T00:19:50","guid":{"rendered":"https:\/\/akdenizolay.com.tr\/index.php\/2026\/03\/14\/baskan-sadi-ozdemir-nilufer-bir-kadin-kentidir\/"},"modified":"2026-03-14T00:19:51","modified_gmt":"2026-03-14T00:19:51","slug":"baskan-sadi-ozdemir-nilufer-bir-kadin-kentidir","status":"publish","type":"post","link":"https:\/\/akdenizolay.com.tr\/index.php\/2026\/03\/14\/baskan-sadi-ozdemir-nilufer-bir-kadin-kentidir\/","title":{"rendered":"Ba\u015fkan \u015eadi \u00d6zdemir: Nil\u00fcfer bir kad\u0131n kentidir"},"content":{"rendered":"<p> <b>Nil\u00fcfer Belediye Ba\u015fkan\u0131 \u015eadi \u00d6zdemir, kad\u0131n dernekleri ve \u00fcretici kad\u0131n kooperatifleriyle bulu\u015ftu\u011fu iftarda; 5 y\u0131lda 20 kre\u015f hedefinden ekonomik \u00f6zg\u00fcrl\u00fc\u011fe, \u015feffaf belediyecilikten \u201cAnne Taksi\u201d uygulamas\u0131na kadar Nil\u00fcfer\u2019in kad\u0131n odakl\u0131 vizyonunu anlatt\u0131.<\/b><\/p>\n<p>Nil\u00fcfer Belediye Ba\u015fkan\u0131 \u015eadi \u00d6zdemir, kentteki kad\u0131n derneklerinin temsilcileriyle iftar program\u0131nda bir araya geldi. Nil\u00fcfer mahalle kad\u0131n dernekleri, Nil\u00fcfer \u00dcretici Kad\u0131nlar Kooperatifi ve Nil\u00fcfer Kent Konseyi Kad\u0131n Meclisi \u00fcyelerinin kat\u0131l\u0131m\u0131yla ger\u00e7ekle\u015fen programa, Nil\u00fcfer Belediye Ba\u015fkan Yard\u0131mc\u0131s\u0131 Emre Karag\u00f6z ve Ba\u015fkan \u015eadi \u00d6zdemir\u2019in e\u015fi Nuray \u00d6zdemir de e\u015flik etti.<\/p>\n<p>Programda yapt\u0131\u011f\u0131 konu\u015fmada, Nil\u00fcfer\u2019i bir\u00a0kad\u0131n kenti\u00a0yapma vizyonunu payla\u015fan Ba\u015fkan \u015eadi \u00d6zdemir, kad\u0131nlar\u0131n ekonomik ba\u011f\u0131ms\u0131zl\u0131klar\u0131n\u0131 kazanmalar\u0131 i\u00e7in\u00a0\u00fcretim ve kooperatifle\u015fme\u00a0s\u00fcre\u00e7lerinin \u00f6nemine i\u015faret etti. Nil\u00fcfer\u2019i her zaman \u201cbir kad\u0131n kenti\u201d olarak tan\u0131mlad\u0131klar\u0131n\u0131 vurgulayan Ba\u015fkan \u015eadi \u00d6zdemir, kad\u0131nlar\u0131n g\u00fcn\u00fcn her saatinde kendilerini g\u00fcvenli ve huzurlu hissettikleri bir kent yaratma hedefini yineledi. Kad\u0131n derneklerinin \u00fcye say\u0131lar\u0131n\u0131n artmas\u0131 gerekti\u011fini ifade eden Ba\u015fkan \u015eadi \u00d6zdemir, \u201cAs\u0131l amac\u0131m\u0131z kad\u0131nlar\u0131n b\u00fct\u00e7elerine gelir ta\u015f\u0131mas\u0131n\u0131 sa\u011flamak. Kad\u0131n para kazanabildi\u011fi s\u00fcrece \u00f6zg\u00fcrl\u00fc\u011f\u00fcn\u00fc kazanacakt\u0131r\u201d dedi.<\/p>\n<p><b>SOSYAL BELED\u0130YEC\u0130L\u0130KTE KADIN ODAKLI PROJELER<\/b><br \/>Ba\u015fkan \u015eadi \u00d6zdemir, kad\u0131nlar\u0131n sosyal hayata ve istihdama kat\u0131l\u0131m\u0131n\u0131 desteklemek amac\u0131yla hayata ge\u00e7irilen projeleri de anlatt\u0131. G\u00f6reve geldiklerinden bu yana iki yeni kre\u015f a\u00e7t\u0131klar\u0131n\u0131, \u00fc\u00e7\u00fcn\u00fcn ise yap\u0131m a\u015famas\u0131nda oldu\u011funu belirten Ba\u015fkan \u015eadi \u00d6zdemir, \u201cKad\u0131n arkada\u015flar\u0131m\u0131z rahat olsun. Tarlada \u00e7al\u0131\u015f\u0131yorsa tarlada, fabrikada \u00e7al\u0131\u015f\u0131yorsa fabrikada \u00e7al\u0131\u015fs\u0131n. Serbest \u00e7al\u0131\u015f\u0131yorsa serbest \u00e7al\u0131\u015fs\u0131n. Sosyalle\u015fmek istiyorsa sosyalle\u015fsin. Bu yat\u0131r\u0131mlar\u0131n di\u011fer taraf\u0131 da \u015fu; o \u00e7ocuklar\u0131 d\u00fczg\u00fcn, d\u00fczenli, disiplinli bir \u015fekilde e\u011fitiyoruz. Herkesin imrendi\u011fi 16 ki\u015filik s\u0131n\u0131flarda e\u011fitimler veriyoruz\u201d diye konu\u015ftu.<\/p>\n<p>Ba\u015fkan \u015eadi \u00d6zdemir, b\u00fcy\u00fck ilgi g\u00f6ren \u201cAnne Taksi\u201d uygulamas\u0131ndaki ara\u00e7 say\u0131s\u0131n\u0131n art\u0131r\u0131laca\u011f\u0131n\u0131n m\u00fcjdesini de vererek, \u201cHamile ve bebekli annelerin devlet hastanesi ula\u015f\u0131mlar\u0131n\u0131 \u00fccretsiz ve g\u00fcvenli bir \u015fekilde sa\u011flamaya devam ediyoruz\u201d ifadelerini kulland\u0131.<\/p>\n<p>Program\u0131n sonunda, Ba\u015fkan \u015eadi \u00d6zdemir, kad\u0131n dernekleri ve kooperatiflerinin kendilerinin \u00e7ok \u00f6nemli bir payda\u015f\u0131 oldu\u011funu ifade ederek, t\u00fcm kad\u0131nlar\u0131n kent y\u00f6netimindeki etkin rollerinin artarak devam edece\u011fini s\u00f6yledi.<\/p>\n<p>\u00a0<\/p>\n<p>Kaynak: (BYZHA) Beyaz Haber Ajans\u0131<\/p>\n","protected":false},"excerpt":{"rendered":"<p>Nil\u00fcfer Belediye Ba\u015fkan\u0131 \u015eadi \u00d6zdemir, kad\u0131n dernekleri ve \u00fcretici kad\u0131n kooperatifleriyle bulu\u015ftu\u011fu iftarda; 5 y\u0131lda 20 kre\u015f hedefinden ekonomik \u00f6zg\u00fcrl\u00fc\u011fe, \u015feffaf belediyecilikten \u201cAnne Taksi\u201d uygulamas\u0131na kadar Nil\u00fcfer\u2019in kad\u0131n odakl\u0131 vizyonunu anlatt\u0131.<\/p>\n","protected":false},"author":1,"featured_media":3047,"comment_status":"open","ping_status":"open","sticky":false,"template":"","format":"standard","meta":{"footnotes":""},"categories":[20],"tags":[],"class_list":["post-3046","post","type-post","status-publish","format-standard","has-post-thumbnail","hentry","category-gundem"],"_links":{"self":[{"href":"https:\/\/akdenizolay.com.tr\/index.php\/wp-json\/wp\/v2\/posts\/3046","targetHints":{"allow":["GET"]}}],"collection":[{"href":"https:\/\/akdenizolay.com.tr\/index.php\/wp-json\/wp\/v2\/posts"}],"about":[{"href":"https:\/\/akdenizolay.com.tr\/index.php\/wp-json\/wp\/v2\/types\/post"}],"author":[{"embeddable":true,"href":"https:\/\/akdenizolay.com.tr\/index.php\/wp-json\/wp\/v2\/users\/1"}],"replies":[{"embeddable":true,"href":"https:\/\/akdenizolay.com.tr\/index.php\/wp-json\/wp\/v2\/comments?post=3046"}],"version-history":[{"count":1,"href":"https:\/\/akdenizolay.com.tr\/index.php\/wp-json\/wp\/v2\/posts\/3046\/revisions"}],"predecessor-version":[{"id":3048,"href":"https:\/\/akdenizolay.com.tr\/index.php\/wp-json\/wp\/v2\/posts\/3046\/revisions\/3048"}],"wp:featuredmedia":[{"embeddable":true,"href":"https:\/\/akdenizolay.com.tr\/index.php\/wp-json\/wp\/v2\/media\/3047"}],"wp:attachment":[{"href":"https:\/\/akdenizolay.com.tr\/index.php\/wp-json\/wp\/v2\/media?parent=3046"}],"wp:term":[{"taxonomy":"category","embeddable":true,"href":"https:\/\/akdenizolay.com.tr\/index.php\/wp-json\/wp\/v2\/categories?post=3046"},{"taxonomy":"post_tag","embeddable":true,"href":"https:\/\/akdenizolay.com.tr\/index.php\/wp-json\/wp\/v2\/tags?post=3046"}],"curies":[{"name":"wp","href":"https:\/\/api.w.org\/{rel}","templated":true}]}}