{"id":3052,"date":"2026-03-14T00:19:53","date_gmt":"2026-03-14T00:19:53","guid":{"rendered":"https:\/\/akdenizolay.com.tr\/index.php\/2026\/03\/14\/baskan-ozarslan-vakif-dostlariyla-iftar-sofrasinda-bulustu\/"},"modified":"2026-03-14T00:19:54","modified_gmt":"2026-03-14T00:19:54","slug":"baskan-ozarslan-vakif-dostlariyla-iftar-sofrasinda-bulustu","status":"publish","type":"post","link":"https:\/\/akdenizolay.com.tr\/index.php\/2026\/03\/14\/baskan-ozarslan-vakif-dostlariyla-iftar-sofrasinda-bulustu\/","title":{"rendered":"Ba\u015fkan \u00d6zarslan Vak\u0131f Dostlar\u0131yla \u0130ftar Sofras\u0131nda Bulu\u015ftu"},"content":{"rendered":"<p> <b>Ke\u00e7i\u00f6ren Belediye Ba\u015fkan\u0131 Dr. Mesut \u00d6zarslan<\/b>, Yeni D\u00fcnya Vakf\u0131 taraf\u0131ndan Ihlamur Kasr\u0131\u2019nda d\u00fczenlenen Geleneksel Vak\u0131f Dostlar\u0131 \u0130ftar Bulu\u015fmas\u0131\u2019na kat\u0131ld\u0131. Ramazan ay\u0131n\u0131n manevi atmosferinin ya\u015fand\u0131\u011f\u0131 programda, vak\u0131f k\u00fclt\u00fcr\u00fcn\u00fcn toplumdaki dayan\u0131\u015fma ruhunu g\u00fc\u00e7lendirdi\u011fine ve gen\u00e7lerin yeti\u015fmesinde \u00f6nemli bir rol \u00fcstlendi\u011fine dikkat \u00e7ekildi.<\/p>\n<p>\u0130ftar program\u0131na<b>\u00a0Ke\u00e7i\u00f6ren Belediye Ba\u015fkan\u0131 Dr. Mesut \u00d6zarslan\u2019<\/b>\u0131n<b>\u00a0<\/b>yan\u0131 s\u0131ra;<b>\u00a0<\/b>22. D\u00f6nem TBMM Ba\u015fkan\u0131 B\u00fclent Ar\u0131n\u00e7, Anayasa Mahkemesi \u00dcyesi Recai Akyel, Yeni D\u00fcnya Vakf\u0131 Ba\u015fkan\u0131 Mahmut G\u00f6ksu, Yeni D\u00fcnya Vakf\u0131 Ankara \u015eube Ba\u015fkan\u0131 \u0130lyas Aydo\u011fan, milletvekilleri, rekt\u00f6rler, b\u00fcrokratlar ve vak\u0131f b\u00fcnyesindeki \u00e7ok say\u0131da \u00f6\u011frenci kat\u0131ld\u0131.<\/p>\n<p><b>\u201cVak\u0131flar ya\u015farsa milli ve manevi de\u011ferlerimiz de ya\u015far\u201d<\/b><\/p>\n<p><b>Ke\u00e7i\u00f6ren Belediye Ba\u015fkan\u0131 Dr. Mesut \u00d6zarslan<\/b>\u00a0burada yapt\u0131\u011f\u0131 konu\u015fmada vak\u0131f k\u00fclt\u00fcr\u00fcn\u00fcn T\u00fcrk milletinin k\u00f6kl\u00fc gelene\u011finin bir par\u00e7as\u0131 oldu\u011funu vurgulayarak \u015funlar\u0131 dile getirdi: \u201cBug\u00fcn \u0130stiklal Mar\u015f\u0131\u2019m\u0131z\u0131n kabul\u00fcn\u00fcn y\u0131l d\u00f6n\u00fcm\u00fcn\u00fc de idrak ediyoruz. Y\u00fcce Mevla\u2019m bir daha bu vatana ve millete yeniden \u0130stiklal Mar\u015f\u0131 yazd\u0131rmas\u0131n. Bizler y\u00fcce T\u00fcrk milletinin asil insanlar\u0131y\u0131z. Asaletimiz \u0131rk\u00e7\u0131l\u0131ktan gelmez. Bizim asaletimiz y\u00fczy\u0131llard\u0131r mazlumlara el uzatan ecdad\u0131m\u0131zdan gelir. Bu millet Resulullah Efendimizin sanca\u011f\u0131n\u0131 ta\u015f\u0131m\u0131\u015f bir millettir. Bizim ecdad\u0131m\u0131z Anadolu topraklar\u0131n\u0131 bizlere emanet etmi\u015ftir. Bu emaneti koruman\u0131n yolu da insanl\u0131\u011fa hizmet etmektir. \u0130\u015fte vak\u0131flar da bu hizmet anlay\u0131\u015f\u0131n\u0131n en \u00f6nemli kurumlar\u0131d\u0131r. Yeni D\u00fcnya Vakf\u0131 da gen\u00e7lerimizin yeti\u015fmesi i\u00e7in \u00e7ok k\u0131ymetli \u00e7al\u0131\u015fmalar y\u00fcr\u00fct\u00fcyor. Ke\u00e7i\u00f6ren\u2019de iki tane yurtlar\u0131 var. Bu yurtlar\u0131n ve vakf\u0131n yapt\u0131\u011f\u0131 t\u00fcm \u00e7al\u0131\u015fmalar\u0131n her zaman destek\u00e7isi olaca\u011f\u0131m\u0131z\u0131 ifade etmek istiyorum. Bu vak\u0131flar ya\u015farsa bizim k\u00fclt\u00fcr\u00fcm\u00fcz, de\u011ferlerimiz ve insanl\u0131\u011fa hizmet anlay\u0131\u015f\u0131m\u0131z da ya\u015famaya devam eder.\u201d<\/p>\n<p><b>\u201cVak\u0131flara destek olmak hepimizin sorumlulu\u011fudur\u201d<\/b><\/p>\n<p><b>22. D\u00f6nem TBMM Ba\u015fkan\u0131 B\u00fclent Ar\u0131n\u00e7,<\/b>\u00a0konu\u015fmas\u0131nda vak\u0131flar\u0131n toplum hayat\u0131ndaki \u00f6nemine ve Yeni D\u00fcnya Vakf\u0131\u2019n\u0131n y\u00fcr\u00fctt\u00fc\u011f\u00fc faaliyetlerin de\u011ferli oldu\u011funa de\u011finerek \u015funlar\u0131 s\u00f6yledi: \u201cBen Meclis Ba\u015fkanl\u0131\u011f\u0131m d\u00f6neminde de vak\u0131flar\u0131 sever ve desteklerdim. Ba\u015fbakan Yard\u0131mc\u0131l\u0131\u011f\u0131 g\u00f6revimde de vak\u0131flarla yak\u0131ndan ilgilenme imk\u00e2n\u0131 buldum. T\u00fcrkiye\u2019nin vak\u0131f zengini bir \u00fclke oldu\u011funu o zaman daha iyi g\u00f6rd\u00fcm. Her vakf\u0131n bir duas\u0131 vard\u0131r, bir de bedduas\u0131 vard\u0131r. Vakf\u0131n \u015fartlar\u0131na uygun hizmet edenlere hay\u0131r dualar\u0131 edilir; ama vakf\u0131n amac\u0131n\u0131n d\u0131\u015f\u0131na \u00e7\u0131kanlara da beddua edilir. Bu nedenle vak\u0131f \u00e7al\u0131\u015fmalar\u0131n\u0131 bir ibadet olarak g\u00f6rmek ve vakf\u0131n \u015fartlar\u0131na uygun hareket etmek gerekir. Ben Yeni D\u00fcnya Vakf\u0131\u2019n\u0131 ve benzeri vak\u0131flar\u0131 b\u00fcy\u00fck bir gayretle \u00e7al\u0131\u015fan kurumlar olarak g\u00f6r\u00fcyorum. Bu i\u015fi a\u015fkla yapan arkada\u015flar\u0131m\u0131z\u0131 tebrik ediyorum.\u201d<\/p>\n<p><b>\u201c30 y\u0131ld\u0131r gen\u00e7ler i\u00e7in \u00e7al\u0131\u015f\u0131yoruz\u201d<\/b><\/p>\n<p><b>Yeni D\u00fcnya Vakf\u0131 Ba\u015fkan\u0131 Mahmut G\u00f6ksu<\/b>\u00a0ise konu\u015fmas\u0131nda vakf\u0131n 30 y\u0131ld\u0131r gen\u00e7lerin e\u011fitimine katk\u0131 sa\u011flamak amac\u0131yla faaliyet y\u00fcr\u00fctt\u00fc\u011f\u00fcn\u00fc ifade ederek \u015fu mesajlar\u0131 payla\u015ft\u0131: \u201cBizleri bir araya getiren Ke\u00e7i\u00f6ren Belediye Ba\u015fkan\u0131m\u0131z Say\u0131n Dr. Mesut \u00d6zarslan\u2019a da te\u015fekk\u00fcr ediyorum. Yeni D\u00fcnya Vakf\u0131 olarak 30 y\u0131ld\u0131r gen\u00e7lerimize ula\u015fmak, onlar\u0131 vatana ve millete ba\u011fl\u0131 bireyler olarak yeti\u015ftirmek i\u00e7in \u00e7al\u0131\u015f\u0131yoruz. Bug\u00fcn burs hizmetlerimiz ba\u015fta olmak \u00fczere e\u011fitim ve sosyal faaliyetlerle binlerce gence ula\u015fm\u0131\u015f durumday\u0131z. \u015eu anda e\u011fitim hayat\u0131n\u0131n farkl\u0131 kademelerinde iki binden fazla \u00f6\u011frenciye burs veriyoruz. T\u00fcrkiye genelinde bir\u00e7ok \u015fubemiz ve yurdumuz bulunuyor. Amac\u0131m\u0131z e\u011fitimli, ahlakl\u0131 ve vatan\u0131na ba\u011fl\u0131 gen\u00e7ler yeti\u015fmesine katk\u0131 sa\u011flamakt\u0131r. Biz inan\u0131yoruz ki insan hayat\u0131 fanidir ama yap\u0131lan hay\u0131r i\u015fleri kal\u0131c\u0131d\u0131r. Vak\u0131f \u00e7al\u0131\u015fmalar\u0131 da insanlar\u0131n g\u00f6n\u00fcllerine dokunman\u0131n en g\u00fczel yollar\u0131ndan biridir. Bu nedenle vakf\u0131m\u0131za destek olan t\u00fcm g\u00f6n\u00fcl dostlar\u0131m\u0131za te\u015fekk\u00fcr ediyorum.\u201d<\/p>\n<p><b>\u201cVak\u0131flar medeniyetimizin en \u00f6nemli kurumlar\u0131ndand\u0131r\u201d<\/b><\/p>\n<p><b>Yeni D\u00fcnya Vakf\u0131 Ankara \u015eube Ba\u015fkan\u0131 \u0130lyas Aydo\u011fan<\/b>\u00a0da konu\u015fmas\u0131nda vak\u0131flar\u0131n T\u00fcrk-\u0130slam medeniyetinin en \u00f6nemli kurumlar\u0131ndan biri oldu\u011funu belirterek, \u201cVak\u0131flar bizim medeniyetimizin en \u00f6nemli m\u00fcesseselerindendir. Ecdad\u0131m\u0131z camilerden medreselere, hastanelerden a\u015fevlerine kadar pek \u00e7ok hizmeti vak\u0131flar arac\u0131l\u0131\u011f\u0131yla ger\u00e7ekle\u015ftirmi\u015ftir. Bug\u00fcn de vakf\u0131m\u0131z y\u00fcr\u00fctt\u00fc\u011f\u00fc yard\u0131m, e\u011fitim ve sosyal dayan\u0131\u015fma faaliyetleriyle ihtiya\u00e7 sahiplerine destek olmakta ve toplumda karde\u015flik duygusunu g\u00fc\u00e7lendirmektedir.\u201d dedi.<\/p>\n<p>Program\u0131n sonunda, vak\u0131f k\u00fclt\u00fcr\u00fcn\u00fcn ya\u015famas\u0131na katk\u0131 sa\u011flayanlara hediyeler takdim edildi.<\/p>\n<p>\u00a0<\/p>\n<p>\u00a0<\/p>\n<p>Kaynak: (BYZHA) Beyaz Haber Ajans\u0131<\/p>\n","protected":false},"excerpt":{"rendered":"<p>Ke\u00e7i\u00f6ren Belediye Ba\u015fkan\u0131 Dr.<\/p>\n","protected":false},"author":1,"featured_media":3053,"comment_status":"open","ping_status":"open","sticky":false,"template":"","format":"standard","meta":{"footnotes":""},"categories":[20],"tags":[],"class_list":["post-3052","post","type-post","status-publish","format-standard","has-post-thumbnail","hentry","category-gundem"],"_links":{"self":[{"href":"https:\/\/akdenizolay.com.tr\/index.php\/wp-json\/wp\/v2\/posts\/3052","targetHints":{"allow":["GET"]}}],"collection":[{"href":"https:\/\/akdenizolay.com.tr\/index.php\/wp-json\/wp\/v2\/posts"}],"about":[{"href":"https:\/\/akdenizolay.com.tr\/index.php\/wp-json\/wp\/v2\/types\/post"}],"author":[{"embeddable":true,"href":"https:\/\/akdenizolay.com.tr\/index.php\/wp-json\/wp\/v2\/users\/1"}],"replies":[{"embeddable":true,"href":"https:\/\/akdenizolay.com.tr\/index.php\/wp-json\/wp\/v2\/comments?post=3052"}],"version-history":[{"count":1,"href":"https:\/\/akdenizolay.com.tr\/index.php\/wp-json\/wp\/v2\/posts\/3052\/revisions"}],"predecessor-version":[{"id":3054,"href":"https:\/\/akdenizolay.com.tr\/index.php\/wp-json\/wp\/v2\/posts\/3052\/revisions\/3054"}],"wp:featuredmedia":[{"embeddable":true,"href":"https:\/\/akdenizolay.com.tr\/index.php\/wp-json\/wp\/v2\/media\/3053"}],"wp:attachment":[{"href":"https:\/\/akdenizolay.com.tr\/index.php\/wp-json\/wp\/v2\/media?parent=3052"}],"wp:term":[{"taxonomy":"category","embeddable":true,"href":"https:\/\/akdenizolay.com.tr\/index.php\/wp-json\/wp\/v2\/categories?post=3052"},{"taxonomy":"post_tag","embeddable":true,"href":"https:\/\/akdenizolay.com.tr\/index.php\/wp-json\/wp\/v2\/tags?post=3052"}],"curies":[{"name":"wp","href":"https:\/\/api.w.org\/{rel}","templated":true}]}}