{"id":3064,"date":"2026-03-14T00:19:59","date_gmt":"2026-03-14T00:19:59","guid":{"rendered":"https:\/\/akdenizolay.com.tr\/index.php\/2026\/03\/14\/burhaniye-belediyesi-cevreye-duyarli-nesiller-yetistiriyor\/"},"modified":"2026-03-14T00:19:59","modified_gmt":"2026-03-14T00:19:59","slug":"burhaniye-belediyesi-cevreye-duyarli-nesiller-yetistiriyor","status":"publish","type":"post","link":"https:\/\/akdenizolay.com.tr\/index.php\/2026\/03\/14\/burhaniye-belediyesi-cevreye-duyarli-nesiller-yetistiriyor\/","title":{"rendered":"Burhaniye Belediyesi \u00c7evreye Duyarl\u0131 Nesiller Yeti\u015ftiriyor"},"content":{"rendered":"<p> <span style=\"font-size:11pt\"><span style=\"background:white\"><span style=\"line-height:normal\"><span style=\"font-family:Calibri,sans-serif\"><span style=\"font-size:12.0pt\"><span style=\"color:#080809\">Burhaniye Belediyesi \u0130klim De\u011fi\u015fikli\u011fi ve S\u0131f\u0131r At\u0131k M\u00fcd\u00fcrl\u00fc\u011f\u00fc taraf\u0131ndan, \u00e7evre bilincinin erken ya\u015flarda kazand\u0131r\u0131lmas\u0131 amac\u0131yla Burhaniye Belediyesi Sosyal Etkinlik Merkezi (BURSEM)\u2019de e\u011fitim g\u00f6ren ortaokul \u00f6\u011frencilerine y\u00f6nelik \u00e7evre fark\u0131ndal\u0131\u011f\u0131 e\u011fitimi d\u00fczenlendi. <\/span><\/span><\/span><\/span><\/span><\/span><\/p>\n<p><span style=\"font-size:11pt\"><span style=\"background:white\"><span style=\"line-height:normal\"><span style=\"font-family:Calibri,sans-serif\"><span style=\"font-size:12.0pt\"><span style=\"color:#080809\">D\u00fczenlenen e\u011fitim program\u0131nda \u00f6\u011frencilere iklim de\u011fi\u015fikli\u011finin \u00e7evre ve ya\u015fam \u00fczerindeki etkileri, s\u0131f\u0131r at\u0131k yakla\u015f\u0131m\u0131n\u0131n \u00f6nemi, geri d\u00f6n\u00fc\u015f\u00fcm\u00fcn do\u011fal kaynaklar\u0131n korunmas\u0131na katk\u0131s\u0131 ve g\u00fcnl\u00fck ya\u015famda uygulanabilecek \u00e7evre dostu davran\u0131\u015flar hakk\u0131nda kapsaml\u0131 bilgiler aktar\u0131ld\u0131.<\/span><\/span><\/span><\/span><\/span><\/span><\/p>\n<p><span style=\"font-size:11pt\"><span style=\"background:white\"><span style=\"line-height:normal\"><span style=\"font-family:Calibri,sans-serif\"><span style=\"font-size:12.0pt\"><span style=\"color:#080809\">Burhaniye Belediyesi, \u00e7evreye duyarl\u0131 bireylerin yeti\u015fmesine katk\u0131 sa\u011flamak ve s\u0131f\u0131r at\u0131k bilincini yayg\u0131nla\u015ft\u0131rmak amac\u0131yla e\u011fitim ve fark\u0131ndal\u0131k faaliyetlerini s\u00fcrd\u00fcr\u00fcyor.<\/span><\/span><\/span><\/span><\/span><\/span><\/p>\n<p style=\"margin-bottom:13px\">\u00a0<\/p>\n<p>Kaynak: (BYZHA) Beyaz Haber Ajans\u0131<\/p>\n","protected":false},"excerpt":{"rendered":"<p>Burhaniye Belediyesi \u0130klim De\u011fi\u015fikli\u011fi ve S\u0131f\u0131r At\u0131k M\u00fcd\u00fcrl\u00fc\u011f\u00fc taraf\u0131ndan, \u00e7evre bilincinin erken ya\u015flarda kazand\u0131r\u0131lmas\u0131 amac\u0131yla Burhaniye Belediyesi Sosyal Etkinlik Merkezi (BURSEM)\u2019de e\u011fitim g\u00f6ren ortaokul \u00f6\u011frencilerine y\u00f6nelik \u00e7evre fark\u0131ndal\u0131\u011f\u0131 e\u011fitimi d\u00fczenlendi.<\/p>\n","protected":false},"author":1,"featured_media":3065,"comment_status":"open","ping_status":"open","sticky":false,"template":"","format":"standard","meta":{"footnotes":""},"categories":[20],"tags":[],"class_list":["post-3064","post","type-post","status-publish","format-standard","has-post-thumbnail","hentry","category-gundem"],"_links":{"self":[{"href":"https:\/\/akdenizolay.com.tr\/index.php\/wp-json\/wp\/v2\/posts\/3064","targetHints":{"allow":["GET"]}}],"collection":[{"href":"https:\/\/akdenizolay.com.tr\/index.php\/wp-json\/wp\/v2\/posts"}],"about":[{"href":"https:\/\/akdenizolay.com.tr\/index.php\/wp-json\/wp\/v2\/types\/post"}],"author":[{"embeddable":true,"href":"https:\/\/akdenizolay.com.tr\/index.php\/wp-json\/wp\/v2\/users\/1"}],"replies":[{"embeddable":true,"href":"https:\/\/akdenizolay.com.tr\/index.php\/wp-json\/wp\/v2\/comments?post=3064"}],"version-history":[{"count":1,"href":"https:\/\/akdenizolay.com.tr\/index.php\/wp-json\/wp\/v2\/posts\/3064\/revisions"}],"predecessor-version":[{"id":3066,"href":"https:\/\/akdenizolay.com.tr\/index.php\/wp-json\/wp\/v2\/posts\/3064\/revisions\/3066"}],"wp:featuredmedia":[{"embeddable":true,"href":"https:\/\/akdenizolay.com.tr\/index.php\/wp-json\/wp\/v2\/media\/3065"}],"wp:attachment":[{"href":"https:\/\/akdenizolay.com.tr\/index.php\/wp-json\/wp\/v2\/media?parent=3064"}],"wp:term":[{"taxonomy":"category","embeddable":true,"href":"https:\/\/akdenizolay.com.tr\/index.php\/wp-json\/wp\/v2\/categories?post=3064"},{"taxonomy":"post_tag","embeddable":true,"href":"https:\/\/akdenizolay.com.tr\/index.php\/wp-json\/wp\/v2\/tags?post=3064"}],"curies":[{"name":"wp","href":"https:\/\/api.w.org\/{rel}","templated":true}]}}