{"id":3073,"date":"2026-03-14T00:20:03","date_gmt":"2026-03-14T00:20:03","guid":{"rendered":"https:\/\/akdenizolay.com.tr\/index.php\/2026\/03\/14\/deprem-kayiplarimiza-adanan-park-acildi\/"},"modified":"2026-03-14T00:20:04","modified_gmt":"2026-03-14T00:20:04","slug":"deprem-kayiplarimiza-adanan-park-acildi","status":"publish","type":"post","link":"https:\/\/akdenizolay.com.tr\/index.php\/2026\/03\/14\/deprem-kayiplarimiza-adanan-park-acildi\/","title":{"rendered":"Deprem Kay\u0131plar\u0131m\u0131za Adanan Park A\u00e7\u0131ld\u0131"},"content":{"rendered":"\n<p style=\"margin-bottom:11px\"><span style=\"font-size:11pt\"><span style=\"line-height:107%\"><span style=\"font-family:Calibri,sans-serif\"><span style=\"font-size:12.0pt\"><span style=\"line-height:107%\"><span style=\",sans-serif\">Menderes Belediyesi\u2019nin 6 \u015eubat depremlerinde hayat\u0131n\u0131 kaybeden Menderesli karde\u015fler Mehtap Karaabd\u00fclo\u011flu ve Sevtap Karaabd\u00fclo\u011flu\u2019nun yan\u0131 s\u0131ra t\u00fcm deprem kay\u0131plar\u0131m\u0131z\u0131 and\u0131\u011f\u0131 Kas\u0131mpa\u015fa Mahallesi\u2019ndeki yeni park a\u00e7\u0131ld\u0131. Mehtap ve Sevtap Karaabd\u00fclo\u011flu ad\u0131n\u0131 alan park\u0131n a\u00e7\u0131l\u0131\u015f\u0131n\u0131 Menderes Belediye Ba\u015fkan\u0131 \u0130lkay \u00c7i\u00e7ek, E\u015fi Melek \u00c7i\u00e7ek, CHP \u0130l\u00e7e Ba\u015fkan\u0131 Mehmet Emin I\u015f\u0131k ile depremde vefat eden karde\u015flerin annesi Sevil Karaabd\u00fclo\u011flu ve babas\u0131 \u0130lhan Karaabd\u00fclo\u011flu yapt\u0131. <\/span><\/span><\/span><\/span><\/span><\/span><\/p>\n<p style=\"margin-bottom:11px\"><span style=\"font-size:11pt\"><span style=\"line-height:107%\"><span style=\"font-family:Calibri,sans-serif\"><span style=\"font-size:12.0pt\"><span style=\"line-height:107%\"><span style=\",sans-serif\">Deprem an\u0131t\u0131 yer al\u0131yor<\/span><\/span><\/span><\/span><\/span><\/span><\/p>\n<p style=\"margin-bottom:11px\"><span style=\"font-size:11pt\"><span style=\"line-height:107%\"><span style=\"font-family:Calibri,sans-serif\"><span style=\"font-size:12.0pt\"><span style=\"line-height:107%\"><span style=\",sans-serif\">259. ve 264. Sokaklar\u0131n kesi\u015fim noktas\u0131nda bulunan alan 470 metrekare otopark, 1220 metrekare ye\u015fil alana sahip ve toplam 1300 metrekare alana yay\u0131l\u0131yor. Oturma, spor ve \u00e7ocuklar i\u00e7in oyun alan\u0131 bulunuyor. Park\u0131n i\u00e7inde 6 \u015eubat depremlerindeki ac\u0131 kay\u0131plar\u0131m\u0131z i\u00e7in bir an\u0131t da yer al\u0131yor. <\/span><\/span><\/span><\/span><\/span><\/span><\/p>\n<p style=\"margin-bottom:11px\"><span style=\"font-size:11pt\"><span style=\"line-height:107%\"><span style=\"font-family:Calibri,sans-serif\"><span style=\"font-size:12.0pt\"><span style=\"line-height:107%\"><span style=\",sans-serif\">Aileden mesaj<\/span><\/span><\/span><\/span><\/span><\/span><\/p>\n<p style=\"margin-bottom:11px\"><span style=\"font-size:11pt\"><span style=\"line-height:107%\"><span style=\"font-family:Calibri,sans-serif\"><span style=\"font-size:12.0pt\"><span style=\"line-height:107%\"><span style=\",sans-serif\">Duygusal a\u00e7\u0131l\u0131\u015fta kat\u0131l\u0131mc\u0131lar g\u00f6zya\u015flar\u0131na hakim olamad\u0131. Deprem \u015fehitlerinin ailesinin mesaj\u0131 da k\u00fcrs\u00fcden okundu. Aile mesaj\u0131nda; \u201cBu projede eme\u011fi ge\u00e7en ba\u015fta \u0130lkay \u00c7i\u00e7ek ve t\u00fcm belediye \u00e7al\u0131\u015fanlar\u0131 olmak \u00fczere eme\u011fi ge\u00e7en herkese te\u015fekk\u00fcr ederiz.\u00a0 Bizimle ac\u0131m\u0131z\u0131 payla\u015fan ba\u015fkan\u0131m\u0131z\u0131n de\u011ferli e\u015fi Melek \u00c7i\u00e7ek Han\u0131ma te\u015fekk\u00fcr ederiz. Allah sizden raz\u0131 olsun. Hakk\u0131n\u0131z\u0131 helal ediniz. Allah\u2019a emanet olunuz. Sizleri \u00e7ok seviyoruz\u201d ifadelerini kulland\u0131. <\/span><\/span><\/span><\/span><\/span><\/span><\/p>\n<p style=\"margin-bottom:11px\"><span style=\"font-size:11pt\"><span style=\"line-height:107%\"><span style=\"font-family:Calibri,sans-serif\"><span style=\"font-size:12.0pt\"><span style=\"line-height:107%\"><span style=\",sans-serif\">Menderes\u2019e hay\u0131rl\u0131 olsun<\/span><\/span><\/span><\/span><\/span><\/span><\/p>\n<p style=\"margin-bottom:11px\"><span style=\"font-size:11pt\"><span style=\"line-height:107%\"><span style=\"font-family:Calibri,sans-serif\"><span style=\"font-size:12.0pt\"><span style=\"line-height:107%\"><span style=\",sans-serif\">A\u00e7\u0131l\u0131\u015fta konu\u015fan Menderes Belediye Ba\u015fkan\u0131 \u0130lkay \u00c7i\u00e7ek, \u201cMenderes\u2019e hizmet yolunda emin ad\u0131mlarla y\u00fcr\u00fcd\u00fc\u011f\u00fcm\u00fcz bu yolda bir projeyi daha il\u00e7emize kazand\u0131rman\u0131n mutlulu\u011fu i\u00e7indeyiz. Menderes\u2019in 44 mahallesinde ihtiya\u00e7 duyulan her noktada eksikleri g\u00f6r\u00fcyor onun \u00fczerine \u00e7al\u0131\u015f\u0131yoruz. Kas\u0131mpa\u015fa Mahallemizin bu b\u00f6lgesinde de bir ihtiyac\u0131 giderdik. Yani park\u0131m\u0131z\u0131 ve otopark\u0131m\u0131z\u0131 mahalleye kazand\u0131rd\u0131k. Menderes\u2019e hay\u0131rl\u0131 olsun.\u201d dedi.<\/span><\/span><\/span><\/span><\/span><\/span><\/p>\n<p style=\"margin-bottom:11px\"><span style=\"font-size:11pt\"><span style=\"line-height:107%\"><span style=\"font-family:Calibri,sans-serif\"><span style=\"font-size:12.0pt\"><span style=\"line-height:107%\"><span style=\",sans-serif\">Hat\u0131ralar\u0131 bu parkta ya\u015fayacak<\/span><\/span><\/span><\/span><\/span><\/span><\/p>\n<p style=\"margin-bottom:11px\"><span style=\"font-size:11pt\"><span style=\"line-height:107%\"><span style=\"font-family:Calibri,sans-serif\"><span style=\"font-size:12.0pt\"><span style=\"line-height:107%\"><span style=\",sans-serif\">Konu\u015fmas\u0131na devam eden Ba\u015fkan \u00c7i\u00e7ek, \u201cBu projenin bizim i\u00e7in b\u00fcy\u00fck bir anlam\u0131, b\u00fcy\u00fck bir de\u011feri var. 6 \u015eubat 2023\u2019te Kahramanmara\u015f merkezli depremlerde yitirdi\u011fimiz iki Menderesli karde\u015fimiz Mehtap Karaabd\u00fclo\u011flu ve Sevtap Karaabd\u00fclo\u011flu\u2019nun adlar\u0131 sonsuza dek bu parkta ya\u015fayacak. Ac\u0131 olayda yitirdi\u011fimiz iki karde\u015fimizin nezdinde depremde vefat eden t\u00fcm vatanda\u015flar\u0131m\u0131z\u0131 bu projede anaca\u011f\u0131z. Yitirdi\u011fimiz t\u00fcm canlar daima kalbimizde olacak, hat\u0131ralar\u0131 da bu parkta ya\u015fayacak. Depremde kaybetti\u011fimiz t\u00fcm de\u011ferli insanlar\u0131m\u0131za bir kez daha rahmet diliyorum. Memleketimizin ba\u015f\u0131 bir kez daha sa\u011folsun.\u201d diye konu\u015ftu.<\/span><\/span><\/span><\/span><\/span><\/span><\/p>\n<p style=\"margin-bottom:11px\">\u00a0<\/p>\n<p>Kaynak: (BYZHA) Beyaz Haber Ajans\u0131<\/p>\n","protected":false},"excerpt":{"rendered":"<p>Menderes Belediyesi\u2019nin 6 \u015eubat depremlerinde hayat\u0131n\u0131 kaybeden Menderesli karde\u015fler Mehtap Karaabd\u00fclo\u011flu ve Sevtap Karaabd\u00fclo\u011flu\u2019nun yan\u0131 s\u0131ra t\u00fcm deprem kay\u0131plar\u0131m\u0131z\u0131 and\u0131\u011f\u0131 Kas\u0131mpa\u015fa Mahallesi\u2019ndeki yeni park a\u00e7\u0131ld\u0131.<\/p>\n","protected":false},"author":1,"featured_media":3074,"comment_status":"open","ping_status":"open","sticky":false,"template":"","format":"standard","meta":{"footnotes":""},"categories":[20],"tags":[],"class_list":["post-3073","post","type-post","status-publish","format-standard","has-post-thumbnail","hentry","category-gundem"],"_links":{"self":[{"href":"https:\/\/akdenizolay.com.tr\/index.php\/wp-json\/wp\/v2\/posts\/3073","targetHints":{"allow":["GET"]}}],"collection":[{"href":"https:\/\/akdenizolay.com.tr\/index.php\/wp-json\/wp\/v2\/posts"}],"about":[{"href":"https:\/\/akdenizolay.com.tr\/index.php\/wp-json\/wp\/v2\/types\/post"}],"author":[{"embeddable":true,"href":"https:\/\/akdenizolay.com.tr\/index.php\/wp-json\/wp\/v2\/users\/1"}],"replies":[{"embeddable":true,"href":"https:\/\/akdenizolay.com.tr\/index.php\/wp-json\/wp\/v2\/comments?post=3073"}],"version-history":[{"count":1,"href":"https:\/\/akdenizolay.com.tr\/index.php\/wp-json\/wp\/v2\/posts\/3073\/revisions"}],"predecessor-version":[{"id":3075,"href":"https:\/\/akdenizolay.com.tr\/index.php\/wp-json\/wp\/v2\/posts\/3073\/revisions\/3075"}],"wp:featuredmedia":[{"embeddable":true,"href":"https:\/\/akdenizolay.com.tr\/index.php\/wp-json\/wp\/v2\/media\/3074"}],"wp:attachment":[{"href":"https:\/\/akdenizolay.com.tr\/index.php\/wp-json\/wp\/v2\/media?parent=3073"}],"wp:term":[{"taxonomy":"category","embeddable":true,"href":"https:\/\/akdenizolay.com.tr\/index.php\/wp-json\/wp\/v2\/categories?post=3073"},{"taxonomy":"post_tag","embeddable":true,"href":"https:\/\/akdenizolay.com.tr\/index.php\/wp-json\/wp\/v2\/tags?post=3073"}],"curies":[{"name":"wp","href":"https:\/\/api.w.org\/{rel}","templated":true}]}}