{"id":3082,"date":"2026-03-14T00:20:07","date_gmt":"2026-03-14T00:20:07","guid":{"rendered":"https:\/\/akdenizolay.com.tr\/index.php\/2026\/03\/14\/baskan-tugay-izmir-gastronomiyle-dunyaya-acilacak\/"},"modified":"2026-03-14T00:20:08","modified_gmt":"2026-03-14T00:20:08","slug":"baskan-tugay-izmir-gastronomiyle-dunyaya-acilacak","status":"publish","type":"post","link":"https:\/\/akdenizolay.com.tr\/index.php\/2026\/03\/14\/baskan-tugay-izmir-gastronomiyle-dunyaya-acilacak\/","title":{"rendered":"Ba\u015fkan Tugay: \u0130zmir gastronomiyle d\u00fcnyaya a\u00e7\u0131lacak"},"content":{"rendered":"<p> \u0130zmir Ekonomik Kalk\u0131nma Koordinasyon Kurulu toplant\u0131s\u0131nda konu\u015fan \u0130zmir B\u00fcy\u00fck\u015fehir Belediye Ba\u015fkan\u0131 Dr. Cemil Tugay, \u0130zmir\u2019in tar\u0131m, turizm ve gastronomi alan\u0131ndaki potansiyeline dikkat \u00e7ekerek kentin geli\u015fmesi i\u00e7in do\u011fru yat\u0131r\u0131mlar\u0131n ve uluslararas\u0131 tan\u0131t\u0131m\u0131n \u00f6nemini vurgulad\u0131.<\/p>\n<p>\u0130zmir\u2019in sorunlar\u0131n\u0131n konu\u015fuldu\u011fu, \u00e7\u00f6z\u00fcm \u00f6nerilerinin tart\u0131\u015f\u0131ld\u0131\u011f\u0131, kentin gelecek vizyonuna \u0131\u015f\u0131k tutan \u0130zmir Ekonomik Kalk\u0131nma Koordinasyon Kurulu\u2019nun (\u0130EKKK)\u00a0144\u2019\u00fcnc\u00fc toplant\u0131s\u0131, \u0130zmir B\u00fcy\u00fck\u015fehir Belediye Ba\u015fkan\u0131 Dr. Cemil Tugay\u2019\u0131n ev sahipli\u011finde Tarihi Havagaz\u0131 Fabrikas\u0131\u2019nda yap\u0131ld\u0131. \u0130EKKK Ba\u015fkan\u0131 Alp Avni Yelkenbi\u00e7er\u2019in a\u00e7\u0131l\u0131\u015f\u0131n\u0131 yapt\u0131\u011f\u0131 toplant\u0131da konu\u015fan Ba\u015fkan Dr. Cemil Tugay, ekonomik kalk\u0131nman\u0131n gereklili\u011fine dikkat \u00e7ekti.<\/p>\n<p><strong>Zeytinya\u011f\u0131 i\u00e7in \u00f6zel \u00e7al\u0131\u015fma<\/strong><\/p>\n<p>\u0130zmir\u2019in d\u00f6rt \u00f6nemli havzas\u0131yla tar\u0131m ve hayvanc\u0131l\u0131kta g\u00fc\u00e7l\u00fc bir \u015fehir oldu\u011funu belirten Ba\u015fkan Tugay, \u0130zmir\u2019in zeytinin ve \u00fcz\u00fcm\u00fcn co\u011frafyas\u0131 oldu\u011funu, kentte \u00fcretilen zeytin ve zeytinya\u011f\u0131n\u0131 \u00fcst kaliteye ta\u015f\u0131mak i\u00e7in \u00e7al\u0131\u015fmalar y\u00fcr\u00fctt\u00fcklerini belirtti.<\/p>\n<p><strong>\u201cGastronomi k\u00fclt\u00fcr\u00fc tan\u0131t\u0131lacak\u201d<\/strong><\/p>\n<p>\u0130zmir\u2019in tar\u0131m, sanayi, inovasyon, yaz\u0131l\u0131m konular\u0131nda ba\u015fka \u015fehirler ve \u00fclkelerle rekabet edebilecek durumda olmas\u0131n\u0131n gereklili\u011fine vurgu yapan Ba\u015fkan Tugay, kentin zengin bir gastronomi k\u00fclt\u00fcr\u00fcne sahip oldu\u011funu an\u0131msatt\u0131. Tugay, \u201cGastronomi alan\u0131nda gelecek var. Giri\u015fimciler bu konuda \u00e7al\u0131\u015f\u0131yor. Biz de bir s\u00fcredir bunun \u00fczerinde \u00e7al\u0131\u015f\u0131yoruz. May\u0131s ay\u0131ndan itibaren Avrupa\u2019n\u0131n ve d\u00fcnyan\u0131n ba\u015fkentlerinde \u0130zmir\u2019in gastronomi k\u00fclt\u00fcr\u00fc \u00f6zel etkinliklerle tan\u0131t\u0131lacak\u201d dedi.<\/p>\n<p><strong>\u201cBu \u015fehrin zenginle\u015fmesi, geli\u015fmesi laz\u0131m\u201d<\/strong><\/p>\n<p>Bu \u00e7al\u0131\u015fmalarla yurtta\u015flar\u0131n \u0130zmir\u2019e gelme nedenleri aras\u0131na gastronomi ba\u015fl\u0131\u011f\u0131n\u0131n da eklenece\u011fini ifade eden Ba\u015fkan Tugay, \u015funlar\u0131 s\u00f6yledi: \u201cKadifekale\u2019deki antik kenti, eski ve yeni Smyrna\u2019y\u0131 g\u00f6rebildikleri i\u00e7in bu kente gelecekler. Otantik yerlerden yerel \u00fcr\u00fcn al\u0131\u015fveri\u015fi yapabildikleri i\u00e7in, muhte\u015fem gastronomi rotalar\u0131n\u0131 gezebildikleri ve muhte\u015fem yemekler yedikleri i\u00e7in\u2026 Ku\u015f Cenneti\u2019nden Do\u011fal Ya\u015fam Park\u0131\u2019na bir s\u00fcr\u00fc alanda gezme alternatifine sahip olduklar\u0131 i\u00e7in gelecekler. Burada onlar\u0131n dilinde konu\u015fan rehberler e\u015flik edecek\u2026\u201d<\/p>\n<p>Yap\u0131lacak \u00e7al\u0131\u015fmalara b\u00fct\u00fcnc\u00fcl a\u00e7\u0131dan bak\u0131ld\u0131\u011f\u0131nda sonu\u00e7lar\u0131n daha verimli olaca\u011f\u0131n\u0131 belirten Ba\u015fkan Tugay, \u201cBu \u015fehrin zenginle\u015fmesi, geli\u015fmesi laz\u0131m. \u0130zmir\u2019in kendi insanlar\u0131n\u0131n da do\u011fru ve mant\u0131kl\u0131 yat\u0131r\u0131mlar yapmas\u0131 laz\u0131m. D\u0131\u015fardan da buraya do\u011fru yat\u0131r\u0131mlar\u0131n gelmesi i\u00e7in herkesin \u00e7al\u0131\u015fmas\u0131 gerek\u201d diye konu\u015ftu.<\/p>\n<p>\u00a0<\/p>\n<p>\u00a0<\/p>\n<p>Kaynak: (BYZHA) Beyaz Haber Ajans\u0131<\/p>\n","protected":false},"excerpt":{"rendered":"<p>\u0130zmir Ekonomik Kalk\u0131nma Koordinasyon Kurulu toplant\u0131s\u0131nda konu\u015fan \u0130zmir B\u00fcy\u00fck\u015fehir Belediye Ba\u015fkan\u0131 Dr.<\/p>\n","protected":false},"author":1,"featured_media":3083,"comment_status":"open","ping_status":"open","sticky":false,"template":"","format":"standard","meta":{"footnotes":""},"categories":[20],"tags":[],"class_list":["post-3082","post","type-post","status-publish","format-standard","has-post-thumbnail","hentry","category-gundem"],"_links":{"self":[{"href":"https:\/\/akdenizolay.com.tr\/index.php\/wp-json\/wp\/v2\/posts\/3082","targetHints":{"allow":["GET"]}}],"collection":[{"href":"https:\/\/akdenizolay.com.tr\/index.php\/wp-json\/wp\/v2\/posts"}],"about":[{"href":"https:\/\/akdenizolay.com.tr\/index.php\/wp-json\/wp\/v2\/types\/post"}],"author":[{"embeddable":true,"href":"https:\/\/akdenizolay.com.tr\/index.php\/wp-json\/wp\/v2\/users\/1"}],"replies":[{"embeddable":true,"href":"https:\/\/akdenizolay.com.tr\/index.php\/wp-json\/wp\/v2\/comments?post=3082"}],"version-history":[{"count":1,"href":"https:\/\/akdenizolay.com.tr\/index.php\/wp-json\/wp\/v2\/posts\/3082\/revisions"}],"predecessor-version":[{"id":3084,"href":"https:\/\/akdenizolay.com.tr\/index.php\/wp-json\/wp\/v2\/posts\/3082\/revisions\/3084"}],"wp:featuredmedia":[{"embeddable":true,"href":"https:\/\/akdenizolay.com.tr\/index.php\/wp-json\/wp\/v2\/media\/3083"}],"wp:attachment":[{"href":"https:\/\/akdenizolay.com.tr\/index.php\/wp-json\/wp\/v2\/media?parent=3082"}],"wp:term":[{"taxonomy":"category","embeddable":true,"href":"https:\/\/akdenizolay.com.tr\/index.php\/wp-json\/wp\/v2\/categories?post=3082"},{"taxonomy":"post_tag","embeddable":true,"href":"https:\/\/akdenizolay.com.tr\/index.php\/wp-json\/wp\/v2\/tags?post=3082"}],"curies":[{"name":"wp","href":"https:\/\/api.w.org\/{rel}","templated":true}]}}