{"id":3085,"date":"2026-03-14T00:20:08","date_gmt":"2026-03-14T00:20:08","guid":{"rendered":"https:\/\/akdenizolay.com.tr\/index.php\/2026\/03\/14\/izmirde-roman-yurttas-meclisi-kuruldu\/"},"modified":"2026-03-14T00:20:09","modified_gmt":"2026-03-14T00:20:09","slug":"izmirde-roman-yurttas-meclisi-kuruldu","status":"publish","type":"post","link":"https:\/\/akdenizolay.com.tr\/index.php\/2026\/03\/14\/izmirde-roman-yurttas-meclisi-kuruldu\/","title":{"rendered":"\u0130zmir\u2019de Roman Yurtta\u015f Meclisi kuruldu"},"content":{"rendered":"<p> \u0130zmir B\u00fcy\u00fck\u015fehir Belediyesi taraf\u0131ndan yerel y\u00f6netimler ile Roman toplulu\u011fu aras\u0131ndaki ileti\u015fimin g\u00fc\u00e7lendirilmesi, kat\u0131l\u0131mc\u0131 y\u00f6netim anlay\u0131\u015f\u0131n\u0131n desteklenmesi amac\u0131yla kurulan Roman Yurtta\u015f Meclisi, ilk toplant\u0131s\u0131n\u0131 yapt\u0131. \u0130zmir B\u00fcy\u00fck\u015fehir Belediye Ba\u015fkan\u0131 Dr. Cemil Tugay\u2019\u0131n ev sahipli\u011findeki toplant\u0131da Roman yurtta\u015flar\u0131n sorunlar\u0131, beklentileri ve \u00e7\u00f6z\u00fcm \u00f6nerileri ele al\u0131nd\u0131. Ba\u015fkan Tugay, herkesin kat\u0131ld\u0131\u011f\u0131 ve e\u015fit s\u00f6z hakk\u0131na sahip oldu\u011fu bir yap\u0131 kurmak istediklerine dikkat \u00e7ekti.<\/p>\n<p>\u0130zmir B\u00fcy\u00fck\u015fehir Belediyesi taraf\u0131ndan kurulan Roman Yurtta\u015f Meclisi, ilk toplant\u0131s\u0131n\u0131 \u0130zmir B\u00fcy\u00fck\u015fehir Belediye Ba\u015fkan\u0131 Dr. Cemil Tugay\u2019\u0131n ev sahipli\u011finde \u201cKat\u0131l\u0131m, diyalog, ortak ak\u0131l\u201d slogan\u0131yla d\u00fczenledi. \u0130zmir Sanat Toplant\u0131 Salonu\u2019nda yap\u0131lan bulu\u015fmada Roman yurtta\u015flar\u0131 temsil eden dernek ve sivil toplum kurulu\u015flar\u0131n\u0131n temsilcileri yer ald\u0131. Ba\u015fkan Tugay\u2019a \u0130zmir B\u00fcy\u00fck\u015fehir Belediyesi Genel Sekreter Yard\u0131mc\u0131s\u0131 Prof. Dr. P\u0131nar Okyay ve Sosyal Hizmetler Dairesi Ba\u015fkan\u0131 Ela H\u0131zl\u0131 e\u015flik etti.<\/p>\n<p><strong>Ama\u00e7, Roman yurtta\u015flar\u0131n yerel y\u00f6netime kat\u0131lmas\u0131<\/strong><\/p>\n<p>\u0130zmir B\u00fcy\u00fck\u015fehir Belediyesi Sosyal Hizmetler Dairesi Ba\u015fkanl\u0131\u011f\u0131\u2019na ba\u011fl\u0131 Kentsel Adalet ve E\u015fitlik \u015eube M\u00fcd\u00fcrl\u00fc\u011f\u00fc taraf\u0131ndan y\u00fcr\u00fct\u00fclen \u00e7al\u0131\u015fmalar kapsam\u0131nda olu\u015fturulan Roman Yurtta\u015f Meclisi ile Roman yurtta\u015flar\u0131n yerel y\u00f6netim s\u00fcre\u00e7lerine kat\u0131l\u0131m\u0131n\u0131n art\u0131r\u0131lmas\u0131, ihtiya\u00e7 ve taleplerini do\u011frudan ifade edebilecekleri bir platform olu\u015fturulmas\u0131 ve Roman toplulu\u011funu ilgilendiren konularda g\u00f6r\u00fc\u015f al\u0131\u015fveri\u015fi yap\u0131lmas\u0131 hedefleniyor.<\/p>\n<p><strong>\u00d6n yarg\u0131ya dikkat \u00e7ekti<\/strong><\/p>\n<p>\u0130zmir B\u00fcy\u00fck\u015fehir Belediye Ba\u015fkan\u0131 Dr. Cemil Tugay, Romanlar\u0131n farkl\u0131 sorunlar\u0131 ve ihtiya\u00e7lar\u0131n\u0131n bulundu\u011funu belirterek, olaya b\u00fct\u00fcnc\u00fcl \u015fekilde bak\u0131lmas\u0131n\u0131n \u00f6nemli oldu\u011funu vurgulad\u0131. Romanlara kar\u015f\u0131 bir \u00f6n yarg\u0131n\u0131n bulundu\u011funu ifade eden Ba\u015fkan Tugay, \u201cBunun de\u011fi\u015fmesi laz\u0131m. Roman \u00e7ocuklar\u0131 di\u011ferlerine g\u00f6re daha az e\u011fitim al\u0131yor. Sa\u011fl\u0131k a\u00e7\u0131s\u0131ndan daha fazla sorun ya\u015f\u0131yor. Bu problemleri d\u00fczeltmek i\u00e7in \u00e7al\u0131\u015fmam\u0131z laz\u0131m\u201d diye konu\u015ftu.<\/p>\n<p><strong>Yurtta\u015flar\u0131n sorunlar\u0131 bu Meclis\u2019te ele al\u0131nacak<\/strong><\/p>\n<p>Roman k\u00fclt\u00fcr\u00fcn\u00fcn olduk\u00e7a renkli ve zengin oldu\u011funu vurgulayan Ba\u015fkan Tugay, \u201cRoman k\u00fclt\u00fcr\u00fcn\u00fcn g\u00fcn y\u00fcz\u00fcne \u00e7\u0131kmas\u0131 gerek\u201d dedi.<\/p>\n<p>\u0130zmir&#8217;de herkesin temsil edildi\u011fi Roman Yurtta\u015f Meclisi olu\u015fturduklar\u0131n\u0131 ve belli aral\u0131klarla toplant\u0131lar yapacaklar\u0131n\u0131 s\u00f6yleyen Ba\u015fkan Tugay, \u201cBu \u00e7al\u0131\u015fma sayesinde Roman yurtta\u015flar\u0131n sorunlar\u0131n\u0131 \u00e7\u00f6zmek ad\u0131na kendimize yol haritas\u0131 \u00e7izelim. Bunu yaparken herkes kimin ne s\u00f6yledi\u011fini duymal\u0131\u201d diye konu\u015ftu.<\/p>\n<p><strong>\u201c\u00c7\u00f6z\u00fcm sorunun sahiplerine kulak vermek\u201d<\/strong><\/p>\n<p>Bu \u00e7al\u0131\u015fman\u0131n siyaset yapma \u015fekli olmad\u0131\u011f\u0131n\u0131 da aktaran Ba\u015fkan Dr. Cemil Tugay, \u015funlar\u0131 s\u00f6yledi: \u201cBu bir siyaset yapma \u015fekli de\u011fil. Her biriniz hangi siyasi g\u00f6r\u00fc\u015fteyseniz, ba\u015f\u0131m\u0131z\u0131n \u00fcst\u00fcnde. Kime oy verdi\u011finiz \u00f6nemli de\u011fil. Sizin oyunuzu kazanmak i\u00e7in bu \u00e7al\u0131\u015fmalar\u0131 yapm\u0131yoruz. Herkesin sorunlar\u0131n\u0131 \u00e7\u00f6zelim istiyoruz. Ama bunu do\u011fru \u015fekilde yapmak \u00f6nemli ve bunu da sorunun sahiplerine kulak vererek yapabiliriz.\u201d<\/p>\n<p><strong>\u201cHerkesin e\u015fit s\u00f6z hakk\u0131na sahip oldu\u011fu bir yap\u0131 kural\u0131m\u201d<\/strong><\/p>\n<p>Roman Yurtta\u015f Meclisi&#8217;nin tamamen g\u00f6n\u00fcll\u00fcl\u00fck esas\u0131 ile y\u00fcr\u00fct\u00fclece\u011fini s\u00f6yleyen Tugay, \u015fik\u00e2yet etmenin \u00f6tesinde somut \u00e7al\u0131\u015fmalar\u0131 hayata ge\u00e7irmek istediklerini belirtti. Herkesin kat\u0131ld\u0131\u011f\u0131 ve e\u015fit s\u00f6z hakk\u0131na sahip oldu\u011fu bir yap\u0131 kurmak istediklerine dikkat \u00e7eken Ba\u015fkan Tugay, \u201cRomanlar\u0131n sorunlar\u0131n\u0131n \u00e7\u00f6z\u00fcm\u00fc i\u00e7in bir \u015feyler yapmak istiyoruz\u201d dedi.\u00a0<\/p>\n<p>\u0130zmir B\u00fcy\u00fck\u015fehir Belediyesi taraf\u0131ndan yerel y\u00f6netimler ile Roman toplulu\u011fu aras\u0131ndaki ileti\u015fimin g\u00fc\u00e7lendirilmesi, kat\u0131l\u0131mc\u0131 y\u00f6netim anlay\u0131\u015f\u0131n\u0131n desteklenmesi amac\u0131yla kurulan Roman Yurtta\u015f Meclisi, ilk toplant\u0131s\u0131n\u0131 yapt\u0131. \u0130zmir B\u00fcy\u00fck\u015fehir Belediye Ba\u015fkan\u0131 Dr. Cemil Tugay\u2019\u0131n ev sahipli\u011findeki toplant\u0131da Roman yurtta\u015flar\u0131n sorunlar\u0131, beklentileri ve \u00e7\u00f6z\u00fcm \u00f6nerileri ele al\u0131nd\u0131. Ba\u015fkan Tugay, herkesin kat\u0131ld\u0131\u011f\u0131 ve e\u015fit s\u00f6z hakk\u0131na sahip oldu\u011fu bir yap\u0131 kurmak istediklerine dikkat \u00e7ekti.<\/p>\n<p>\u0130zmir B\u00fcy\u00fck\u015fehir Belediyesi taraf\u0131ndan kurulan Roman Yurtta\u015f Meclisi, ilk toplant\u0131s\u0131n\u0131 \u0130zmir B\u00fcy\u00fck\u015fehir Belediye Ba\u015fkan\u0131 Dr. Cemil Tugay\u2019\u0131n ev sahipli\u011finde \u201cKat\u0131l\u0131m, diyalog, ortak ak\u0131l\u201d slogan\u0131yla d\u00fczenledi. \u0130zmir Sanat Toplant\u0131 Salonu\u2019nda yap\u0131lan bulu\u015fmada Roman yurtta\u015flar\u0131 temsil eden dernek ve sivil toplum kurulu\u015flar\u0131n\u0131n temsilcileri yer ald\u0131. Ba\u015fkan Tugay\u2019a \u0130zmir B\u00fcy\u00fck\u015fehir Belediyesi Genel Sekreter Yard\u0131mc\u0131s\u0131 Prof. Dr. P\u0131nar Okyay ve Sosyal Hizmetler Dairesi Ba\u015fkan\u0131 Ela H\u0131zl\u0131 e\u015flik etti.<\/p>\n<p><strong>Ama\u00e7, Roman yurtta\u015flar\u0131n yerel y\u00f6netime kat\u0131lmas\u0131<\/strong><\/p>\n<p>\u0130zmir B\u00fcy\u00fck\u015fehir Belediyesi Sosyal Hizmetler Dairesi Ba\u015fkanl\u0131\u011f\u0131\u2019na ba\u011fl\u0131 Kentsel Adalet ve E\u015fitlik \u015eube M\u00fcd\u00fcrl\u00fc\u011f\u00fc taraf\u0131ndan y\u00fcr\u00fct\u00fclen \u00e7al\u0131\u015fmalar kapsam\u0131nda olu\u015fturulan Roman Yurtta\u015f Meclisi ile Roman yurtta\u015flar\u0131n yerel y\u00f6netim s\u00fcre\u00e7lerine kat\u0131l\u0131m\u0131n\u0131n art\u0131r\u0131lmas\u0131, ihtiya\u00e7 ve taleplerini do\u011frudan ifade edebilecekleri bir platform olu\u015fturulmas\u0131 ve Roman toplulu\u011funu ilgilendiren konularda g\u00f6r\u00fc\u015f al\u0131\u015fveri\u015fi yap\u0131lmas\u0131 hedefleniyor.<\/p>\n<p><strong>\u00d6n yarg\u0131ya dikkat \u00e7ekti<\/strong><\/p>\n<p>\u0130zmir B\u00fcy\u00fck\u015fehir Belediye Ba\u015fkan\u0131 Dr. Cemil Tugay, Romanlar\u0131n farkl\u0131 sorunlar\u0131 ve ihtiya\u00e7lar\u0131n\u0131n bulundu\u011funu belirterek, olaya b\u00fct\u00fcnc\u00fcl \u015fekilde bak\u0131lmas\u0131n\u0131n \u00f6nemli oldu\u011funu vurgulad\u0131. Romanlara kar\u015f\u0131 bir \u00f6n yarg\u0131n\u0131n bulundu\u011funu ifade eden Ba\u015fkan Tugay, \u201cBunun de\u011fi\u015fmesi laz\u0131m. Roman \u00e7ocuklar\u0131 di\u011ferlerine g\u00f6re daha az e\u011fitim al\u0131yor. Sa\u011fl\u0131k a\u00e7\u0131s\u0131ndan daha fazla sorun ya\u015f\u0131yor. Bu problemleri d\u00fczeltmek i\u00e7in \u00e7al\u0131\u015fmam\u0131z laz\u0131m\u201d diye konu\u015ftu.<\/p>\n<p><strong>Yurtta\u015flar\u0131n sorunlar\u0131 bu Meclis\u2019te ele al\u0131nacak<\/strong><\/p>\n<p>Roman k\u00fclt\u00fcr\u00fcn\u00fcn olduk\u00e7a renkli ve zengin oldu\u011funu vurgulayan Ba\u015fkan Tugay, \u201cRoman k\u00fclt\u00fcr\u00fcn\u00fcn g\u00fcn y\u00fcz\u00fcne \u00e7\u0131kmas\u0131 gerek\u201d dedi.<\/p>\n<p>\u0130zmir&#8217;de herkesin temsil edildi\u011fi Roman Yurtta\u015f Meclisi olu\u015fturduklar\u0131n\u0131 ve belli aral\u0131klarla toplant\u0131lar yapacaklar\u0131n\u0131 s\u00f6yleyen Ba\u015fkan Tugay, \u201cBu \u00e7al\u0131\u015fma sayesinde Roman yurtta\u015flar\u0131n sorunlar\u0131n\u0131 \u00e7\u00f6zmek ad\u0131na kendimize yol haritas\u0131 \u00e7izelim. Bunu yaparken herkes kimin ne s\u00f6yledi\u011fini duymal\u0131\u201d diye konu\u015ftu.<\/p>\n<p><strong>\u201c\u00c7\u00f6z\u00fcm sorunun sahiplerine kulak vermek\u201d<\/strong><\/p>\n<p>Bu \u00e7al\u0131\u015fman\u0131n siyaset yapma \u015fekli olmad\u0131\u011f\u0131n\u0131 da aktaran Ba\u015fkan Dr. Cemil Tugay, \u015funlar\u0131 s\u00f6yledi: \u201cBu bir siyaset yapma \u015fekli de\u011fil. Her biriniz hangi siyasi g\u00f6r\u00fc\u015fteyseniz, ba\u015f\u0131m\u0131z\u0131n \u00fcst\u00fcnde. Kime oy verdi\u011finiz \u00f6nemli de\u011fil. Sizin oyunuzu kazanmak i\u00e7in bu \u00e7al\u0131\u015fmalar\u0131 yapm\u0131yoruz. Herkesin sorunlar\u0131n\u0131 \u00e7\u00f6zelim istiyoruz. Ama bunu do\u011fru \u015fekilde yapmak \u00f6nemli ve bunu da sorunun sahiplerine kulak vererek yapabiliriz.\u201d<\/p>\n<p><strong>\u201cHerkesin e\u015fit s\u00f6z hakk\u0131na sahip oldu\u011fu bir yap\u0131 kural\u0131m\u201d<\/strong><\/p>\n<p>Roman Yurtta\u015f Meclisi&#8217;nin tamamen g\u00f6n\u00fcll\u00fcl\u00fck esas\u0131 ile y\u00fcr\u00fct\u00fclece\u011fini s\u00f6yleyen Tugay, \u015fik\u00e2yet etmenin \u00f6tesinde somut \u00e7al\u0131\u015fmalar\u0131 hayata ge\u00e7irmek istediklerini belirtti. Herkesin kat\u0131ld\u0131\u011f\u0131 ve e\u015fit s\u00f6z hakk\u0131na sahip oldu\u011fu bir yap\u0131 kurmak istediklerine dikkat \u00e7eken Ba\u015fkan Tugay, \u201cRomanlar\u0131n sorunlar\u0131n\u0131n \u00e7\u00f6z\u00fcm\u00fc i\u00e7in bir \u015feyler yapmak istiyoruz\u201d dedi.\u00a0<\/p>\n<p>\u00a0<\/p>\n<p>\u00a0<\/p>\n<p>Kaynak: (BYZHA) Beyaz Haber Ajans\u0131<\/p>\n","protected":false},"excerpt":{"rendered":"<p>\u0130zmir B\u00fcy\u00fck\u015fehir Belediyesi taraf\u0131ndan yerel y\u00f6netimler ile Roman toplulu\u011fu aras\u0131ndaki ileti\u015fimin g\u00fc\u00e7lendirilmesi, kat\u0131l\u0131mc\u0131 y\u00f6netim anlay\u0131\u015f\u0131n\u0131n desteklenmesi amac\u0131yla kurulan Roman Yurtta\u015f Meclisi, ilk toplant\u0131s\u0131n\u0131 yapt\u0131.<\/p>\n","protected":false},"author":1,"featured_media":3086,"comment_status":"open","ping_status":"open","sticky":false,"template":"","format":"standard","meta":{"footnotes":""},"categories":[20],"tags":[],"class_list":["post-3085","post","type-post","status-publish","format-standard","has-post-thumbnail","hentry","category-gundem"],"_links":{"self":[{"href":"https:\/\/akdenizolay.com.tr\/index.php\/wp-json\/wp\/v2\/posts\/3085","targetHints":{"allow":["GET"]}}],"collection":[{"href":"https:\/\/akdenizolay.com.tr\/index.php\/wp-json\/wp\/v2\/posts"}],"about":[{"href":"https:\/\/akdenizolay.com.tr\/index.php\/wp-json\/wp\/v2\/types\/post"}],"author":[{"embeddable":true,"href":"https:\/\/akdenizolay.com.tr\/index.php\/wp-json\/wp\/v2\/users\/1"}],"replies":[{"embeddable":true,"href":"https:\/\/akdenizolay.com.tr\/index.php\/wp-json\/wp\/v2\/comments?post=3085"}],"version-history":[{"count":1,"href":"https:\/\/akdenizolay.com.tr\/index.php\/wp-json\/wp\/v2\/posts\/3085\/revisions"}],"predecessor-version":[{"id":3087,"href":"https:\/\/akdenizolay.com.tr\/index.php\/wp-json\/wp\/v2\/posts\/3085\/revisions\/3087"}],"wp:featuredmedia":[{"embeddable":true,"href":"https:\/\/akdenizolay.com.tr\/index.php\/wp-json\/wp\/v2\/media\/3086"}],"wp:attachment":[{"href":"https:\/\/akdenizolay.com.tr\/index.php\/wp-json\/wp\/v2\/media?parent=3085"}],"wp:term":[{"taxonomy":"category","embeddable":true,"href":"https:\/\/akdenizolay.com.tr\/index.php\/wp-json\/wp\/v2\/categories?post=3085"},{"taxonomy":"post_tag","embeddable":true,"href":"https:\/\/akdenizolay.com.tr\/index.php\/wp-json\/wp\/v2\/tags?post=3085"}],"curies":[{"name":"wp","href":"https:\/\/api.w.org\/{rel}","templated":true}]}}