{"id":3088,"date":"2026-03-14T00:20:10","date_gmt":"2026-03-14T00:20:10","guid":{"rendered":"https:\/\/akdenizolay.com.tr\/index.php\/2026\/03\/14\/izmirde-kadin-ve-cocuk-odakli-sosyal-politikalar-gucleniyor\/"},"modified":"2026-03-14T00:20:10","modified_gmt":"2026-03-14T00:20:10","slug":"izmirde-kadin-ve-cocuk-odakli-sosyal-politikalar-gucleniyor","status":"publish","type":"post","link":"https:\/\/akdenizolay.com.tr\/index.php\/2026\/03\/14\/izmirde-kadin-ve-cocuk-odakli-sosyal-politikalar-gucleniyor\/","title":{"rendered":"\u0130zmir\u2019de kad\u0131n ve \u00e7ocuk odakl\u0131 sosyal politikalar g\u00fc\u00e7leniyor"},"content":{"rendered":"<p> \u0130zmir B\u00fcy\u00fck\u015fehir Belediyesi, kad\u0131nlar\u0131n g\u00fc\u00e7lenmesi ve \u00e7ocuklar\u0131n geli\u015fiminin desteklenmesi amac\u0131yla son iki y\u0131lda sosyal hizmetlerden e\u011fitime, \u00fcretimden kat\u0131l\u0131mc\u0131 y\u00f6netime kadar bir\u00e7ok alanda kapsaml\u0131 projeleri hayata ge\u00e7irdi.<\/p>\n<p>\u0130zmir B\u00fcy\u00fck\u015fehir Belediye Ba\u015fkan\u0131 Dr. Cemil Tugay\u2019\u0131n kapsay\u0131c\u0131 ve e\u015fitlik\u00e7i \u0130zmir hedefi do\u011frultusunda kad\u0131n ve \u00e7ocuklara y\u00f6nelik projeler h\u0131z kazand\u0131. Son iki y\u0131lda kad\u0131nlar\u0131n ekonomik ve sosyal hayata kat\u0131l\u0131m\u0131n\u0131 art\u0131ran, \u00e7ocuklar\u0131n hak temelli ve kapsay\u0131c\u0131 hizmetlere eri\u015fimini g\u00fc\u00e7lendiren \u00e7ok say\u0131da uygulama devreye al\u0131nd\u0131.<\/p>\n<p><strong>Bostanlar ile hem dayan\u0131\u015fma hem ekonomik g\u00fc\u00e7lenme<\/strong><\/p>\n<p>Kad\u0131nlar\u0131n ekonomik anlamda g\u00fc\u00e7lenmesi amac\u0131yla \u00fcretim modelleri devreye al\u0131nd\u0131. Kad\u0131nlar\u0131n kendi mahallelerinde hem dayan\u0131\u015ft\u0131\u011f\u0131 hem kendi \u00fcr\u00fcnlerini ekti\u011fi Mahalle Bostanlar\u0131, d\u00f6rt mahalleye ula\u015ft\u0131 ve y\u00fczlerce kad\u0131n\u0131 \u00fcretim s\u00fcrecine katt\u0131. Kadifekale\u2019de y\u00fcr\u00fct\u00fclen G\u00fc\u00e7lendirme Tohumlar\u0131 projesiyle de kad\u0131nlar kakt\u00fcs ve sukulent \u00fcretimi yapt\u0131.<\/p>\n<p><strong>Mahalle Mutfa\u011f\u0131 a\u00e7\u0131ld\u0131<\/strong><\/p>\n<p>\u0130zmir B\u00fcy\u00fck\u015fehir Belediyesi, \u00c7i\u011fli Evka-2 Mahallesi\u2019nde kad\u0131nlara y\u00f6nelik Mahalle Mutfa\u011f\u0131 projesini de ba\u015flatt\u0131. Mahalle Mutfa\u011f\u0131, kad\u0131nlar\u0131n hem birlikte yemek yapabilece\u011fi hem de sa\u011fl\u0131kl\u0131 ya\u015fam k\u00fclt\u00fcr\u00fcyle ilgili e\u011fitimler alabilece\u011fi bir dayan\u0131\u015fma alan\u0131 olarak kurguland\u0131.\u00a0<\/p>\n<p><strong>Kad\u0131nlar\u0131n sa\u00e7lar\u0131 da kendileri de g\u00fc\u00e7leniyor<\/strong><\/p>\n<p>Kad\u0131nlar\u0131n sosyal destek ve g\u00fc\u00e7lenme mekanizmalar\u0131na d\u00e2hil edilmesi amac\u0131yla G\u00fc\u00e7lenme Duraklar\u0131 projesi hayata ge\u00e7irildi. G\u00fc\u00e7lenme Dura\u011f\u0131 Mobil Kuaf\u00f6rl\u00fck Hizmeti k\u0131sa s\u00fcrede sekiz mahallede 330 kad\u0131na ula\u015ft\u0131. \u00dccretsiz sa\u00e7 kesimi ve f\u00f6n hizmeti alan kad\u0131nlar, daha sonra uzman personel taraf\u0131ndan kad\u0131n sa\u011fl\u0131\u011f\u0131, kad\u0131n haklar\u0131, yasal haklar ve toplumsal cinsiyet e\u015fitli\u011fi konular\u0131nda bilgi al\u0131yor.<\/p>\n<p><strong>G\u00f6n\u00fcll\u00fcl\u00fck ata\u011f\u0131<\/strong><\/p>\n<p>Kad\u0131nlar\u0131n ve k\u0131z \u00e7ocuklar\u0131n\u0131n g\u00fc\u00e7lenmesini hedefleyen E\u015fit \u0130zmir G\u00f6n\u00fcll\u00fc Projesi ba\u015flat\u0131ld\u0131. Proje; 18 ya\u015f \u00fcst\u00fc yurtta\u015flar\u0131n g\u00f6n\u00fcll\u00fcl\u00fck esas\u0131na dayal\u0131 olarak toplumsal cinsiyet e\u015fitli\u011fi \u00e7al\u0131\u015fmalar\u0131na kat\u0131lmas\u0131n\u0131 ama\u00e7l\u0131yor. Terc\u00fcme, at\u00f6lye, saha \u00e7al\u0131\u015fmas\u0131, sosyal medya, proje ve kampanya y\u00f6netimi gibi bir\u00e7ok alanda g\u00f6n\u00fcll\u00fcl\u00fck imk\u00e2n\u0131 sunan program kapsam\u0131nda kad\u0131nlardan ba\u015fvurular al\u0131nd\u0131, m\u00fclakat ve e\u011fitim s\u00fcre\u00e7leri tamamland\u0131.<\/p>\n<p><strong>Meslek Fabrikas\u0131, kad\u0131nlar\u0131n hayat\u0131na dokundu<\/strong><\/p>\n<p>\u0130zmir B\u00fcy\u00fck\u015fehir Belediyesi, Meslek Fabrikas\u0131 ile \u00fccretsiz mesleki e\u011fitimler, sekt\u00f6r i\u015f birlikleri ve istihdam y\u00f6nlendirme \u00e7al\u0131\u015fmalar\u0131yla b\u00fct\u00fcnc\u00fcl bir sosyal \u00fcretim modeli olarak \u00f6ne \u00e7\u0131k\u0131yor. \u00d6zellikle kad\u0131n ve gen\u00e7lerin geli\u015fimine katk\u0131 sa\u011flayan Meslek Fabrikas\u0131; 15 il\u00e7ede, 29 kurs merkezinde, yakla\u015f\u0131k 35 alanda ve 215 bran\u015fta \u00fccretsiz mesleki e\u011fitim sunuyor. \u0130ki y\u0131lda 985 kurs a\u00e7\u0131l\u0131rken, 18 bin 952 kursiyer e\u011fitim ald\u0131. 11 bin 304 kursiyer belge almaya hak kazand\u0131. H\u00e2lihaz\u0131rda 80 kursta 1250 kursiyer e\u011fitime devam ediyor.<\/p>\n<p>G\u00fczelbah\u00e7e ve Osmangazi\u2019deki kurs merkezleri 2024 y\u0131l\u0131nda, Mobilya Akademi, Karaba\u011flar Ayd\u0131n Kurs Merkezi ve Toros Kurs Merkezi 2025\u2019te a\u00e7\u0131ld\u0131. Bu y\u0131l ise Torbal\u0131 Kurs Merkezi ve Seferihisar Kurs Merkezi\u2019nin hizmete al\u0131nmas\u0131 planlan\u0131yor.<\/p>\n<p><strong>Mobil \u0130stihdam Ba\u015fvuru Noktas\u0131<\/strong><\/p>\n<p>Meslek Fabrikas\u0131 istihdam s\u00fcre\u00e7lerini de takip ediyor. \u0130stihdam\u0131 Geli\u015ftirme ve Destekleme Birimi ile iki y\u0131lda 22 bin 417 ki\u015fi i\u015fe y\u00f6nlendirildi, 916 ki\u015fi istihdama kazand\u0131r\u0131ld\u0131. 2025\u2019te Mobil \u0130stihdam Ba\u015fvuru Noktas\u0131 hayata ge\u00e7irildi. 589 ki\u015fi dijital istihdam platformuna \u00fcye yap\u0131ld\u0131. Vatanda\u015flara \u00f6zge\u00e7mi\u015f olu\u015fturma ve i\u015f ba\u015fvuru dan\u0131\u015fmanl\u0131\u011f\u0131 verildi.\u00a0<\/p>\n<p>Meslek Fabrikas\u0131; Roman Gen\u00e7lerin \u0130stihdam\u0131, Bug\u00fcn\u00fcn Gen\u00e7leri Gelece\u011fin Meslekleri, Yar\u0131n\u0131n K\u00f6yleri, Gelece\u011fini Kuran Gen\u00e7 Kad\u0131nlar, Alt\u0131n \u0130\u011fne, Bilgisayarda Giysi Kal\u0131b\u0131 Haz\u0131rlama, Adettendir \u00dcretiyoruz, G\u0130KA- Giri\u015fimci Kad\u0131nlar projelerini de hayata ge\u00e7irdi.\u00a0<\/p>\n<p><strong>Yerel E\u015fitlik Eylem Plan\u0131 haz\u0131rland\u0131<\/strong><\/p>\n<p>\u0130zmir B\u00fcy\u00fck\u015fehir Belediyesi, kad\u0131n \u00e7al\u0131\u015fmalar\u0131na y\u00f6nelik temel politika \u00e7er\u00e7evesini olu\u015fturan 2025\u20132027 Yerel E\u015fitlik Eylem Plan\u0131 haz\u0131rlad\u0131. Plan; B\u00fcy\u00fck\u015fehir Belediyesi\u2019nin t\u00fcm hizmet alanlar\u0131nda toplumsal cinsiyet e\u015fitli\u011fini yerle\u015ftirmeyi hedefliyor.<\/p>\n<p>\u015eiddet, Taciz ve Mobbinge Kar\u015f\u0131 S\u0131f\u0131r Tolerans Belgesi kapsam\u0131nda da kurum i\u00e7inde \u015fiddet, taciz ve mobbinge kar\u015f\u0131 net bir duru\u015f ortaya konuldu. Belge ile \u00e7al\u0131\u015fanlara d\u00fczenli e\u011fitimler verilirken, ba\u015fvuru ve bildirim mekanizmalar\u0131 g\u00fc\u00e7lendiriliyor ve her \u00e7al\u0131\u015fan i\u00e7in g\u00fcvenli ve e\u015fit bir \u00e7al\u0131\u015fma ortam\u0131 kurumsal bir k\u00fclt\u00fcr haline getiriliyor.<\/p>\n<p><strong>\u0130klim Dayan\u0131kl\u0131l\u0131\u011f\u0131 Program\u0131 kad\u0131n ve \u00e7ocuklarla g\u00fc\u00e7leniyor<\/strong><\/p>\n<p>ICLEI i\u015f birli\u011fiyle y\u00fcr\u00fct\u00fclen Toplumlar i\u00e7in \u0130klim Dayan\u0131kl\u0131l\u0131\u011f\u0131 Program\u0131 kapsam\u0131nda Kadifekale\u2019de kad\u0131nlar\u0131n iklim uyum s\u00fcre\u00e7lerine aktif kat\u0131l\u0131m\u0131 sa\u011fland\u0131. Program \u00e7er\u00e7evesinde 192 metrekare fide seras\u0131 kuruldu. \u00c7ocuklara iklim ve toplumsal dayan\u0131kl\u0131l\u0131k e\u011fitimi verildi.<\/p>\n<p><strong>Karar alma s\u00fcre\u00e7lerine kat\u0131l\u0131yorlar<\/strong><\/p>\n<p>\u0130zmir B\u00fcy\u00fck\u015fehir Belediyesi, kad\u0131nlar\u0131n karar alma s\u00fcre\u00e7lerine kat\u0131l\u0131m\u0131n\u0131 ve kentsel hizmetlere e\u015fit eri\u015fimini esas alan bir yerel y\u00f6netim modelini hayata ge\u00e7irdi. Bu kapsamda T\u00fcrkiye Belediyeler Birli\u011fi ile 2027 y\u0131l\u0131na kadar s\u00fcrecek bir i\u015f birli\u011fi protokol\u00fc imzaland\u0131, ayr\u0131ca kurum i\u00e7i kapasite geli\u015ftirme e\u011fitimleri d\u00fczenlendi. Gen\u00e7lik \u00d6rg\u00fctleri Forumu (Go-For) ile y\u00fcr\u00fct\u00fclen \u201cE\u015fitlik i\u00e7in Gen\u00e7lik\u201d projesi kapsam\u0131nda da gen\u00e7 kad\u0131nlar\u0131n yerel karar s\u00fcre\u00e7lerine kat\u0131l\u0131m\u0131n\u0131 g\u00fc\u00e7lendirmek amac\u0131yla forum ve odak grup \u00e7al\u0131\u015fmalar\u0131 ger\u00e7ekle\u015ftirildi. \u201cKad\u0131nlar i\u00e7in Bir Mola\u201d program\u0131 ba\u015flat\u0131ld\u0131. 2 bin 500 kad\u0131n k\u00f6rfez turuna, 495 kad\u0131n k\u00fclt\u00fcr turlar\u0131na, 632 kad\u0131n ise deniz gezilerine kat\u0131ld\u0131.<\/p>\n<p><strong>Hak temelli e\u011fitimler, at\u00f6lyeler ve seminerler<\/strong><\/p>\n<p>\u0130zmir B\u00fcy\u00fck\u015fehir Belediyesi, il\u00e7e belediyeleri ve sivil toplum kurulu\u015flar\u0131 i\u015f birli\u011fiyle hak temelli e\u011fitimler d\u00fczenlerken toplumsal cinsiyet e\u015fitli\u011finin kurum genelinde yayg\u0131nla\u015ft\u0131r\u0131lmas\u0131 amac\u0131yla 1738 e\u011fitim ve i\u015f birli\u011fi \u00e7al\u0131\u015fmas\u0131 y\u00fcr\u00fctt\u00fc.<\/p>\n<p><strong>\u00c7ocuklar\u0131n \u00fcst\u00fcn yarar\u0131n\u0131 g\u00f6zeten \u00e7al\u0131\u015fmalar<\/strong><\/p>\n<p>\u0130zmir B\u00fcy\u00fck\u015fehir Belediyesi, Birle\u015fmi\u015f Milletler \u00c7ocuk Haklar\u0131 S\u00f6zle\u015fmesi\u2019ni esas alarak kapsay\u0131c\u0131 ve e\u015fitlik\u00e7i hizmetler y\u00fcr\u00fct\u00fcyor. \u00c7ocuklar\u0131n ve ailelerin aktif kat\u0131l\u0131m\u0131n\u0131 esas alan sosyal, k\u00fclt\u00fcrel ve e\u011fitsel programlar kapsam\u0131nda m\u00fcze gezileri, resim sergileri, sokak etkinlikleri, geleneksel \u00e7ocuk oyunlar\u0131, 23 Nisan kutlamalar\u0131, sinema g\u00f6sterimleri, tarihi geziler, vapur turlar\u0131 yap\u0131l\u0131yor.<\/p>\n<p><strong>Ebeveynlerin b\u00fct\u00e7e dostu, \u00e7ocuklar\u0131n \u201cyuva\u201ds\u0131<\/strong><\/p>\n<p>\u0130zmir B\u00fcy\u00fck\u015fehir Belediyesi Yuvam\u0131z \u0130zmir \u00c7ocuk Etkinlik Merkezleri de binlerce \u00e7ocuk ve ebeveynin ya\u015fam\u0131na dokunuyor. Merkezlerin say\u0131s\u0131 iki y\u0131lda 22\u2019ye \u00e7\u0131kar\u0131ld\u0131. 2026 y\u0131l\u0131nda say\u0131s\u0131n\u0131n 30\u2019a \u00e7\u0131kar\u0131lmas\u0131 hedeflenen merkezlerde, 36-66 ay aras\u0131 1600 \u00e7ocu\u011fa hizmet sunuluyor. \u0130zmir B\u00fcy\u00fck\u015fehir Belediye Ba\u015fkan\u0131 Dr. Cemil Tugay\u2019\u0131n talimat\u0131yla \u00fclkenin ekonomik ko\u015fullar\u0131 g\u00f6z \u00f6n\u00fcnde bulundurularak Yuvam\u0131z \u0130zmir\u2019de ge\u00e7en y\u0131l y\u00fczde 50 indirim uyguland\u0131 ve ayl\u0131k \u00fccretler 10 bin liradan 5 bin liraya d\u00fc\u015f\u00fcr\u00fcld\u00fc.\u00a02025-2026\u00a0d\u00f6neminde yine Ba\u015fkan Tugay\u2019\u0131n talimat\u0131yla ayl\u0131k \u00fccret 4 bin TL oldu.<\/p>\n<p><strong>\u0130zmir \u00c7ocuk Meclisi<\/strong><\/p>\n<p>\u0130zmir \u00c7ocuk Meclisi, \u00e7ocuklar\u0131n yerel y\u00f6netime kat\u0131l\u0131m\u0131n\u0131 sa\u011flayan aktif bir mekanizma olarak \u00f6ne \u00e7\u0131k\u0131yor. Meclis b\u00fcnyesinde Kentsel Haklar, Do\u011fa ve Ekoloji, Sosyal Etkinlik Planlama, Bilgi ve Teknoloji, Gen\u00e7 ve Ergen Kat\u0131l\u0131m\u0131 komisyonlar\u0131 olu\u015fturularak \u00e7al\u0131\u015fmalar y\u00fcr\u00fct\u00fcl\u00fcyor.<\/p>\n<p><strong>\u00c7ocuk Merkezleri ile sahada b\u00fct\u00fcnc\u00fcl geli\u015fim modeli<\/strong><\/p>\n<p>Kent genelinde bulunan sekiz \u00c7ocuk Merkezi, 6-14 ya\u015f aral\u0131\u011f\u0131ndaki \u00e7ocuklara y\u00f6nelik akademik, sosyal, k\u00fclt\u00fcrel ve duygusal geli\u015fim destek programlar\u0131 sunuyor. Ayr\u0131ca 36-53 ay aras\u0131 \u00e7ocuklar ve ebeveynleri i\u00e7in Menemen \u00c7ocuk ve Ebeveyn Etkinlik Merkezi faaliyet g\u00f6steriyor. Merkezlerde akademik destek programlar\u0131, STEM ve robotik kodlama, yabanc\u0131 dil e\u011fitimleri, sanat ve m\u00fczik at\u00f6lyeleri, spor ve hareket programlar\u0131, \u00e7ocuk haklar\u0131 at\u00f6lyeleri, psikososyal destek hizmetleri, ebeveyn e\u011fitimleri sunuluyor.<\/p>\n<p>\u00a0<\/p>\n<p>\u00a0<\/p>\n<p>Kaynak: (BYZHA) Beyaz Haber Ajans\u0131<\/p>\n","protected":false},"excerpt":{"rendered":"<p>\u0130zmir B\u00fcy\u00fck\u015fehir Belediyesi, kad\u0131nlar\u0131n g\u00fc\u00e7lenmesi ve \u00e7ocuklar\u0131n geli\u015fiminin desteklenmesi amac\u0131yla son iki y\u0131lda sosyal hizmetlerden e\u011fitime, \u00fcretimden kat\u0131l\u0131mc\u0131 y\u00f6netime kadar bir\u00e7ok alanda kapsaml\u0131 projeleri hayata ge\u00e7irdi.<\/p>\n","protected":false},"author":1,"featured_media":3089,"comment_status":"open","ping_status":"open","sticky":false,"template":"","format":"standard","meta":{"footnotes":""},"categories":[20],"tags":[],"class_list":["post-3088","post","type-post","status-publish","format-standard","has-post-thumbnail","hentry","category-gundem"],"_links":{"self":[{"href":"https:\/\/akdenizolay.com.tr\/index.php\/wp-json\/wp\/v2\/posts\/3088","targetHints":{"allow":["GET"]}}],"collection":[{"href":"https:\/\/akdenizolay.com.tr\/index.php\/wp-json\/wp\/v2\/posts"}],"about":[{"href":"https:\/\/akdenizolay.com.tr\/index.php\/wp-json\/wp\/v2\/types\/post"}],"author":[{"embeddable":true,"href":"https:\/\/akdenizolay.com.tr\/index.php\/wp-json\/wp\/v2\/users\/1"}],"replies":[{"embeddable":true,"href":"https:\/\/akdenizolay.com.tr\/index.php\/wp-json\/wp\/v2\/comments?post=3088"}],"version-history":[{"count":1,"href":"https:\/\/akdenizolay.com.tr\/index.php\/wp-json\/wp\/v2\/posts\/3088\/revisions"}],"predecessor-version":[{"id":3090,"href":"https:\/\/akdenizolay.com.tr\/index.php\/wp-json\/wp\/v2\/posts\/3088\/revisions\/3090"}],"wp:featuredmedia":[{"embeddable":true,"href":"https:\/\/akdenizolay.com.tr\/index.php\/wp-json\/wp\/v2\/media\/3089"}],"wp:attachment":[{"href":"https:\/\/akdenizolay.com.tr\/index.php\/wp-json\/wp\/v2\/media?parent=3088"}],"wp:term":[{"taxonomy":"category","embeddable":true,"href":"https:\/\/akdenizolay.com.tr\/index.php\/wp-json\/wp\/v2\/categories?post=3088"},{"taxonomy":"post_tag","embeddable":true,"href":"https:\/\/akdenizolay.com.tr\/index.php\/wp-json\/wp\/v2\/tags?post=3088"}],"curies":[{"name":"wp","href":"https:\/\/api.w.org\/{rel}","templated":true}]}}