{"id":3091,"date":"2026-03-14T00:20:11","date_gmt":"2026-03-14T00:20:11","guid":{"rendered":"https:\/\/akdenizolay.com.tr\/index.php\/2026\/03\/14\/kesilen-cevizlerin-yerine-umut-filizlendi\/"},"modified":"2026-03-14T00:20:12","modified_gmt":"2026-03-14T00:20:12","slug":"kesilen-cevizlerin-yerine-umut-filizlendi","status":"publish","type":"post","link":"https:\/\/akdenizolay.com.tr\/index.php\/2026\/03\/14\/kesilen-cevizlerin-yerine-umut-filizlendi\/","title":{"rendered":"Kesilen cevizlerin yerine umut filizlendi"},"content":{"rendered":"<p> Kemalpa\u015fa\u2019da ceviz a\u011fa\u00e7lar\u0131 kesilen 70 ya\u015f\u0131ndaki \u00e7ift\u00e7i Ahmet Kemal Kahya\u2019n\u0131n umudu, \u0130zmir B\u00fcy\u00fck\u015fehir Belediyesi\u2019nin verdi\u011fi 50 ceviz fidan\u0131yla yeniden ye\u015ferdi. B\u00fcy\u00fck\u015fehir ekipleri, \u00fcretimin s\u00fcrmesi i\u00e7in Kahya\u2019n\u0131n bah\u00e7esini yeniden a\u011fa\u00e7land\u0131rd\u0131.<\/p>\n<p>\u0130zmir B\u00fcy\u00fck\u015fehir Belediyesi,\u00a0 uzun y\u0131llar \u00e7ocuklar\u0131 gibi b\u00fcy\u00fctt\u00fc\u011f\u00fc ceviz a\u011fa\u00e7lar\u0131 bir gecede katledilen Kemalpa\u015fal\u0131 \u00e7ift\u00e7i Ahmet Kemal Kahya\u2019n\u0131n (70) umutlar\u0131n\u0131 yeniden filizlendirdi. S\u00fct\u00e7\u00fcler\u2019de ceviz \u00fcretimi yapan Ahmet Kemal Kahya, 23 Kas\u0131m 2025\u2019te bah\u00e7esindeki 30 ceviz a\u011fac\u0131n\u0131 kimli\u011fi belirsiz ki\u015filer taraf\u0131ndan kesilmi\u015f olarak buldu. Olay\u0131n ard\u0131ndan harekete ge\u00e7en \u0130zmir B\u00fcy\u00fck\u015fehir Belediyesi Tar\u0131msal Hizmetler Dairesi Ba\u015fkanl\u0131\u011f\u0131, Kahya\u2019n\u0131n yaralar\u0131n\u0131 sarmak i\u00e7in ziraat m\u00fchendisleriyle incelemelerde bulundu. Katledilen a\u011fa\u00e7lar\u0131n kurtar\u0131lmas\u0131 i\u00e7in alanda \u00e7al\u0131\u015fma y\u00fcr\u00fcten ekipler, k\u0131\u015f ya\u011f\u0131\u015flar\u0131n\u0131n bitmesinin ard\u0131ndan Kahya\u2019ya ceviz fidan\u0131 deste\u011finde bulundu. Arazinin d\u00fczenlenmesinin ard\u0131ndan haz\u0131rlanan 50 ceviz a\u011fac\u0131 dikildi. Olay\u0131n ya\u015fand\u0131\u011f\u0131 andan itibaren hukuk m\u00fccadelesini s\u00fcrd\u00fcren Kahya\u2019n\u0131n y\u00fcz\u00fc, yeni ceviz fidanlar\u0131n\u0131n toprakla bulu\u015fmas\u0131yla yeniden g\u00fcld\u00fc.\u00a0<\/p>\n<p><strong>\u201cFidanlarla yan\u0131nda olduk\u201d<\/strong><\/p>\n<p>Tar\u0131msal \u00dcretim \u015eube M\u00fcd\u00fcrl\u00fc\u011f\u00fc\u2019nde g\u00f6revli ziraat m\u00fchendisi Evrim P\u0131nar Mak, \u201cMaalesef ya\u015fanan olay \u00e7ok \u00fcz\u00fcc\u00fcyd\u00fc. Ahmet Bey, buradaki a\u011fa\u00e7lar\u0131n d\u0131\u015far\u0131dan bir m\u00fcdahaleyle kesildi\u011fini bize iletti. Biz de gelip yerinde inceleme yapt\u0131k. \u0130ncelemelerimizde yeti\u015fkin ceviz a\u011fa\u00e7lar\u0131n\u0131n kesildi\u011fini g\u00f6rd\u00fck. Bu konuda nas\u0131l destek olabilece\u011fimizi kendisiyle g\u00f6r\u00fc\u015ft\u00fck. \u00c7ok \u00fczg\u00fcnd\u00fc. Biz de yan\u0131nda oldu\u011fumuzu ifade ettik ve zarar g\u00f6ren a\u011fa\u00e7lar\u0131n yerine fidanlar\u0131m\u0131zla destek olaca\u011f\u0131m\u0131z\u0131 s\u00f6yledik. Bug\u00fcn de burada uygulamay\u0131 ger\u00e7ekle\u015ftiriyoruz. 50 ceviz fidan\u0131n\u0131 alana getirdik. Topra\u011f\u0131n haz\u0131rlanmas\u0131, \u00e7ukurlar\u0131n a\u00e7\u0131lmas\u0131 ve fidanlar\u0131n dikimi s\u00fcrecinde de destek vererek fidanlar\u0131 toprakla bulu\u015fturduk\u201d diye konu\u015ftu.<\/p>\n<p>Tar\u0131msal Hizmetler Dairesi Ba\u015fkanl\u0131\u011f\u0131 olarak \u00e7ift\u00e7ilerin ya\u015fad\u0131\u011f\u0131 zorluklarda \u00fcreticilerin yan\u0131nda olduklar\u0131n\u0131 belirten Evrim P\u0131nar Mak, \u201cBizim i\u00e7in \u00fcretimin s\u00fcrd\u00fcr\u00fclebilir olmas\u0131 \u00f6nemli. Ahmet Bey\u2019in bu topraklarda \u00fcretmeye devam etmek istemesi de bizim i\u00e7in \u00e7ok k\u0131ymetli\u201d dedi.<\/p>\n<p><strong>\u201cKahve k\u00f6\u015fesinde oturmak yerine a\u011fa\u00e7lar\u0131mla sohbet ediyorum\u201d<\/strong><\/p>\n<p>Ahmet Kemal Kahya, 23 Kas\u0131m\u2019da bah\u00e7esine geldi\u011finde 30 ceviz a\u011fac\u0131n\u0131 kesilmi\u015f halde buldu\u011funu belirterek \u201cBuna \u00e7ok \u00fcz\u00fcld\u00fcm. Gerekli yerlere \u015fikayetlerde bulunduk. \u0130n\u015fallah yapanlar bulunur, ac\u0131m\u0131z bir nebze olsa hafifler. Bu a\u011fa\u00e7lar 20 y\u0131ll\u0131kt\u0131. Kendi ellerimizle b\u00fcy\u00fctt\u00fck. B\u00fct\u00fcn bak\u0131mlar\u0131n\u0131 do\u011fal olarak yapt\u0131k. Maddi de\u011ferinden \u00e7ok manevi de\u011feri var. \u00c7ocuklar\u0131m\u0131za bir miras b\u0131rakmak istedik. Memleketimize bir ye\u015fil alan b\u0131rakmak istedik. Ben 70 ya\u015f\u0131nda gider kahve k\u00f6\u015fesinde de otururum. Ama ben b\u00fct\u00fcn yaz\u0131m\u0131 bu a\u011fa\u00e7lar\u0131n dibinde, onlarla sohbet ederek ge\u00e7iriyorum\u201d s\u00f6zleriyle ifade etti.\u00a0<\/p>\n<p><strong>\u201cBizi tek arayan \u0130zmir B\u00fcy\u00fck\u015fehir Belediyesi oldu\u201d<\/strong><\/p>\n<p>Aradan ge\u00e7en s\u00fcrede yarg\u0131n\u0131n takipsizlik karar\u0131 verdi\u011fini s\u00f6yleyen Kahya, \u201cAraziyi g\u00fczelce i\u015fledik. Bug\u00fcne nasipmi\u015f, in\u015fallah a\u011fa\u00e7lar\u0131m\u0131z\u0131 dikece\u011fiz. \u0130zmir B\u00fcy\u00fck\u015fehir Belediyesi\u2019nden Allah raz\u0131 olsun. Bize her t\u00fcrl\u00fc deste\u011fi verdiler. Bizi tek arayan da \u0130zmir B\u00fcy\u00fck\u015fehir Belediyesi oldu. Fidan deste\u011fi verdiler, dikim deste\u011fi verdiler. \u0130zmir B\u00fcy\u00fck\u015fehir Belediye Ba\u015fkan\u0131m\u0131za ve Tar\u0131msal Hizmetler Dairesi Ba\u015fkan\u0131m\u0131za \u00e7ok te\u015fekk\u00fcr ediyorum. B\u00fct\u00fcn desteklerini bize verdiler. Mahkeme takipsizlik karar\u0131 verdi. Yarg\u0131 s\u00fcrecimiz devam edecek\u201d \u015feklinde konu\u015ftu.<\/p>\n<p><strong>\u201cMiras b\u0131rakaca\u011f\u0131m ki sat\u0131lmas\u0131n, buras\u0131 hep ye\u015fil kals\u0131n\u201d<\/strong><\/p>\n<p>Yeni fidanlar\u0131n\u0131 b\u00fcy\u00fck bir heyecanla toprakla bulu\u015fturan Kahya, \u201cBuras\u0131n\u0131 yeniden a\u011fa\u00e7land\u0131rmak \u00e7ok g\u00fczel bir duygu. Yaram\u0131z\u0131 bir nebze kapatt\u0131. Bu topraklar \u00e7ok g\u00fczel ceviz veriyor. Tad\u0131, aromas\u0131 \u00e7ok g\u00fczel. G\u00fczel oldu\u011fu i\u00e7in dikmeye devam ediyoruz. B\u00fcy\u00fck emekler veriyoruz ama birileri \u00e7\u0131k\u0131yor a\u011fa\u00e7lar\u0131m\u0131z\u0131 kesiyor. Bundan \u00fcz\u00fcnt\u00fcl\u00fcy\u00fcz. Biz buras\u0131n\u0131n do\u011fas\u0131n\u0131 biliyoruz, yeti\u015ftirmesini biliyoruz. \u0130\u015fin i\u00e7inden geldi\u011fimiz i\u00e7in zorluklar\u0131na katlan\u0131yoruz, sonucunu da al\u0131yoruz. Ben de miras b\u0131rakaca\u011f\u0131m. Bu alana ceviz ve zeytin dikece\u011fim ki \u00e7ocuklar\u0131m, torunlar\u0131m ileride bu araziyi satmas\u0131n. Bu dikti\u011fimiz a\u011fa\u00e7lar en az y\u00fcz y\u0131ll\u0131k a\u011fa\u00e7lar. Arazi bo\u015f olursa satarlar. Gelir olursa faydalan\u0131r, satmazlar. Etraf\u0131m\u0131z in\u015faatlarla kapland\u0131 zaten, buras\u0131 da sat\u0131l\u0131rsa in\u015faat olacak\u201d diye konu\u015ftu.\u00a0<\/p>\n<p>\u00a0<\/p>\n<p>\u00a0<\/p>\n<p>Kaynak: (BYZHA) Beyaz Haber Ajans\u0131<\/p>\n","protected":false},"excerpt":{"rendered":"<p>Kemalpa\u015fa\u2019da ceviz a\u011fa\u00e7lar\u0131 kesilen 70 ya\u015f\u0131ndaki \u00e7ift\u00e7i Ahmet Kemal Kahya\u2019n\u0131n umudu, \u0130zmir B\u00fcy\u00fck\u015fehir Belediyesi\u2019nin verdi\u011fi 50 ceviz fidan\u0131yla yeniden ye\u015ferdi.<\/p>\n","protected":false},"author":1,"featured_media":3092,"comment_status":"open","ping_status":"open","sticky":false,"template":"","format":"standard","meta":{"footnotes":""},"categories":[20],"tags":[],"class_list":["post-3091","post","type-post","status-publish","format-standard","has-post-thumbnail","hentry","category-gundem"],"_links":{"self":[{"href":"https:\/\/akdenizolay.com.tr\/index.php\/wp-json\/wp\/v2\/posts\/3091","targetHints":{"allow":["GET"]}}],"collection":[{"href":"https:\/\/akdenizolay.com.tr\/index.php\/wp-json\/wp\/v2\/posts"}],"about":[{"href":"https:\/\/akdenizolay.com.tr\/index.php\/wp-json\/wp\/v2\/types\/post"}],"author":[{"embeddable":true,"href":"https:\/\/akdenizolay.com.tr\/index.php\/wp-json\/wp\/v2\/users\/1"}],"replies":[{"embeddable":true,"href":"https:\/\/akdenizolay.com.tr\/index.php\/wp-json\/wp\/v2\/comments?post=3091"}],"version-history":[{"count":1,"href":"https:\/\/akdenizolay.com.tr\/index.php\/wp-json\/wp\/v2\/posts\/3091\/revisions"}],"predecessor-version":[{"id":3093,"href":"https:\/\/akdenizolay.com.tr\/index.php\/wp-json\/wp\/v2\/posts\/3091\/revisions\/3093"}],"wp:featuredmedia":[{"embeddable":true,"href":"https:\/\/akdenizolay.com.tr\/index.php\/wp-json\/wp\/v2\/media\/3092"}],"wp:attachment":[{"href":"https:\/\/akdenizolay.com.tr\/index.php\/wp-json\/wp\/v2\/media?parent=3091"}],"wp:term":[{"taxonomy":"category","embeddable":true,"href":"https:\/\/akdenizolay.com.tr\/index.php\/wp-json\/wp\/v2\/categories?post=3091"},{"taxonomy":"post_tag","embeddable":true,"href":"https:\/\/akdenizolay.com.tr\/index.php\/wp-json\/wp\/v2\/tags?post=3091"}],"curies":[{"name":"wp","href":"https:\/\/api.w.org\/{rel}","templated":true}]}}