{"id":3094,"date":"2026-03-14T00:20:13","date_gmt":"2026-03-14T00:20:13","guid":{"rendered":"https:\/\/akdenizolay.com.tr\/index.php\/2026\/03\/14\/konak-belediyesi-ve-bayetavdan-is-birligi-imzalar-esit-ve-adil-yasam-icin-atildi\/"},"modified":"2026-03-14T00:20:14","modified_gmt":"2026-03-14T00:20:14","slug":"konak-belediyesi-ve-bayetavdan-is-birligi-imzalar-esit-ve-adil-yasam-icin-atildi","status":"publish","type":"post","link":"https:\/\/akdenizolay.com.tr\/index.php\/2026\/03\/14\/konak-belediyesi-ve-bayetavdan-is-birligi-imzalar-esit-ve-adil-yasam-icin-atildi\/","title":{"rendered":"Konak Belediyesi ve BAYETAV\u2019dan i\u015f birli\u011fi: \u0130mzalar e\u015fit ve adil ya\u015fam i\u00e7in at\u0131ld\u0131"},"content":{"rendered":"<p> <b>Konak Belediyesi ile BAYETAV, toplumsal dayan\u0131\u015fmay\u0131 g\u00fc\u00e7lendirmek ve ortak \u00e7al\u0131\u015fmalar y\u00fcr\u00fctmek amac\u0131yla i\u015f birli\u011fi protokol\u00fc imzalad\u0131. Protokol kapsam\u0131nda hak temelli, dayan\u0131\u015fmac\u0131, kapsay\u0131c\u0131 ve e\u015fitlik\u00e7i bir anlay\u0131\u015fla, e\u011fitim, ara\u015ft\u0131rma, k\u00fclt\u00fcr, gen\u00e7lik, sanat ve sosyal politika alanlar\u0131nda s\u00fcrd\u00fcr\u00fclebilir i\u015f birli\u011fi projeleri geli\u015ftirilecek.<\/b><\/p>\n<p>Kente daha nitelikli hizmet sunabilmek i\u00e7in sivil toplum kurulu\u015flar\u0131yla i\u015f birliklerini s\u00fcrd\u00fcren Konak Belediyesi, Bir Arada Ya\u015far\u0131z E\u011fitim ve Toplumsal Ara\u015ft\u0131rmalar Vakf\u0131 (BAYETAV) ile anlaml\u0131 bir protokole imza att\u0131. Ba\u015fkan Nil\u00fcfer \u00c7\u0131narl\u0131 Mutlu, insan haklar\u0131, toplumsal cinsiyet e\u015fitli\u011fi, gen\u00e7lik kat\u0131l\u0131m\u0131, dayan\u0131\u015fma ve sosyal kapsay\u0131c\u0131l\u0131k gibi alanlarda ortak projeler geli\u015ftirilmesini i\u00e7eren protokol\u00fc BAYETAV Genel Sekreteri Dr. B\u00fclent \u015e\u0131k ile birlikte imzalad\u0131. Ba\u015fkanl\u0131k makam\u0131nda ger\u00e7ekle\u015ftirilen imza t\u00f6renine BAYETAV Akademik \u00c7al\u0131\u015fmalar Koordinat\u00f6r\u00fc Serkan Turgut ve Sanat Koordinat\u00f6r\u00fc Hale Ery\u0131lmaz\u2019\u0131n yan\u0131 s\u0131ra belediye b\u00fcrokratlar\u0131 ile birim personelleri kat\u0131ld\u0131. Protokol kapsam\u0131nda \u00e7ocuklar\u0131n, gen\u00e7lerin ve t\u00fcm dezavantajl\u0131 gruplar\u0131n toplumsal ya\u015fama aktif kat\u0131l\u0131m\u0131n\u0131 destekleyen, s\u00fcrd\u00fcr\u00fclebilir, e\u015fitlik\u00e7i ve kapsay\u0131c\u0131 \u00e7al\u0131\u015fmalar y\u00fcr\u00fct\u00fclecek, bu do\u011frultuda \u00e7e\u015fitli etkinlikler hayata ge\u00e7irilecek.<\/p>\n<p><b>Mutlu: E\u015fit bir ya\u015fam\u0131 birlikte kurmak istiyoruz<\/b><\/p>\n<p>Konak Belediye Ba\u015fkan\u0131 Nil\u00fcfer \u00c7\u0131narl\u0131 Mutlu, Konak\u2019ta herkesin kendini e\u015fit ve g\u00fcvende hissetti\u011fi bir ya\u015fam\u0131 birlikte kurmay\u0131 hedeflediklerini belirtti. G\u00f6reve geldikleri g\u00fcnden bu yana bir\u00e7ok i\u015f birli\u011fi ger\u00e7ekle\u015ftirdiklerini s\u00f6yleyen Ba\u015fkan Mutlu, \u201cBAYETAV ile imzalad\u0131\u011f\u0131m\u0131z bu protokol\u00fcn de sosyal kapsay\u0131c\u0131l\u0131k, dayan\u0131\u015fma k\u00fclt\u00fcr\u00fc ve gen\u00e7lerin aktif rol almas\u0131 gibi alanlarda \u00f6nemli \u00e7al\u0131\u015fmalar\u0131n \u00f6n\u00fcn\u00fc a\u00e7aca\u011f\u0131na inan\u0131yorum. \u00c7ocuklar\u0131n, gen\u00e7lerin ve t\u00fcm dezavantajl\u0131 gruplar\u0131n toplumsal hayata daha g\u00fc\u00e7l\u00fc kat\u0131labildi\u011fi, dayan\u0131\u015fman\u0131n b\u00fcy\u00fcd\u00fc\u011f\u00fc bir kent i\u00e7in birlikte \u00fcretmeye devam edece\u011fiz\u201d dedi.<\/p>\n<p><b>\u015e\u0131k: Birlikte g\u00fczel i\u015fler ba\u015faraca\u011f\u0131z<\/b><\/p>\n<p>BAYETAV Genel Sekreteri Dr. B\u00fclent \u015e\u0131k ise \u00f6zellikle \u00e7ocuklar\u0131n beslenme ve sa\u011fl\u0131k ili\u015fkisi ile geli\u015fimlerini olumsuz etkileyen toksik maddelerin \u00f6nlenmesi i\u00e7in s\u0131k\u0131 i\u015f birli\u011fi y\u00fcr\u00fctmeleri gerekti\u011fini vurgulad\u0131. \u015e\u0131k, bunun bir programa d\u00f6n\u00fc\u015ft\u00fcr\u00fcld\u00fc\u011f\u00fcn\u00fc ve yerel y\u00f6netimlerin bu \u00e7al\u0131\u015fmalarda en yo\u011fun i\u015f birli\u011fi yap\u0131lacak kurumlar olaca\u011f\u0131n\u0131 belirterek, \u201cBelediyelerin \u00e7ocuklara y\u00f6nelik geni\u015f bir hizmet alan\u0131 var ve vak\u0131f olarak uzun zamand\u0131r bu konuyla ilgileniyoruz. Yerel y\u00f6netimlere \u00f6n\u00fcm\u00fczdeki s\u00fcre\u00e7te b\u00fcy\u00fck sorumluluklar d\u00fc\u015f\u00fcyor. Birlikte g\u00fczel i\u015fler ba\u015faraca\u011f\u0131z\u201d ifadelerini kulland\u0131.<\/p>\n<p>\u00a0<\/p>\n<p>\u00a0<\/p>\n<p>Kaynak: (BYZHA) Beyaz Haber Ajans\u0131<\/p>\n","protected":false},"excerpt":{"rendered":"<p>Konak Belediyesi ile BAYETAV, toplumsal dayan\u0131\u015fmay\u0131 g\u00fc\u00e7lendirmek ve ortak \u00e7al\u0131\u015fmalar y\u00fcr\u00fctmek amac\u0131yla i\u015f birli\u011fi protokol\u00fc imzalad\u0131.<\/p>\n","protected":false},"author":1,"featured_media":3095,"comment_status":"open","ping_status":"open","sticky":false,"template":"","format":"standard","meta":{"footnotes":""},"categories":[20],"tags":[],"class_list":["post-3094","post","type-post","status-publish","format-standard","has-post-thumbnail","hentry","category-gundem"],"_links":{"self":[{"href":"https:\/\/akdenizolay.com.tr\/index.php\/wp-json\/wp\/v2\/posts\/3094","targetHints":{"allow":["GET"]}}],"collection":[{"href":"https:\/\/akdenizolay.com.tr\/index.php\/wp-json\/wp\/v2\/posts"}],"about":[{"href":"https:\/\/akdenizolay.com.tr\/index.php\/wp-json\/wp\/v2\/types\/post"}],"author":[{"embeddable":true,"href":"https:\/\/akdenizolay.com.tr\/index.php\/wp-json\/wp\/v2\/users\/1"}],"replies":[{"embeddable":true,"href":"https:\/\/akdenizolay.com.tr\/index.php\/wp-json\/wp\/v2\/comments?post=3094"}],"version-history":[{"count":1,"href":"https:\/\/akdenizolay.com.tr\/index.php\/wp-json\/wp\/v2\/posts\/3094\/revisions"}],"predecessor-version":[{"id":3096,"href":"https:\/\/akdenizolay.com.tr\/index.php\/wp-json\/wp\/v2\/posts\/3094\/revisions\/3096"}],"wp:featuredmedia":[{"embeddable":true,"href":"https:\/\/akdenizolay.com.tr\/index.php\/wp-json\/wp\/v2\/media\/3095"}],"wp:attachment":[{"href":"https:\/\/akdenizolay.com.tr\/index.php\/wp-json\/wp\/v2\/media?parent=3094"}],"wp:term":[{"taxonomy":"category","embeddable":true,"href":"https:\/\/akdenizolay.com.tr\/index.php\/wp-json\/wp\/v2\/categories?post=3094"},{"taxonomy":"post_tag","embeddable":true,"href":"https:\/\/akdenizolay.com.tr\/index.php\/wp-json\/wp\/v2\/tags?post=3094"}],"curies":[{"name":"wp","href":"https:\/\/api.w.org\/{rel}","templated":true}]}}