{"id":3100,"date":"2026-03-14T00:20:16","date_gmt":"2026-03-14T00:20:16","guid":{"rendered":"https:\/\/akdenizolay.com.tr\/index.php\/2026\/03\/14\/manisaya-dsiden-23-yilda-221-tesis\/"},"modified":"2026-03-14T00:20:17","modified_gmt":"2026-03-14T00:20:17","slug":"manisaya-dsiden-23-yilda-221-tesis","status":"publish","type":"post","link":"https:\/\/akdenizolay.com.tr\/index.php\/2026\/03\/14\/manisaya-dsiden-23-yilda-221-tesis\/","title":{"rendered":"Manisa\u2019ya DS\u0130\u2019den 23 Y\u0131lda 221 Tesis"},"content":{"rendered":"\n<p class=\"MsoNoSpacing\" style=\"margin-bottom:11px;text-align:justify\"><span style=\"font-size:11pt\"><span style=\"line-height:115%\"><span style=\"font-family:Calibri,sans-serif\"><i><span style=\"font-size:12.0pt\"><span style=\"line-height:115%\"><span style=\",serif\"><span style=\"color:black\">Son 23 y\u0131lda \u015fehzadeler kenti Manisa\u2019ya 38.6 milyar liral\u0131k yat\u0131r\u0131m yapan DS\u0130 Genel M\u00fcd\u00fcrl\u00fc\u011f\u00fc, 221 su tesisini vatanda\u015flar\u0131n hizmetine sunarak, b\u00f6lge ekonomisine y\u0131lda 4,2 milyar liral\u0131k katk\u0131 sa\u011flad\u0131.<\/span><\/span><\/span><\/span><\/i><\/span><\/span><\/span><\/p>\n<p class=\"MsoNoSpacing\" style=\"margin-bottom:11px;text-align:justify\"><span style=\"font-size:11pt\"><span style=\"line-height:115%\"><span style=\"font-family:Calibri,sans-serif\"><b><span style=\"font-size:12.0pt\"><span style=\"line-height:115%\"><span style=\",serif\"><span style=\"color:black\">Tar\u0131m ve Orman Bakanl\u0131\u011f\u0131 Devlet Su \u0130\u015fleri (DS\u0130) Genel M\u00fcd\u00fcrl\u00fc\u011f\u00fc, tar\u0131mda modern sulamay\u0131 yayg\u0131nla\u015ft\u0131rmak, toplula\u015ft\u0131rma \u00e7al\u0131\u015fmalar\u0131yla tar\u0131m arazilerinden en y\u00fcksek fayday\u0131 sa\u011flamak, musluklara sa\u011fl\u0131kl\u0131 ve i\u00e7ilebilir su ula\u015ft\u0131rmak ve yerle\u015fim yerleri ile tar\u0131m arazilerini ta\u015fk\u0131n risklerine kar\u015f\u0131 korumak i\u00e7in t\u00fcm g\u00fcc\u00fcyle \u00e7al\u0131\u015f\u0131rken, s\u00fcrd\u00fcr\u00fclebilir su y\u00f6netimi anlay\u0131\u015f\u0131yla da suyun her damlas\u0131na sahip \u00e7\u0131k\u0131yor.<\/span><\/span><\/span><\/span><\/b><\/span><\/span><\/span><\/p>\n<p class=\"MsoNoSpacing\" style=\"margin-bottom:16px;text-align:justify\"><span style=\"font-size:11pt\"><span style=\"line-height:115%\"><span style=\"font-family:Calibri,sans-serif\"><b><span style=\"font-size:12.0pt\"><span style=\"line-height:115%\"><span style=\",serif\"><span style=\"color:black\">Son y\u0131llarda etkileri g\u00fc\u00e7l\u00fc \u015fekilde hissedilen k\u00fcresel \u0131s\u0131nma ve iklim de\u011fi\u015fikli\u011fi suyun ve su yap\u0131lar\u0131n\u0131n \u00f6nemini her ge\u00e7en g\u00fcn daha da art\u0131\u011f\u0131n\u0131n alt\u0131n\u0131 \u00e7izen DS\u0130 Genel M\u00fcd\u00fcr\u00fc Mehmet Akif BALTA, \u2019\u0130klim de\u011fi\u015fikli\u011finin etkisiyle suyun zamansal ve mek\u00e2nsal da\u011f\u0131l\u0131m\u0131nda ya\u015fanan belirsizlikler ve a\u015f\u0131r\u0131l\u0131klar suya ba\u011fl\u0131 afetlerin hem say\u0131s\u0131nda hem etkinlik alan\u0131nda hem de \u015fiddetinde art\u0131\u015flara sebep olmaktad\u0131r. Bu \u00e7er\u00e7evede ba\u015fta depolama tesislerimiz olmak \u00fczere in\u015fa ederek ekonomik ve sosyal ya\u015fama kazand\u0131rd\u0131\u011f\u0131m\u0131z t\u00fcm su yap\u0131lar\u0131 kritik bir \u00f6neme sahiptir.<\/span><\/span><\/span><\/span><\/b><\/span><\/span><\/span><\/p>\n<p class=\"MsoNoSpacing\" style=\"margin-bottom:16px;text-align:justify\"><span style=\"font-size:11pt\"><span style=\"line-height:115%\"><span style=\"font-family:Calibri,sans-serif\"><b><span style=\"font-size:12.0pt\"><span style=\"line-height:115%\"><span style=\",serif\"><span style=\"color:black\">\u00d6zellikle kurak periyotlarda vatanda\u015flar\u0131m\u0131z\u0131n ve t\u00fcm sekt\u00f6rlerin en b\u00fcy\u00fck g\u00fcvencesi olan depolama tesislerimiz b\u00fcy\u00fck \u00f6nem ta\u015f\u0131maktad\u0131r. Havza \u00f6zelliklerine g\u00f6re planlad\u0131\u011f\u0131m\u0131z su depolama tesisleri, t\u00fcm sistemin sigortas\u0131 olarak su \u00e7evriminin en \u00f6nemli halkas\u0131n\u0131 te\u015fkil etmekte hem kurakl\u0131k hem de ta\u015fk\u0131n gibi ekstrem hidrolojik olaylar kar\u015f\u0131s\u0131nda toplumsal ve ekonomik direnci art\u0131ran hayati altyap\u0131 tesisleri olarak \u00f6ne \u00e7\u0131kmaktad\u0131r. \u2018\u2019dedi.<\/span><\/span><\/span><\/span><\/b><\/span><\/span><\/span><\/p>\n<p class=\"MsoNoSpacing\" style=\"margin-bottom:16px;text-align:justify\"><span style=\"font-size:11pt\"><span style=\"line-height:115%\"><span style=\"font-family:Calibri,sans-serif\"><b><span style=\"font-size:12.0pt\"><span style=\"line-height:115%\"><span style=\",serif\"><span style=\"color:black\">Suyu depolamak kadar \u00f6nemli olan bir di\u011fer husus, suyu asgari kay\u0131pla son kullan\u0131c\u0131s\u0131na iletmek oldu\u011funu ifade eden DS\u0130 Genel M\u00fcd\u00fcr\u00fc Mehmet Akif BALTA, \u2019Bu \u00e7er\u00e7evede, suyun \u00fclkemizde ve d\u00fcnyada en \u00e7ok t\u00fcketildi\u011fi sekt\u00f6r olan tar\u0131m sekt\u00f6r\u00fcnde hayata ge\u00e7irdi\u011fimiz modern uygulamalarla bu alanda \u00f6nemli ilerleme kaydedilmi\u015ftir. \u00d6zellikle bas\u0131n\u00e7l\u0131 borulu sulama sistemlerinin yayg\u0131nla\u015ft\u0131r\u0131lmas\u0131, yapay zeka destekli sulama otomasyonu uygulamalar\u0131 ve elektronik \u00f6l\u00e7\u00fcm sistemi (saya\u00e7) tak\u0131lan sulama tesisi say\u0131s\u0131n\u0131n art\u0131r\u0131lmas\u0131yla suyun verimli kullan\u0131m\u0131 ad\u0131na \u00e7ok \u00f6nemli ad\u0131mlar at\u0131ld\u0131\u011f\u0131n\u0131 belirtti.<\/span><\/span><\/span><\/span><\/b><\/span><\/span><\/span><\/p>\n<p class=\"MsoNoSpacing\" style=\"margin-bottom:16px;text-align:justify\"><span style=\"font-size:11pt\"><span style=\"line-height:115%\"><span style=\"font-family:Calibri,sans-serif\"><b><span style=\"font-size:12.0pt\"><span style=\"line-height:115%\"><span style=\",serif\"><span style=\"color:black\">DS\u0130 Genel M\u00fcd\u00fcr\u00fc Mehmet Akif BALTA,\u2019 G\u00fcn\u00fcm\u00fczde suyla alakal\u0131 meselelerde madalyonun bir y\u00fcz\u00fcnde kurakl\u0131k varken di\u011fer y\u00fcz\u00fcnde ta\u015fk\u0131nlar\u0131n yer ald\u0131\u011f\u0131n\u0131 belirterek. Suyun verimli kullan\u0131m\u0131 ne kadar \u00f6nemli ise ta\u015fan sular\u0131n kontrol\u00fc de o denli \u00f6nemlidir. Bu \u00e7er\u00e7evede say\u0131lar\u0131n\u0131 h\u0131zla art\u0131rd\u0131\u011f\u0131m\u0131z yenilik\u00e7i ta\u015fk\u0131n kontrol tesislerimiz ve ta\u015fk\u0131n erken uyar\u0131 sistemlerimizle ta\u015fk\u0131n zararlar\u0131n\u0131n asgariye d\u00fc\u015f\u00fcr\u00fclmesi hususunda \u00f6nemli ba\u015far\u0131lar elde ediyor, rekor denilebilecek nitelikteki ya\u011f\u0131\u015flarda can ve mal kay\u0131plar\u0131n\u0131n \u00f6n\u00fcne ge\u00e7iyoruz. \u2018\u2019dedi.<\/span><\/span><\/span><\/span><\/b><\/span><\/span><\/span><\/p>\n<p align=\"center\" class=\"MsoNoSpacing\" style=\"margin-bottom:11px;text-align:center\"><span style=\"font-size:11pt\"><span style=\"line-height:115%\"><span style=\"font-family:Calibri,sans-serif\"><b><span style=\"font-size:14.0pt\"><span style=\"line-height:115%\"><span style=\",serif\"><span style=\"color:black\">Manisa\u2019ya 34 Baraj, 14 G\u00f6let, 16 yeralt\u0131 depolamas\u0131 in\u015fa ettik<\/span><\/span><\/span><\/span><\/b><\/span><\/span><\/span><\/p>\n<p style=\"text-align:justify;margin-bottom:11px\"><span style=\"font-size:11pt\"><span style=\"line-height:115%\"><span style=\"font-family:Calibri,sans-serif\"><span style=\"font-size:12.0pt\"><span style=\"line-height:115%\"><span style=\",serif\"><span style=\"color:black\">Manisa\u2019n\u0131n \u00fcz\u00fcm ve zeytin ba\u015fta olmak \u00fczere pek \u00e7ok tar\u0131m \u00fcr\u00fcn\u00fcnde sekt\u00f6r\u00fcn lokomotif kentlerinden biri oldu\u011funu vurgulayan <\/span><\/span><\/span><\/span><b><span style=\"font-size:12.0pt\"><span style=\"line-height:115%\"><span style=\",serif\"><span style=\"color:black\">DS\u0130 Genel M\u00fcd\u00fcr\u00fc Mehmet Akif BALTA, <\/span><\/span><\/span><\/span><\/b><span style=\"font-size:12.0pt\"><span style=\"line-height:115%\"><span style=\",serif\"><span style=\"color:black\">\u015fehzadeler kentine son 23 y\u0131lda 38 milyar 671 milyon liral\u0131k yat\u0131r\u0131m yapt\u0131klar\u0131n\u0131 s\u00f6yledi. 221 su tesisini vatanda\u015flar\u0131m\u0131z\u0131n hizmetine sunduklar\u0131n\u0131 a\u00e7\u0131klad\u0131.<\/span><\/span><\/span><\/span><\/span><\/span><\/span><\/p>\n<p style=\"text-align:justify;margin-bottom:11px\"><span style=\"font-size:11pt\"><span style=\"line-height:115%\"><span style=\"font-family:Calibri,sans-serif\"><b><span style=\"font-size:12.0pt\"><span style=\"line-height:115%\"><span style=\",serif\"><span style=\"color:black\">DS\u0130 Genel M\u00fcd\u00fcr\u00fc Mehmet Akif Balta<\/span><\/span><\/span><\/span><\/b><span style=\"font-size:12.0pt\"><span style=\"line-height:115%\"><span style=\",serif\"><span style=\"color:black\">, \u201cManisa hem iklimi hem de toprak yap\u0131s\u0131 ile y\u0131lda 3 hatta 4 \u00fcr\u00fcn\u00fcn ekilebildi\u011fi \u00fclkemizin en verimli topraklar\u0131n\u0131 bar\u0131nd\u0131r\u0131yor. Bu verimli topraklar\u0131 kalk\u0131nd\u0131rmak amac\u0131yla 23 y\u0131l \u00f6nce ba\u015flatt\u0131\u011f\u0131m\u0131z yat\u0131r\u0131m seferberli\u011fimiz sayesinde Manisa\u2019n\u0131n kalk\u0131nmas\u0131na \u00f6nemli katk\u0131 sa\u011flad\u0131k. \u015eehzadeler kentine 2003 y\u0131l\u0131ndan bu yana 34 baraj, 14 g\u00f6let ve 16 yeralt\u0131 depolamas\u0131 in\u015fa ettik. Bu 64 tesisimizle Manisa\u2019n\u0131n su depolama hacmine 596 milyon m\u00b3 daha ekleyerek toplam rakam\u0131 1,82 milyar m\u00b3\u2019e \u00e7\u0131kard\u0131k\u201d diye konu\u015ftu.<\/span><\/span><\/span><\/span><\/span><\/span><\/span><\/p>\n<p align=\"center\" class=\"MsoNoSpacing\" style=\"margin-bottom:11px;text-align:center\"><span style=\"font-size:11pt\"><span style=\"line-height:115%\"><span style=\"font-family:Calibri,sans-serif\"><b><span style=\"font-size:14.0pt\"><span style=\"line-height:115%\"><span style=\",serif\"><span style=\"color:black\">245 bin dekar araziyi sulamaya a\u00e7t\u0131k<\/span><\/span><\/span><\/span><\/b><\/span><\/span><\/span><\/p>\n<p style=\"text-align:justify;margin-bottom:11px\"><span style=\"font-size:11pt\"><span style=\"line-height:115%\"><span style=\"font-family:Calibri,sans-serif\"><span style=\"font-size:12.0pt\"><span style=\"line-height:115%\"><span style=\",serif\"><span style=\"color:black\">K\u00fcresel \u0131s\u0131nma ve iklim de\u011fi\u015fikli\u011fi birlikte ortaya \u00e7\u0131kan kurakl\u0131k y\u00fcz\u00fcnden tatl\u0131 sular\u0131n daha da de\u011ferli oldu\u011funu kaydeden<\/span><\/span><\/span><\/span><b><span style=\"font-size:12.0pt\"><span style=\"line-height:115%\"><span style=\",serif\"><span style=\"color:black\"> DS\u0130 Genel M\u00fcd\u00fcr\u00fc Mehmet Akif BALTA; <\/span><\/span><\/span><\/span><\/b><span style=\"font-size:12.0pt\"><span style=\"line-height:115%\"><span style=\",serif\"><span style=\"color:black\">Manisa\u2019da 23 y\u0131lda 73 adet sulama tesisini tamamlad\u0131klar\u0131n\u0131 belirtti. 244 bin 805 dekar araziyi daha borulu bas\u0131n\u00e7l\u0131 modern sistem ile sulamaya a\u00e7t\u0131klar\u0131n\u0131 s\u00f6yledi. <b>DS\u0130 Genel M\u00fcd\u00fcr\u00fc Mehmet Akif Balta,<\/b> bu tesisler sayesinde b\u00f6lge ve \u00fclke ekonomisine her y\u0131l ortalama 4.09 milyar lira ek katk\u0131 sa\u011flad\u0131klar\u0131n\u0131 vurgulad\u0131.<\/span><\/span><\/span><\/span><\/span><\/span><\/span><\/p>\n<p align=\"center\" class=\"MsoNoSpacing\" style=\"margin-bottom:11px;text-align:center\"><span style=\"font-size:11pt\"><span style=\"line-height:115%\"><span style=\"font-family:Calibri,sans-serif\"><b><span style=\"font-size:14.0pt\"><span style=\"line-height:115%\"><span style=\",serif\"><span style=\"color:black\">78 ta\u015fk\u0131n koruma tesisi yapt\u0131k<\/span><\/span><\/span><\/span><\/b><\/span><\/span><\/span><\/p>\n<p style=\"text-align:justify;margin-bottom:11px\"><span style=\"font-size:11pt\"><span style=\"line-height:115%\"><span style=\"font-family:Calibri,sans-serif\"><span style=\"font-size:12.0pt\"><span style=\"line-height:115%\"><span style=\",serif\"><span style=\"color:black\">Deprem, Orman yang\u0131n\u0131 ve ta\u015fk\u0131nlar gibi her t\u00fcrl\u00fc do\u011fal afette etkin rol \u00fcstlendiklerini de hat\u0131rlatan <b>DS\u0130 Genel M\u00fcd\u00fcr\u00fc Mehmet Akif Balta<\/b> \u201cDS\u0130 olarak vatanda\u015f\u0131m\u0131z\u0131n en zor zamanlar\u0131nda her zaman onlar\u0131n emrinde oluyoruz. \u00c7\u00fcnk\u00fc vatanda\u015f\u0131m\u0131z\u0131n can ve mal g\u00fcvenli\u011fi bizim i\u00e7in her \u015feyden \u00f6nemlidir. \u00d6zellikle ta\u015fk\u0131nlara kar\u015f\u0131 etkin \u00f6nlemler al\u0131yoruz. Bu kapsamda Manisa\u2019da sadece son 23 y\u0131lda 78 ta\u015fk\u0131n koruma tesisi tamamlad\u0131k. Binlerce dekar araziyi ve onlarca yerle\u015fim yerinde ta\u015fk\u0131n riskini minimize ettik. \u00c7al\u0131\u015fmalar\u0131m\u0131z aral\u0131ks\u0131z devam ediyor\u201d diye konu\u015ftu.<\/span><\/span><\/span><\/span><\/span><\/span><\/span><\/p>\n<p align=\"center\" style=\"text-align:center;margin-bottom:11px\"><span style=\"font-size:11pt\"><span style=\"line-height:115%\"><span style=\"font-family:Calibri,sans-serif\"><b><span style=\"font-size:14.0pt\"><span style=\"line-height:115%\"><span style=\",serif\"><span style=\"color:black\">Toplu arazi, g\u00fc\u00e7l\u00fc \u00e7ift\u00e7i<\/span><\/span><\/span><\/span><\/b><\/span><\/span><\/span><\/p>\n<p style=\"text-align:justify;margin-bottom:11px\"><span style=\"font-size:11pt\"><span style=\"line-height:115%\"><span style=\"font-family:Calibri,sans-serif\"><span style=\"font-size:12.0pt\"><span style=\"line-height:115%\"><span style=\",serif\"><span style=\"color:black\">Manisa\u2019da 3 Arazi Toplula\u015ft\u0131rma ve T\u0130GH Projesi\u2019nin tamamlad\u0131klar\u0131n\u0131 s\u00f6yleyen <b>DS\u0130 <\/b><b>Genel M\u00fcd\u00fcr\u00fc Mehmet Akif BALTA, <\/b>\u201cArazi Toplula\u015ft\u0131rma ve Tarla \u0130\u00e7i Geli\u015ftirme Hizmetleri projelerimizi insan odakl\u0131, \u00fcreticilerimizle koordineli bir \u015fekilde y\u00fcr\u00fct\u00fcyoruz. Manisa\u2019da 3 projeyi tamamlad\u0131k. 119.450 dekar arazide tescil \u00e7al\u0131\u015fmalar\u0131n\u0131 bitirdik. Projelerimiz sayesinde b\u00f6lgede y\u0131ll\u0131k 116 milyon 822 bin liral\u0131k zirai gelir art\u0131\u015f\u0131 sa\u011flad\u0131k. \u00c7ift\u00e7ilerimize hay\u0131rl\u0131 olsun\u201d dedi.<\/span><\/span><\/span><\/span><\/span><\/span><\/span><\/p>\n<p align=\"center\" class=\"MsoNoSpacing\" style=\"margin-bottom:16px;text-align:center\"><span style=\"font-size:11pt\"><span style=\"line-height:115%\"><span style=\"font-family:Calibri,sans-serif\"><b><span style=\"font-size:14.0pt\"><span style=\"line-height:115%\"><span style=\",serif\"><span style=\"color:black\">Suyumuzdan Ald\u0131\u011f\u0131m\u0131z G\u00fc\u00e7 Enerjiye D\u00f6n\u00fc\u015f\u00fcyor<\/span><\/span><\/span><\/span><\/b><\/span><\/span><\/span><\/p>\n<p class=\"MsoNoSpacing\" style=\"margin-bottom:16px;text-align:justify\"><span style=\"font-size:11pt\"><span style=\"line-height:115%\"><span style=\"font-family:Calibri,sans-serif\"><span style=\"font-size:12.0pt\"><span style=\"line-height:115%\"><span style=\",serif\"><span style=\"color:black\">Suyun g\u00fcc\u00fcn\u00fcn gelece\u011fimiz \u015fekillendirdi\u011fini kaydeden <b>DS\u0130 Genel M\u00fcd\u00fcr\u00fc Mehmet Akif Balta,<\/b> Manisa \u2018da kurulu 2 HES tesisinin 10 MW kurulu g\u00fc\u00e7, 23 milyon kwH ise y\u0131ll\u0131k enerji \u00fcretim potansiyeline sahip oldu\u011funu ifade etti.<\/span><\/span><\/span><\/span><\/span><\/span><\/span><\/p>\n<p class=\"MsoNoSpacing\" style=\"margin-bottom:16px;text-align:justify\"><span style=\"font-size:11pt\"><span style=\"line-height:115%\"><span style=\"font-family:Calibri,sans-serif\"><b><span style=\"font-size:12.0pt\"><span style=\"line-height:115%\"><span style=\",serif\"><span style=\"color:black\">Genel M\u00fcd\u00fcr Mehmet Akif BALTA; \u201cBiz DS\u0130 olarak suyla alakal\u0131 t\u00fcm alanlarda su vatand\u0131r anlay\u0131\u015f\u0131yla \u00e7al\u0131\u015fmalar\u0131m\u0131za devam ediyor, suyumuzu korumakla vatan\u0131m\u0131z\u0131 korumak aras\u0131nda hi\u00e7bir fark g\u00f6rm\u00fcyoruz. Kulland\u0131\u011f\u0131m\u0131z her damla suyu son damlas\u0131ym\u0131\u015f gibi kullanmam\u0131z\u2019 tavsiyesiyle s\u00f6zlerimi\u00a0noktal\u0131yorum.\u201d dedi.<\/span><\/span><\/span><\/span><\/b><\/span><\/span><\/span><\/p>\n<p class=\"MsoNoSpacing\" style=\"margin-bottom:16px;text-align:justify\">\u00a0<\/p>\n<p class=\"MsoNoSpacing\" style=\"margin-bottom:16px;text-align:justify\">\u00a0<\/p>\n<p>Kaynak: (BYZHA) Beyaz Haber Ajans\u0131<\/p>\n","protected":false},"excerpt":{"rendered":"<p>Son 23 y\u0131lda \u015fehzadeler kenti Manisa\u2019ya 38.<\/p>\n","protected":false},"author":1,"featured_media":3101,"comment_status":"open","ping_status":"open","sticky":false,"template":"","format":"standard","meta":{"footnotes":""},"categories":[20],"tags":[],"class_list":["post-3100","post","type-post","status-publish","format-standard","has-post-thumbnail","hentry","category-gundem"],"_links":{"self":[{"href":"https:\/\/akdenizolay.com.tr\/index.php\/wp-json\/wp\/v2\/posts\/3100","targetHints":{"allow":["GET"]}}],"collection":[{"href":"https:\/\/akdenizolay.com.tr\/index.php\/wp-json\/wp\/v2\/posts"}],"about":[{"href":"https:\/\/akdenizolay.com.tr\/index.php\/wp-json\/wp\/v2\/types\/post"}],"author":[{"embeddable":true,"href":"https:\/\/akdenizolay.com.tr\/index.php\/wp-json\/wp\/v2\/users\/1"}],"replies":[{"embeddable":true,"href":"https:\/\/akdenizolay.com.tr\/index.php\/wp-json\/wp\/v2\/comments?post=3100"}],"version-history":[{"count":1,"href":"https:\/\/akdenizolay.com.tr\/index.php\/wp-json\/wp\/v2\/posts\/3100\/revisions"}],"predecessor-version":[{"id":3102,"href":"https:\/\/akdenizolay.com.tr\/index.php\/wp-json\/wp\/v2\/posts\/3100\/revisions\/3102"}],"wp:featuredmedia":[{"embeddable":true,"href":"https:\/\/akdenizolay.com.tr\/index.php\/wp-json\/wp\/v2\/media\/3101"}],"wp:attachment":[{"href":"https:\/\/akdenizolay.com.tr\/index.php\/wp-json\/wp\/v2\/media?parent=3100"}],"wp:term":[{"taxonomy":"category","embeddable":true,"href":"https:\/\/akdenizolay.com.tr\/index.php\/wp-json\/wp\/v2\/categories?post=3100"},{"taxonomy":"post_tag","embeddable":true,"href":"https:\/\/akdenizolay.com.tr\/index.php\/wp-json\/wp\/v2\/tags?post=3100"}],"curies":[{"name":"wp","href":"https:\/\/api.w.org\/{rel}","templated":true}]}}