{"id":3109,"date":"2026-03-14T00:20:20","date_gmt":"2026-03-14T00:20:20","guid":{"rendered":"https:\/\/akdenizolay.com.tr\/index.php\/2026\/03\/14\/baskan-buyukakindan-onemli-mesajlar\/"},"modified":"2026-03-14T00:20:20","modified_gmt":"2026-03-14T00:20:20","slug":"baskan-buyukakindan-onemli-mesajlar","status":"publish","type":"post","link":"https:\/\/akdenizolay.com.tr\/index.php\/2026\/03\/14\/baskan-buyukakindan-onemli-mesajlar\/","title":{"rendered":"Ba\u015fkan B\u00fcy\u00fckak\u0131n\u2019dan \u00f6nemli mesajlar"},"content":{"rendered":"<p> Kocaeli B\u00fcy\u00fck\u015fehir Belediye Ba\u015fkan\u0131 Tahir B\u00fcy\u00fckak\u0131n, Karde\u015flik Sofralar\u0131\u2019n\u0131n sonuncusunun kuruldu\u011fu Halep\u2019te iftara kat\u0131ld\u0131. Cumhurba\u015fkan\u0131m\u0131z\u0131n ve T\u00fcrk halk\u0131n\u0131n selamlar\u0131n\u0131 ileten Ba\u015fkan B\u00fcy\u00fckak\u0131n, g\u00f6n\u00fcl co\u011frafyam\u0131zda d\u00fczenlenen iftar programlar\u0131 ile ilgili \u00f6nemli a\u00e7\u0131klamalarda bulundu.<\/p>\n<p><b>RAMAZAN T\u00dcM MANEV\u0130YATI \u0130LE YA\u015eANDI<\/b><\/p>\n<p>Kocaeli B\u00fcy\u00fck\u015fehir Belediyesi, Ramazan Ay\u0131\u2019nda dayan\u0131\u015fmay\u0131 art\u0131rmak amac\u0131yla g\u00f6n\u00fcl co\u011frafyam\u0131zda Karde\u015flik Sofralar\u0131 kurdu. Hep birlikte oru\u00e7lar\u0131n a\u00e7\u0131ld\u0131\u011f\u0131 ve Ramazan\u2019\u0131n maneviyat\u0131n\u0131n t\u00fcm duygular\u0131 ile ya\u015fand\u0131\u011f\u0131 Karde\u015flik Sofralar\u0131\u2019n\u0131n son adresi Suriye oldu. Ba\u015fkan Tahir B\u00fcy\u00fckak\u0131n; Bulgaristan, Yunanistan, Kuzey Makedonya, Bosna Hersek ve M\u0131s\u0131r\u2019\u0131n ard\u0131ndan Halep merkezinde kurulan Karde\u015flik Sofras\u0131\u2019na da kat\u0131ld\u0131.<\/p>\n<p><b>CUMHURBA\u015eKANI\u2019NIN SELAMLARINI \u0130LETT\u0130<\/b><\/p>\n<p>AK Parti Kocaeli \u0130l Ba\u015fkan\u0131 Dr.\u015eahin Talus, AK Parti Siirt Milletvekili Mervan G\u00fcl, Halep Ba\u015fkonsolosu Muammer Hakan Cengiz, \u0130HH Genel Ba\u015fkan\u0131 B\u00fclent Y\u0131ld\u0131r\u0131m, Kocaeli \u0130l Temsilcisi \u0130smail Ye\u015fildal ve Halepli yetkililerin de kat\u0131l\u0131m g\u00f6sterdi\u011fi iftarda t\u00fcm masalar\u0131 gezen ve Haleplilerle sohbet eden Ba\u015fkan B\u00fcy\u00fckak\u0131n b\u00fcy\u00fck ilgi g\u00f6r\u00fcrken, son derece s\u0131cak bir \u015fekilde kar\u015f\u0131land\u0131. Ba\u015fkan B\u00fcy\u00fckak\u0131n, Haleplilere Say\u0131n Cumhurba\u015fkan\u0131m\u0131z\u0131n ve T\u00fcrk karde\u015flerimizin selamlar\u0131n\u0131 getirdi\u011fini belirtti.<\/p>\n<p><b>\u201cYARINLARIMIZ \u00c7OK G\u00dcZEL OLACAK\u201d<\/b><\/p>\n<p>Ba\u015fkan B\u00fcy\u00fckak\u0131n iftarda yapt\u0131\u011f\u0131 konu\u015fmada ise, \u201cKarde\u015flik Sofras\u0131\u2019nda sizlerle bulu\u015ftuk, iftar\u0131m\u0131z\u0131 birlikte yapt\u0131k. Zor g\u00fcnlerde birlikteydik. Bug\u00fcn birlikteyiz, in\u015fallah yar\u0131n da birlikte olaca\u011f\u0131z. M\u00fcsl\u00fcman umutsuz olmaz. Yar\u0131nlar\u0131m\u0131z \u00e7ok g\u00fczel olacak, ben buna y\u00fcrekten inan\u0131yorum. Bug\u00fcn Halep\u2019te bir tak\u0131m ziyaretler ger\u00e7ekle\u015ftirdim. Yetkililerle isti\u015fareler yapt\u0131k. Bu b\u00f6lgenin aya\u011fa kalkmas\u0131 i\u00e7in hep birlikte \u00e7al\u0131\u015fmalar yapaca\u011f\u0131z. Bu organizasyonda eme\u011fi bulunan ba\u015fkonsolosumuza, \u0130HH Genel Ba\u015fkan\u0131m\u0131za ve \u0130HH b\u00f6lge temsilcimize y\u00fcrekten te\u015fekk\u00fcr ediyorum. Ba\u015fta Gazze olmak \u00fczere t\u00fcm mazlum co\u011frafyalardaki karde\u015flerimizin ger\u00e7ek bayramlara ula\u015faca\u011f\u0131 g\u00fcnlerin yak\u0131n olmas\u0131n\u0131 Rabbimden niyaz ediyorum\u201d dedi.<\/p>\n<p><b>\u201cKARDE\u015eL\u0130K K\u00d6PR\u00dcLER\u0130N\u0130 G\u00dc\u00c7LEND\u0130R\u0130YORUZ\u201d<\/b><\/p>\n<p>Ramazan Ay\u0131 dolay\u0131s\u0131yla g\u00f6n\u00fcl co\u011frafyam\u0131zdaki \u00fclkelerde d\u00fczenlenen iftar programlar\u0131n\u0131n \u00f6nemine de de\u011finen Ba\u015fkan B\u00fcy\u00fckak\u0131n \u015funlar\u0131 s\u00f6yledi: \u201cM\u00fcbarek Ramazan Ay\u0131\u2019n\u0131n bereketini hep birlikte payla\u015fmak i\u00e7in bir dizi programlar ger\u00e7ekle\u015ftirdik. Bug\u00fcn de g\u00fczel bir Ramazan sofras\u0131 bulu\u015fmas\u0131nday\u0131z. Karde\u015flik k\u00f6pr\u00fclerini daha da g\u00fc\u00e7lendirmek i\u00e7in bu \u00e7al\u0131\u015fmalar yap\u0131l\u0131yor. \u00c7\u00fcnk\u00fc g\u00f6n\u00fcl co\u011frafyam\u0131zdaki varl\u0131\u011f\u0131m\u0131z b\u00f6lge halk\u0131 i\u00e7in ba\u015fka bir anlam ifade ediyor.<\/p>\n<p><b>\u201cONLARI MUTLU G\u00d6RMEK B\u0130Z\u0130 MOT\u0130VE ED\u0130YOR\u201d<\/b><\/p>\n<p>Bizim g\u00fc\u00e7l\u00fc bir \u015fekilde onlar\u0131n yan\u0131nda olmam\u0131z onlara moral veriyor, cesaret ve gayret veriyor. Onlar\u0131n bu duygular\u0131n\u0131 g\u00f6rmek, geri d\u00f6n\u00fc\u015flerini almak da bize ayr\u0131ca motivasyon sa\u011fl\u0131yor. Say\u0131n Cumhurba\u015fkan\u0131m\u0131z\u0131n bu co\u011frafyalarda yap\u0131lan \u00e7al\u0131\u015fmalara ayr\u0131 bir \u00f6nem verdi\u011fini, bizleri te\u015fvik etti\u011fini \u00f6zellikle ifade etmek istiyorum. Bir kez daha bu programlarda eme\u011fi ge\u00e7enlere \u00e7ok te\u015fekk\u00fcr ediyorum.\u201d<\/p>\n<p>\u00a0<\/p>\n<p>Kaynak: (BYZHA) Beyaz Haber Ajans\u0131<\/p>\n","protected":false},"excerpt":{"rendered":"<p>Kocaeli B\u00fcy\u00fck\u015fehir Belediye Ba\u015fkan\u0131 Tahir B\u00fcy\u00fckak\u0131n, Karde\u015flik Sofralar\u0131\u2019n\u0131n sonuncusunun kuruldu\u011fu Halep\u2019te iftara kat\u0131ld\u0131.<\/p>\n","protected":false},"author":1,"featured_media":3110,"comment_status":"open","ping_status":"open","sticky":false,"template":"","format":"standard","meta":{"footnotes":""},"categories":[20],"tags":[],"class_list":["post-3109","post","type-post","status-publish","format-standard","has-post-thumbnail","hentry","category-gundem"],"_links":{"self":[{"href":"https:\/\/akdenizolay.com.tr\/index.php\/wp-json\/wp\/v2\/posts\/3109","targetHints":{"allow":["GET"]}}],"collection":[{"href":"https:\/\/akdenizolay.com.tr\/index.php\/wp-json\/wp\/v2\/posts"}],"about":[{"href":"https:\/\/akdenizolay.com.tr\/index.php\/wp-json\/wp\/v2\/types\/post"}],"author":[{"embeddable":true,"href":"https:\/\/akdenizolay.com.tr\/index.php\/wp-json\/wp\/v2\/users\/1"}],"replies":[{"embeddable":true,"href":"https:\/\/akdenizolay.com.tr\/index.php\/wp-json\/wp\/v2\/comments?post=3109"}],"version-history":[{"count":1,"href":"https:\/\/akdenizolay.com.tr\/index.php\/wp-json\/wp\/v2\/posts\/3109\/revisions"}],"predecessor-version":[{"id":3111,"href":"https:\/\/akdenizolay.com.tr\/index.php\/wp-json\/wp\/v2\/posts\/3109\/revisions\/3111"}],"wp:featuredmedia":[{"embeddable":true,"href":"https:\/\/akdenizolay.com.tr\/index.php\/wp-json\/wp\/v2\/media\/3110"}],"wp:attachment":[{"href":"https:\/\/akdenizolay.com.tr\/index.php\/wp-json\/wp\/v2\/media?parent=3109"}],"wp:term":[{"taxonomy":"category","embeddable":true,"href":"https:\/\/akdenizolay.com.tr\/index.php\/wp-json\/wp\/v2\/categories?post=3109"},{"taxonomy":"post_tag","embeddable":true,"href":"https:\/\/akdenizolay.com.tr\/index.php\/wp-json\/wp\/v2\/tags?post=3109"}],"curies":[{"name":"wp","href":"https:\/\/api.w.org\/{rel}","templated":true}]}}