{"id":3118,"date":"2026-03-14T00:20:25","date_gmt":"2026-03-14T00:20:25","guid":{"rendered":"https:\/\/akdenizolay.com.tr\/index.php\/2026\/03\/14\/gubreler-toprakla-bulusuyor-ciftcinin-yuzu-guluyor\/"},"modified":"2026-03-14T00:20:26","modified_gmt":"2026-03-14T00:20:26","slug":"gubreler-toprakla-bulusuyor-ciftcinin-yuzu-guluyor","status":"publish","type":"post","link":"https:\/\/akdenizolay.com.tr\/index.php\/2026\/03\/14\/gubreler-toprakla-bulusuyor-ciftcinin-yuzu-guluyor\/","title":{"rendered":"G\u00fcbreler toprakla bulu\u015fuyor, \u00e7ift\u00e7inin y\u00fcz\u00fc g\u00fcl\u00fcyor"},"content":{"rendered":"<p> Kocaeli B\u00fcy\u00fck\u015fehir Belediye Ba\u015fkan\u0131 Tahir B\u00fcy\u00fckak\u0131n\u2019\u0131n \u00f6nc\u00fcl\u00fc\u011f\u00fcnde y\u00fcr\u00fct\u00fclen tar\u0131msal destek projeleri kapsam\u0131nda sebze, meyve ve f\u0131nd\u0131k yeti\u015ftiricilerine sa\u011flanan y\u00fczde 50 hibeli g\u00fcbreler, \u00fcreticilerin y\u00fcz\u00fcn\u00fc g\u00fcld\u00fcr\u00fcyor. Destekten yararlanan yakla\u015f\u0131k 5 bin 200 \u00e7ift\u00e7i, g\u00fcbrelerini tarla ve bah\u00e7elerinde kullanmaya ba\u015flad\u0131.<\/p>\n<p><b>80 B\u0130N HEKTAR TARIM ARAZ\u0130S\u0130 DESTEKLEND\u0130<\/b><\/p>\n<p>\u00c7ift\u00e7i dostu B\u00fcy\u00fck\u015fehir Belediyesi, tar\u0131msal \u00fcretimi art\u0131rmak ve \u00e7ift\u00e7ilerin maliyet y\u00fck\u00fcn\u00fc azaltmak amac\u0131yla hayata ge\u00e7irdi\u011fi onlarca proje ile \u00fcreticilerin yan\u0131nda olmaya devam ediyor. B\u00fcy\u00fck\u015fehir, \u201cZirai G\u00fcbre Deste\u011fi Projesi\u201d do\u011frultusunda \u00e7ift\u00e7ilere y\u00fczde 50 hibeli 15-15-15 kompoze g\u00fcbre deste\u011fi sa\u011flad\u0131. Bu proje ile yakla\u015f\u0131k 80 bin hektar tar\u0131m arazisi desteklenmi\u015f oldu.<\/p>\n<p><b>\u00c7\u0130FT\u00c7\u0130LER \u00c7OK MEMNUN<\/b><\/p>\n<p>G\u00fcbrelerini teslim alan sebze, meyve ve f\u0131nd\u0131k yeti\u015ftiricileri, tarla ve bah\u00e7elerinde kullanmaya ba\u015flad\u0131. Kocaeli\u2019de en \u00e7ok tar\u0131m faaliyetinin yap\u0131ld\u0131\u011f\u0131 Kand\u0131ra\u2019da \u00fcreticiler, g\u00fcbrelerini toprakla bulu\u015fturmaya ba\u015flad\u0131. Destekten yararlanan \u00fcreticilerden biri de Kand\u0131ra\u2019n\u0131n Sucuali Mahallesi\u2019nde ya\u015fayan \u00e7ift\u00e7i \u0130lyas \u015een oldu. Yakla\u015f\u0131k 10 d\u00f6n\u00fcml\u00fck \u00f6rnek f\u0131nd\u0131k bah\u00e7esinde g\u00fcbreleme \u00e7al\u0131\u015fmalar\u0131na ba\u015flayan \u015een, verilen deste\u011fin \u00fcretim i\u00e7in b\u00fcy\u00fck \u00f6nem ta\u015f\u0131d\u0131\u011f\u0131n\u0131 s\u00f6yledi.<\/p>\n<p><b>\u201cG\u00dcBREY\u0130 TADIMLIK DE\u011e\u0130L, DOYUMLUK KULLANIYORUZ\u201d<\/b><\/p>\n<p>G\u00fcbreyi tad\u0131ml\u0131k de\u011fil, doyumluk olarak topra\u011fa att\u0131klar\u0131n\u0131 ifade eden \u015een, \u201cTahir B\u00fcy\u00fckak\u0131n Ba\u015fkan\u0131m\u0131za te\u015fekk\u00fcr ediyoruz. Bu destekler sayesinde daha \u00e7ok ekiyor, daha \u00e7ok \u00fcr\u00fcn al\u0131yoruz. Mahsul\u00fcm\u00fcz daha bereketli oluyor.\u201d dedi.<b>\u00a0<\/b><\/p>\n<p><b>\u201cG\u00dcBREN\u0130N KAL\u0130TES\u0130 VE VER\u0130M\u0130 Y\u00dcKSEK\u201d<\/b><\/p>\n<p>Bah\u00e7esinde bak\u0131m ve g\u00fcbreleme \u00e7al\u0131\u015fmalar\u0131n\u0131 s\u00fcrd\u00fcren \u015een, bu y\u0131l verim ve kalite a\u00e7\u0131s\u0131ndan y\u00fcksek bir sezon bekledi\u011fini ifade etti. Bah\u00e7esine uygulad\u0131\u011f\u0131 g\u00fcbrenin azot, fosfor, \u00e7inko ve potasyum i\u00e7erdi\u011fini belirten \u00fcretici \u0130lyas \u015een, bu kar\u0131\u015f\u0131m\u0131n f\u0131nd\u0131k a\u011fa\u00e7lar\u0131n\u0131 k\u0131\u015f ayaz\u0131 ve dona kar\u015f\u0131 daha dayan\u0131kl\u0131 hale getirdi\u011fini, meyvenin i\u00e7 dolgunlu\u011funu art\u0131rd\u0131\u011f\u0131n\u0131 ve ayn\u0131 zamanda kalite rand\u0131man\u0131n\u0131 y\u00fckseltti\u011fini s\u00f6yledi.<\/p>\n<p><b>\u201cEME\u011e\u0130 GE\u00c7EN HERKESE TE\u015eEKK\u00dcR ED\u0130YORUM\u201d<\/b><\/p>\n<p>\u015een, konu\u015fmas\u0131n\u0131n devam\u0131nda \u015funlar\u0131 aktard\u0131: \u201cKocaeli B\u00fcy\u00fck\u015fehir Belediyesi\u2019nin y\u0131llard\u0131r \u00e7ift\u00e7ilere verdi\u011fi destekten memnunuz. \u00d6zellikle ziraat m\u00fchendisleri g\u00fcbre, mazot, ila\u00e7lama ve teknik destek konusunda \u00fcreticilere \u00f6nemli katk\u0131lar sa\u011fl\u0131yor. \u0130htiya\u00e7 duydu\u011fumuzda bah\u00e7elerimize kadar gelerek teknik destek veriyorlar. Ba\u015fta Kocaeli B\u00fcy\u00fck\u015fehir Belediye Ba\u015fkan\u0131 Tahir B\u00fcy\u00fckak\u0131n olmak \u00fczere eme\u011fi ge\u00e7en herkese te\u015fekk\u00fcr ediyorum.\u201d<\/p>\n<p><b>\u201cTOPRAKLARIMIZ BEREKETLEND\u0130\u201d<\/b><\/p>\n<p>Kand\u0131ra Sucuali Mahalle Muhtar\u0131 Sezgin \u00d6zcan ise \u00e7ift\u00e7ilere verdi\u011fi tar\u0131msal desteklerden dolay\u0131 t\u00fcm \u00fcreticiler ad\u0131na Ba\u015fkan Tahir B\u00fcy\u00fckak\u0131n\u2019a te\u015fekk\u00fcr ederek,\u00a0 \u201cDestekler verilmeden \u00f6nce verim azd\u0131. Ama y\u00fczde 50 hibeli g\u00fcbre verdikten sonra verim iyice artt\u0131. \u00dcr\u00fcnler daha kaliteli. Topraklar\u0131m\u0131z bereketlendi. Ba\u015fkan\u0131m\u0131zdan, Allah raz\u0131 olsun\u201d diye konu\u015ftu.<\/p>\n<p>\u00a0<\/p>\n<p>Kaynak: (BYZHA) Beyaz Haber Ajans\u0131<\/p>\n","protected":false},"excerpt":{"rendered":"<p>Kocaeli B\u00fcy\u00fck\u015fehir Belediye Ba\u015fkan\u0131 Tahir B\u00fcy\u00fckak\u0131n\u2019\u0131n \u00f6nc\u00fcl\u00fc\u011f\u00fcnde y\u00fcr\u00fct\u00fclen tar\u0131msal destek projeleri kapsam\u0131nda sebze, meyve ve f\u0131nd\u0131k yeti\u015ftiricilerine sa\u011flanan y\u00fczde 50 hibeli g\u00fcbreler, \u00fcreticilerin y\u00fcz\u00fcn\u00fc g\u00fcld\u00fcr\u00fcyor.<\/p>\n","protected":false},"author":1,"featured_media":3119,"comment_status":"open","ping_status":"open","sticky":false,"template":"","format":"standard","meta":{"footnotes":""},"categories":[20],"tags":[],"class_list":["post-3118","post","type-post","status-publish","format-standard","has-post-thumbnail","hentry","category-gundem"],"_links":{"self":[{"href":"https:\/\/akdenizolay.com.tr\/index.php\/wp-json\/wp\/v2\/posts\/3118","targetHints":{"allow":["GET"]}}],"collection":[{"href":"https:\/\/akdenizolay.com.tr\/index.php\/wp-json\/wp\/v2\/posts"}],"about":[{"href":"https:\/\/akdenizolay.com.tr\/index.php\/wp-json\/wp\/v2\/types\/post"}],"author":[{"embeddable":true,"href":"https:\/\/akdenizolay.com.tr\/index.php\/wp-json\/wp\/v2\/users\/1"}],"replies":[{"embeddable":true,"href":"https:\/\/akdenizolay.com.tr\/index.php\/wp-json\/wp\/v2\/comments?post=3118"}],"version-history":[{"count":1,"href":"https:\/\/akdenizolay.com.tr\/index.php\/wp-json\/wp\/v2\/posts\/3118\/revisions"}],"predecessor-version":[{"id":3120,"href":"https:\/\/akdenizolay.com.tr\/index.php\/wp-json\/wp\/v2\/posts\/3118\/revisions\/3120"}],"wp:featuredmedia":[{"embeddable":true,"href":"https:\/\/akdenizolay.com.tr\/index.php\/wp-json\/wp\/v2\/media\/3119"}],"wp:attachment":[{"href":"https:\/\/akdenizolay.com.tr\/index.php\/wp-json\/wp\/v2\/media?parent=3118"}],"wp:term":[{"taxonomy":"category","embeddable":true,"href":"https:\/\/akdenizolay.com.tr\/index.php\/wp-json\/wp\/v2\/categories?post=3118"},{"taxonomy":"post_tag","embeddable":true,"href":"https:\/\/akdenizolay.com.tr\/index.php\/wp-json\/wp\/v2\/tags?post=3118"}],"curies":[{"name":"wp","href":"https:\/\/api.w.org\/{rel}","templated":true}]}}