{"id":3121,"date":"2026-03-14T00:20:26","date_gmt":"2026-03-14T00:20:26","guid":{"rendered":"https:\/\/akdenizolay.com.tr\/index.php\/2026\/03\/14\/aliaportta-bayrama-ozel-seferler-basliyor\/"},"modified":"2026-03-14T00:20:27","modified_gmt":"2026-03-14T00:20:27","slug":"aliaportta-bayrama-ozel-seferler-basliyor","status":"publish","type":"post","link":"https:\/\/akdenizolay.com.tr\/index.php\/2026\/03\/14\/aliaportta-bayrama-ozel-seferler-basliyor\/","title":{"rendered":"Aliaport\u2019ta Bayrama \u00d6zel Seferler Ba\u015fl\u0131yor"},"content":{"rendered":"<p> Alia\u011fa Aliaport Deniz Yolcu \u0130skelesi, Ramazan Bayram\u0131 boyunca ger\u00e7ekle\u015ftirilecek \u00f6zel seferlerle kap\u0131lar\u0131n\u0131 ziyaret\u00e7ilerine a\u00e7\u0131yor.<\/p>\n<p>Modern mimarisi, konforlu terminal binas\u0131, tesis dahilinde \u00fccretsiz otopark hizmeti, \u0130zban ile kolay ula\u015f\u0131m ve liman vergisiz seyahat etme imkanlar\u0131yla dikkat \u00e7eken Aliaport, bayram tatilini Midilli\u2019de ge\u00e7irmek isteyenler i\u00e7in yeni ve cazip bir alternatif sunuyor.<\/p>\n<p><b>Aliaport\u2019un Bayrama \u00d6zel Sefer Program\u0131<\/b><\/p>\n<p>Aliaport\u2019ta Alia\u011fa\u2019dan Midilli\u2019ye Bayram seferleri 19 Mart arefe g\u00fcn\u00fc ba\u015flayacak ve 22 Mart tarihinde yap\u0131lacak d\u00f6n\u00fc\u015f seferiyle tamamlanacak. Seferler boyunca Alia\u011fa\u2019dan her g\u00fcn sabah saat 08.00\u2019de hareket edilecek, d\u00f6n\u00fc\u015fler ise saat 16.30\u2019da ger\u00e7ekle\u015ftirilecek. Planlamaya g\u00f6re yolculu\u011fun yakla\u015f\u0131k 110 dakika s\u00fcrmesi \u00f6ng\u00f6r\u00fcl\u00fcyor. Yolculuk plan\u0131 yapmak isteyenler biletlerini internet \u00fczerinden kolayca temin edebiliyor. Biletlerin sat\u0131\u015flar\u0131 Turyol ve Jalem Tur internet siteleri \u00fczerinden ger\u00e7ekle\u015ftiriliyor.<\/p>\n<p><b>D\u00fczenli Seferler 10 Nisan\u2019da Ba\u015fl\u0131yor<\/b><\/p>\n<p>Bayram seferlerinin ard\u0131ndan d\u00fczenli seferler 10 Nisan 2026 tarihinde ba\u015flayacak ve 1 Kas\u0131m 2026\u2019ya kadar devam edecek. Bu d\u00f6nemde hizmet vermesi planlanan katamaranlarla birlikte sefer s\u00fcreleri de k\u0131salt\u0131lacak. 1 Kas\u0131m sonras\u0131nda ise k\u0131\u015f seferleri, gelen talepler do\u011frultusunda planlanmaya devam edecek.\u00a0<\/p>\n<p>\u00a0<\/p>\n<p>&#8212;<br \/>Kaynak: (BYZHA) Beyaz Haber Ajans\u0131<\/p>\n","protected":false},"excerpt":{"rendered":"<p>Alia\u011fa Aliaport Deniz Yolcu \u0130skelesi, Ramazan Bayram\u0131 boyunca ger\u00e7ekle\u015ftirilecek \u00f6zel seferlerle kap\u0131lar\u0131n\u0131 ziyaret\u00e7ilerine a\u00e7\u0131yor.<\/p>\n","protected":false},"author":1,"featured_media":3122,"comment_status":"open","ping_status":"open","sticky":false,"template":"","format":"standard","meta":{"footnotes":""},"categories":[20],"tags":[],"class_list":["post-3121","post","type-post","status-publish","format-standard","has-post-thumbnail","hentry","category-gundem"],"_links":{"self":[{"href":"https:\/\/akdenizolay.com.tr\/index.php\/wp-json\/wp\/v2\/posts\/3121","targetHints":{"allow":["GET"]}}],"collection":[{"href":"https:\/\/akdenizolay.com.tr\/index.php\/wp-json\/wp\/v2\/posts"}],"about":[{"href":"https:\/\/akdenizolay.com.tr\/index.php\/wp-json\/wp\/v2\/types\/post"}],"author":[{"embeddable":true,"href":"https:\/\/akdenizolay.com.tr\/index.php\/wp-json\/wp\/v2\/users\/1"}],"replies":[{"embeddable":true,"href":"https:\/\/akdenizolay.com.tr\/index.php\/wp-json\/wp\/v2\/comments?post=3121"}],"version-history":[{"count":1,"href":"https:\/\/akdenizolay.com.tr\/index.php\/wp-json\/wp\/v2\/posts\/3121\/revisions"}],"predecessor-version":[{"id":3123,"href":"https:\/\/akdenizolay.com.tr\/index.php\/wp-json\/wp\/v2\/posts\/3121\/revisions\/3123"}],"wp:featuredmedia":[{"embeddable":true,"href":"https:\/\/akdenizolay.com.tr\/index.php\/wp-json\/wp\/v2\/media\/3122"}],"wp:attachment":[{"href":"https:\/\/akdenizolay.com.tr\/index.php\/wp-json\/wp\/v2\/media?parent=3121"}],"wp:term":[{"taxonomy":"category","embeddable":true,"href":"https:\/\/akdenizolay.com.tr\/index.php\/wp-json\/wp\/v2\/categories?post=3121"},{"taxonomy":"post_tag","embeddable":true,"href":"https:\/\/akdenizolay.com.tr\/index.php\/wp-json\/wp\/v2\/tags?post=3121"}],"curies":[{"name":"wp","href":"https:\/\/api.w.org\/{rel}","templated":true}]}}