{"id":3124,"date":"2026-03-14T00:20:30","date_gmt":"2026-03-14T00:20:30","guid":{"rendered":"https:\/\/akdenizolay.com.tr\/index.php\/2026\/03\/14\/kartepede-manevi-degerler-icin-anlamli-yarisma\/"},"modified":"2026-03-14T00:20:31","modified_gmt":"2026-03-14T00:20:31","slug":"kartepede-manevi-degerler-icin-anlamli-yarisma","status":"publish","type":"post","link":"https:\/\/akdenizolay.com.tr\/index.php\/2026\/03\/14\/kartepede-manevi-degerler-icin-anlamli-yarisma\/","title":{"rendered":"Kartepe\u2019de Manevi De\u011ferler \u0130\u00e7in Anlaml\u0131 Yar\u0131\u015fma"},"content":{"rendered":"<p> <strong>Kartepe Belediyesi ve Kartepe \u0130l\u00e7e Milli E\u011fitim M\u00fcd\u00fcrl\u00fc\u011f\u00fc i\u015f birli\u011fiyle, Kalbin Anahtar\u0131 G\u00fczel Ahlak projesi kapsam\u0131nda d\u00fczenlenen Dua ve S\u00fbre Okuma Yar\u0131\u015fmas\u0131, Necip Faz\u0131l K\u0131sak\u00fcrek K\u00fclt\u00fcr Merkezi\u2019nde ger\u00e7ekle\u015ftirilen b\u00fcy\u00fck finalle sona erdi.<\/strong><\/p>\n<p><strong>Yar\u0131\u015fma Finali Ger\u00e7ekle\u015ftirildi<\/strong><\/p>\n<p>Kartepe Belediyesi ile \u0130l\u00e7e Milli E\u011fitim M\u00fcd\u00fcrl\u00fc\u011f\u00fc i\u015f birli\u011finde hayata ge\u00e7irilen proje kapsam\u0131nda \u00f6\u011frencilerin milli ve manevi de\u011ferlerle bulu\u015fmas\u0131 hedeflendi. Bu do\u011frultuda 7. s\u0131n\u0131f \u00f6\u011frencileri aras\u0131nda d\u00fczenlenen Dua ve S\u00fbre Okuma Yar\u0131\u015fmas\u0131 finali ger\u00e7ekle\u015ftirildi. Ramazan ay\u0131 boyunca dua ve s\u00fbre ezberleyen \u00f6\u011frencilerden, yar\u0131\u015fma sonunda yap\u0131lan s\u0131navlarda dereceye girenler, d\u00fczenlenen programda \u00f6d\u00fcllerini ald\u0131. B\u00f6ylece \u00f6\u011frenciler Ramazan ay\u0131n\u0131n manevi atmosferini daha yak\u0131ndan ya\u015fad\u0131.<\/p>\n<p><strong>Mehmet Ali Bulut\u2019tan Gen\u00e7lere S\u00f6yle\u015fi<\/strong><\/p>\n<p>Programa kat\u0131lan Gazeteci-Yazar Mehmet Ali Bulut, gen\u00e7lerle samimi bir s\u00f6yle\u015fi ger\u00e7ekle\u015ftirdi. Bilgi ve tecr\u00fcbelerini payla\u015fan Bulut, duan\u0131n hayat\u0131m\u0131zdaki yeri ve manevi geli\u015fimin \u00f6nemine dair mesajlar verdi. Bulut, manevi de\u011ferlerin gen\u00e7 nesillere aktar\u0131lmas\u0131n\u0131n \u00f6nemine vurgu yaparken, \u00f6\u011frencilerin merak etti\u011fi sorular\u0131 yan\u0131tlad\u0131.<\/p>\n<p><strong>Geni\u015f Kat\u0131l\u0131ml\u0131 Protokol<\/strong><\/p>\n<p>Final heyecan\u0131na; Kartepe Belediyesi Ba\u015fkan Yard\u0131mc\u0131s\u0131 Enes Emengen, \u0130l\u00e7e Milli E\u011fitim M\u00fcd\u00fcr\u00fc \u0130smail O\u011fuz, \u0130l\u00e7e M\u00fcft\u00fcs\u00fc Ahmet Nuri Bayraktutan, meclis \u00fcyeleri, muhtarlar, \u00f6\u011fretmenler ve \u00e7ok say\u0131da \u00f6\u011frenci kat\u0131ld\u0131.<\/p>\n<p><strong>Dereceye Girenler \u00d6d\u00fcllerini ald\u0131<\/strong><\/p>\n<p>J\u00fcrinin yapt\u0131\u011f\u0131 titiz de\u011ferlendirme sonucu dereceye giren her okuldan ilk \u00fc\u00e7 \u00f6\u011frenciye \u00f6d\u00fclleri takdim edildi. Ayr\u0131ca Kartepe Belediyesi, bu anlaml\u0131 yar\u0131\u015fmaya kat\u0131larak cesaret g\u00f6steren t\u00fcm \u00f6\u011frencilere ve \u00f6\u011fretmenlerine \u00f6zel hediyeler vererek her birini ayr\u0131 ayr\u0131 \u00f6d\u00fcllendirdi.<\/p>\n<p>\u00a0<\/p>\n<p>\u00a0<\/p>\n<p>Kaynak: (BYZHA) Beyaz Haber Ajans\u0131<\/p>\n","protected":false},"excerpt":{"rendered":"<p>Kartepe Belediyesi ve Kartepe \u0130l\u00e7e Milli E\u011fitim M\u00fcd\u00fcrl\u00fc\u011f\u00fc i\u015f birli\u011fiyle, Kalbin Anahtar\u0131 G\u00fczel Ahlak projesi kapsam\u0131nda d\u00fczenlenen Dua ve S\u00fbre Okuma Yar\u0131\u015fmas\u0131, Necip Faz\u0131l K\u0131sak\u00fcrek K\u00fclt\u00fcr Merkezi\u2019nde ger\u00e7ekle\u015ftirilen b\u00fcy\u00fck finalle sona erdi.<\/p>\n","protected":false},"author":1,"featured_media":3125,"comment_status":"open","ping_status":"open","sticky":false,"template":"","format":"standard","meta":{"footnotes":""},"categories":[22],"tags":[],"class_list":["post-3124","post","type-post","status-publish","format-standard","has-post-thumbnail","hentry","category-egitim"],"_links":{"self":[{"href":"https:\/\/akdenizolay.com.tr\/index.php\/wp-json\/wp\/v2\/posts\/3124","targetHints":{"allow":["GET"]}}],"collection":[{"href":"https:\/\/akdenizolay.com.tr\/index.php\/wp-json\/wp\/v2\/posts"}],"about":[{"href":"https:\/\/akdenizolay.com.tr\/index.php\/wp-json\/wp\/v2\/types\/post"}],"author":[{"embeddable":true,"href":"https:\/\/akdenizolay.com.tr\/index.php\/wp-json\/wp\/v2\/users\/1"}],"replies":[{"embeddable":true,"href":"https:\/\/akdenizolay.com.tr\/index.php\/wp-json\/wp\/v2\/comments?post=3124"}],"version-history":[{"count":1,"href":"https:\/\/akdenizolay.com.tr\/index.php\/wp-json\/wp\/v2\/posts\/3124\/revisions"}],"predecessor-version":[{"id":3126,"href":"https:\/\/akdenizolay.com.tr\/index.php\/wp-json\/wp\/v2\/posts\/3124\/revisions\/3126"}],"wp:featuredmedia":[{"embeddable":true,"href":"https:\/\/akdenizolay.com.tr\/index.php\/wp-json\/wp\/v2\/media\/3125"}],"wp:attachment":[{"href":"https:\/\/akdenizolay.com.tr\/index.php\/wp-json\/wp\/v2\/media?parent=3124"}],"wp:term":[{"taxonomy":"category","embeddable":true,"href":"https:\/\/akdenizolay.com.tr\/index.php\/wp-json\/wp\/v2\/categories?post=3124"},{"taxonomy":"post_tag","embeddable":true,"href":"https:\/\/akdenizolay.com.tr\/index.php\/wp-json\/wp\/v2\/tags?post=3124"}],"curies":[{"name":"wp","href":"https:\/\/api.w.org\/{rel}","templated":true}]}}