{"id":3127,"date":"2026-03-14T00:20:31","date_gmt":"2026-03-14T00:20:31","guid":{"rendered":"https:\/\/akdenizolay.com.tr\/index.php\/2026\/03\/14\/bagcilarda-egitime-buyuk-yatirim-ayni-anda-7-yeni-okulun-insaati-devam-ediyor\/"},"modified":"2026-03-14T00:20:32","modified_gmt":"2026-03-14T00:20:32","slug":"bagcilarda-egitime-buyuk-yatirim-ayni-anda-7-yeni-okulun-insaati-devam-ediyor","status":"publish","type":"post","link":"https:\/\/akdenizolay.com.tr\/index.php\/2026\/03\/14\/bagcilarda-egitime-buyuk-yatirim-ayni-anda-7-yeni-okulun-insaati-devam-ediyor\/","title":{"rendered":"Ba\u011fc\u0131lar\u2019da e\u011fitime b\u00fcy\u00fck yat\u0131r\u0131m: Ayn\u0131 anda 7 yeni okulun in\u015faat\u0131 devam ediyor"},"content":{"rendered":"<p> <span style=\"font-size:11pt\"><span style=\"font-family:Calibri,sans-serif\"><strong><span style=\"font-size:12.0pt\"><span style=\",sans-serif\">Ba\u011fc\u0131lar Belediyesi ve \u0130l\u00e7e Milli E\u011fitim M\u00fcd\u00fcrl\u00fc\u011f\u00fc\u2019n\u00fcn koordineli \u00e7al\u0131\u015fmas\u0131 neticesinde e\u011fitim alan\u0131nda \u00f6nemli geli\u015fmeler ya\u015fan\u0131yor. \u0130l\u00e7ede \u015fu anda yeni 7 okulun in\u015faat\u0131 ve 4 okulun g\u00fc\u00e7lendirmesi devam ediyor. Yat\u0131r\u0131mlarla il\u00e7enin e\u011fitim alt yap\u0131s\u0131n\u0131n g\u00fc\u00e7lenece\u011fini s\u00f6yleyen Ba\u011fc\u0131lar Belediye Ba\u015fkan\u0131 Yasin Y\u0131ld\u0131z, \u201cOkullar\u0131m\u0131z\u0131n say\u0131s\u0131ndaki art\u0131\u015fla b\u00f6lgemizdeki tekli e\u011fitime ge\u00e7i\u015fte \u00e7ok b\u00fcy\u00fck bir a\u015fama kaydetmi\u015f olaca\u011f\u0131z\u201d dedi.<\/span><\/span><\/strong><\/span><\/span><\/p>\n<p><span style=\"font-size:11pt\"><span style=\"font-family:Calibri,sans-serif\"><strong><span style=\"font-size:12.0pt\"><span style=\",sans-serif\">Ba\u011fc\u0131lar\u2019da ya\u015fayan \u00e7ocuklar ve gen\u00e7ler i\u00e7in bir\u00e7ok \u00f6nemli projeyi hayata ge\u00e7iren Ba\u011fc\u0131lar Belediyesi, e\u011fitim alan\u0131nda da g\u0131pta edilecek i\u015flere imza at\u0131yor. Bu ma\u00e7la \u0130l\u00e7e Milli E\u011fitim M\u00fcd\u00fcrl\u00fc\u011f\u00fc\u2019yle koordineli olarak \u00e7al\u0131\u015fmalar ger\u00e7ekle\u015ftiriliyor.<\/span><\/span><\/strong><\/span><\/span><\/p>\n<p><span style=\"font-size:11pt\"><span style=\"font-family:Calibri,sans-serif\"><strong><span style=\"font-size:12.0pt\"><span style=\",sans-serif\">Belediye destek veriyor<\/span><\/span><\/strong><\/span><\/span><\/p>\n<p><span style=\"font-size:11pt\"><span style=\"font-family:Calibri,sans-serif\"><strong><span style=\"font-size:12.0pt\"><span style=\",sans-serif\">\u0130l\u00e7eye bir yandan yeni okullar yap\u0131l\u0131rken di\u011fer yandan da riskli okul binalar\u0131 g\u00fc\u00e7lendiriliyor. Bu \u00e7al\u0131\u015fmalar\u0131n her a\u015famas\u0131nda yer alan Ba\u011fc\u0131lar Belediyesi, arsa temini, proje haz\u0131rl\u0131\u011f\u0131, ruhsat i\u015flemleri ve yap\u0131m a\u015famas\u0131nda destek veriyor.<\/span><\/span><\/strong><\/span><\/span><\/p>\n<p><span style=\"font-size:11pt\"><span style=\"font-family:Calibri,sans-serif\"><strong><span style=\"font-size:12.0pt\"><span style=\",sans-serif\">7 okulun in\u015faat\u0131 devam ediyor<\/span><\/span><\/strong><\/span><\/span><\/p>\n<p><span style=\"font-size:11pt\"><span style=\"font-family:Calibri,sans-serif\"><strong><span style=\"font-size:12.0pt\"><span style=\",sans-serif\">Bu kapsamda \u015fu anda il\u00e7e genelinde 7 yeni okulun in\u015faat\u0131 devam ediyor. Yeni okullar, yaln\u0131zca fiziksel yap\u0131 anlam\u0131nda de\u011fil; e\u011fitimde kaliteyi art\u0131racak donan\u0131m ve imkanlar\u0131yla da \u00f6ne \u00e7\u0131k\u0131yor. Geni\u015f ve ayd\u0131nl\u0131k s\u0131n\u0131flar, bilim ve teknoloji laboratuvarlar\u0131, k\u00fct\u00fcphaneler, spor ve sosyal alanlar gibi bir\u00e7ok detay, \u00f6\u011frencilerin her y\u00f6nden geli\u015fimini destekleyecek \u015fekilde tasarlan\u0131yor.<\/span><\/span><\/strong><\/span><\/span><\/p>\n<p><span style=\"font-size:11pt\"><span style=\"font-family:Calibri,sans-serif\"><strong><span style=\"font-size:12.0pt\"><span style=\",sans-serif\">4 okulun g\u00fc\u00e7lendirmesi yap\u0131l\u0131yor<\/span><\/span><\/strong><\/span><\/span><\/p>\n<p><span style=\"font-size:11pt\"><span style=\"font-family:Calibri,sans-serif\"><strong><span style=\"font-size:12.0pt\"><span style=\",sans-serif\">E\u011fitim kurumlar\u0131nda deprem gibi do\u011fal afetlere kar\u015f\u0131 dayan\u0131kl\u0131l\u0131\u011f\u0131 art\u0131rmak amac\u0131yla<\/span><\/span><\/strong><\/span><\/span><\/p>\n<p><span style=\"font-size:11pt\"><span style=\"font-family:Calibri,sans-serif\"><strong><span style=\"font-size:12.0pt\"><span style=\",sans-serif\">g\u00fc\u00e7lendirme ve yenilemesi de yap\u0131l\u0131yor. Binalar temelden tavana bak\u0131ma al\u0131n\u0131yor. S\u0131n\u0131f zeminleri, duvarlar\u0131 ve kolonlar\u0131 g\u00fc\u00e7lendirilirken, okul binas\u0131n\u0131n kap\u0131, pencere, lavabo ve s\u0131n\u0131f zeminleri de yenileniyor. Okul binas\u0131na yeni yang\u0131n merdiveni yap\u0131l\u0131rken, elektrik hat tesisat\u0131, i\u00e7 ve d\u0131\u015f cephesi boyas\u0131 da yap\u0131l\u0131yor. \u00c7al\u0131\u015fmalar neticesinde \u015fimdiye kadar 2 okulun g\u00fc\u00e7lendirmesi tamamlan\u0131rken 4\u2019\u00fcn\u00fcn ise devam ediyor.<\/span><\/span><\/strong><\/span><\/span><\/p>\n<p><span style=\"font-size:11pt\"><span style=\"font-family:Calibri,sans-serif\"><strong><span style=\"font-size:12.0pt\"><span style=\",sans-serif\">Tekli e\u011fitime ge\u00e7i\u015fte b\u00fcy\u00fck bir a\u015fama kaydediyoruz<\/span><\/span><\/strong><\/span><\/span><\/p>\n<p><span style=\"font-size:11pt\"><span style=\"font-family:Calibri,sans-serif\"><strong><span style=\"font-size:12.0pt\"><span style=\",sans-serif\">Yeni projelerle birlikte, il\u00e7ede e\u011fitime y\u00f6nelik yat\u0131r\u0131mlara h\u0131z kesmeden devam ettiklerini s\u00f6yleyen Ba\u011fc\u0131lar Belediye Ba\u015fkan\u0131 Yasin Y\u0131ld\u0131z, \u201c\u00c7ocuklar\u0131m\u0131z\u0131n ve gen\u00e7lerimizin en iyi \u015fartlarda e\u011fitim alabilmesi, g\u00fcvenli, nitelikli ve \u00e7a\u011fda\u015f ortamlarda e\u011fitim g\u00f6rmeleri i\u00e7in b\u00fct\u00fcn g\u00fcc\u00fcm\u00fczle \u00e7al\u0131\u015f\u0131yoruz. \u00c7\u00fcnk\u00fc inan\u0131yoruz ki; g\u00fc\u00e7l\u00fc bir gelecek, iyi yeti\u015fmi\u015f nesillerle m\u00fcmk\u00fcnd\u00fcr. Okullar\u0131m\u0131z\u0131n yap\u0131m\u0131 tamamland\u0131\u011f\u0131nda modern, g\u00fcvenli binalara kavu\u015fmu\u015f olaca\u011f\u0131z. B\u00f6ylece il\u00e7emizin e\u011fitim alt yap\u0131s\u0131 daha da g\u00fc\u00e7lenmi\u015f olacak. Ayr\u0131ca okullar\u0131m\u0131z\u0131n say\u0131s\u0131ndaki art\u0131\u015fla b\u00f6lgemizdeki tekli e\u011fitime ge\u00e7i\u015fte \u00e7ok b\u00fcy\u00fck bir a\u015fama kaydetmi\u015f olaca\u011f\u0131z\u201d dedi.<\/span><\/span><\/strong><\/span><\/span><\/p>\n<p>\u00a0<\/p>\n<p>\u00a0<\/p>\n<p>Kaynak: (BYZHA) Beyaz Haber Ajans\u0131<\/p>\n","protected":false},"excerpt":{"rendered":"<p>Ba\u011fc\u0131lar Belediyesi ve \u0130l\u00e7e Milli E\u011fitim M\u00fcd\u00fcrl\u00fc\u011f\u00fc\u2019n\u00fcn koordineli \u00e7al\u0131\u015fmas\u0131 neticesinde e\u011fitim alan\u0131nda \u00f6nemli geli\u015fmeler ya\u015fan\u0131yor.<\/p>\n","protected":false},"author":1,"featured_media":3128,"comment_status":"open","ping_status":"open","sticky":false,"template":"","format":"standard","meta":{"footnotes":""},"categories":[22],"tags":[],"class_list":["post-3127","post","type-post","status-publish","format-standard","has-post-thumbnail","hentry","category-egitim"],"_links":{"self":[{"href":"https:\/\/akdenizolay.com.tr\/index.php\/wp-json\/wp\/v2\/posts\/3127","targetHints":{"allow":["GET"]}}],"collection":[{"href":"https:\/\/akdenizolay.com.tr\/index.php\/wp-json\/wp\/v2\/posts"}],"about":[{"href":"https:\/\/akdenizolay.com.tr\/index.php\/wp-json\/wp\/v2\/types\/post"}],"author":[{"embeddable":true,"href":"https:\/\/akdenizolay.com.tr\/index.php\/wp-json\/wp\/v2\/users\/1"}],"replies":[{"embeddable":true,"href":"https:\/\/akdenizolay.com.tr\/index.php\/wp-json\/wp\/v2\/comments?post=3127"}],"version-history":[{"count":1,"href":"https:\/\/akdenizolay.com.tr\/index.php\/wp-json\/wp\/v2\/posts\/3127\/revisions"}],"predecessor-version":[{"id":3129,"href":"https:\/\/akdenizolay.com.tr\/index.php\/wp-json\/wp\/v2\/posts\/3127\/revisions\/3129"}],"wp:featuredmedia":[{"embeddable":true,"href":"https:\/\/akdenizolay.com.tr\/index.php\/wp-json\/wp\/v2\/media\/3128"}],"wp:attachment":[{"href":"https:\/\/akdenizolay.com.tr\/index.php\/wp-json\/wp\/v2\/media?parent=3127"}],"wp:term":[{"taxonomy":"category","embeddable":true,"href":"https:\/\/akdenizolay.com.tr\/index.php\/wp-json\/wp\/v2\/categories?post=3127"},{"taxonomy":"post_tag","embeddable":true,"href":"https:\/\/akdenizolay.com.tr\/index.php\/wp-json\/wp\/v2\/tags?post=3127"}],"curies":[{"name":"wp","href":"https:\/\/api.w.org\/{rel}","templated":true}]}}