{"id":3130,"date":"2026-03-14T00:20:33","date_gmt":"2026-03-14T00:20:33","guid":{"rendered":"https:\/\/akdenizolay.com.tr\/index.php\/2026\/03\/14\/ucimden-ilk-egitim-belediye-emekcilerine\/"},"modified":"2026-03-14T00:20:34","modified_gmt":"2026-03-14T00:20:34","slug":"ucimden-ilk-egitim-belediye-emekcilerine","status":"publish","type":"post","link":"https:\/\/akdenizolay.com.tr\/index.php\/2026\/03\/14\/ucimden-ilk-egitim-belediye-emekcilerine\/","title":{"rendered":"UC\u0130M\u2019den \u0130lk E\u011fitim Belediye Emek\u00e7ilerine"},"content":{"rendered":"<p> T\u00fcrkiye\u2019de \u00e7ocuk haklar\u0131 alan\u0131nda faaliyet g\u00f6steren en aktif sivil toplum kurulu\u015flar\u0131ndan biri olan UC\u0130M Saadet \u00d6\u011fretmen \u00c7ocuk \u0130stismar\u0131 ile M\u00fccadele Derne\u011fi ile Efes Sel\u00e7uk Belediyesi aras\u0131nda imzalanan protokol kapsam\u0131nda belediye emek\u00e7ilerine y\u00f6nelik \u201c\u00c7ocuk \u0130hmal ve \u0130stismar\u0131n\u0131n Psikolojik ve Hukuki Boyutlar\u0131\u201d konulu bir e\u011fitim d\u00fczenlendi.<\/p>\n<p>UC\u0130M \u0130zmir \u015eubesi Rehabilitasyon ve Y\u00f6nlendirme Koordinat\u00f6r\u00fc Klinik Psikolog P\u0131r\u0131l Bilger \u00d6zkaranfil, e\u011fitim program\u0131nda ilk olarak UC\u0130M\u2019in kurulu\u015f s\u00fcreci ve \u00e7al\u0131\u015fmalar\u0131na de\u011findi. \u00d6zkaranfil, derne\u011fin \u00e7ocuk istismar\u0131yla m\u00fccadele etmek ve ma\u011fdur \u00e7ocuklar\u0131n yan\u0131nda olmak amac\u0131yla kuruldu\u011funu belirtti.<\/p>\n<p>\u0130hmal ve istismar kavramlar\u0131n\u0131 ayr\u0131nt\u0131l\u0131 \u015fekilde ele alan \u00d6zkaranfil; \u00e7ocuklara y\u00f6nelik ihmal ve istismar\u0131n farkl\u0131 bi\u00e7imlerde ortaya \u00e7\u0131kabildi\u011fine dikkat \u00e7ekti. \u00d6zkaranfil, ihmali fiziksel ve duygusal ihmal olarak ikiye ay\u0131rd\u0131klar\u0131n\u0131 belirterek; duygusal ihmali \u00e7ocu\u011fun duygular\u0131n\u0131n bast\u0131r\u0131lmas\u0131 ve \u00f6nemsenmemesi, fiziksel ihmali ise \u00e7ocu\u011fun bak\u0131m ve beslenme gibi temel ihtiya\u00e7lar\u0131n\u0131n kar\u015f\u0131lanmamas\u0131 olarak tan\u0131mlad\u0131.<\/p>\n<p>\u00d6zkaranfil, \u0130stismar\u0131n ise duygusal, fiziksel ve cinsel istismar olmak \u00fczere \u00fc\u00e7 ba\u015fl\u0131k alt\u0131nda de\u011ferlendirildi\u011fini ifade etti.<\/p>\n<p><b>\u201cCAN\u0130LER \u00d6NCE HAYVANLARA ZARAR VER\u0130YOR\u201d<\/b><\/p>\n<p>Sunumunda \u00f6zellikle \u00e7ocuklara y\u00f6nelik cinsel istismar konusuna dikkat \u00e7eken \u00d6zkaranfil, istismarc\u0131lar\u0131n \u00e7o\u011fu zaman \u00e7ocuklar\u0131n tan\u0131d\u0131\u011f\u0131 ki\u015filer olabildi\u011fini belirtti. Empati kurmakta g\u00fc\u00e7l\u00fck \u00e7eken istismarc\u0131lar\u0131n \u015fiddet e\u011filimlerinin \u00e7o\u011fu zaman hayvanlara zarar verme davran\u0131\u015f\u0131yla ba\u015flayabildi\u011fini ifade eden \u00d6zkaranfil, hayvanlara y\u00f6nelik \u015fiddetin g\u00f6z ard\u0131 edilmemesi gerekti\u011fini vurgulad\u0131.<\/p>\n<p><b>\u201c\u00c7OCU\u011eA \u2018BEN BURADAYIM\u2019 MESAJI VER\u0130LMEL\u0130\u201d<\/b><\/p>\n<p>\u00c7ocuklarda istismar sonras\u0131nda g\u00f6r\u00fclebilecek belirtilere de de\u011finen \u00d6zkaranfil; i\u00e7e kapanma, okul ba\u015far\u0131s\u0131nda d\u00fc\u015f\u00fc\u015f, depresif belirtiler, tekrar eden oyun davran\u0131\u015flar\u0131, yemek yemeyi reddetme ve kabus g\u00f6rme gibi de\u011fi\u015fimlerin dikkatle takip edilmesi gerekti\u011fini belirtti.<\/p>\n<p>Bir \u00e7ocu\u011fun ya\u015fad\u0131\u011f\u0131 istismar\u0131 bir yeti\u015fkine anlatmas\u0131 durumunda bunun gizlenmesinin su\u00e7a ortak olmak anlam\u0131na geldi\u011fini ifade eden \u00d6zkaranfil, b\u00f6yle bir durumda \u00e7ocu\u011fa g\u00fc\u00e7l\u00fc bir \u015fekilde \u201cBen buraday\u0131m ve senin yan\u0131nday\u0131m\u201d mesaj\u0131n\u0131n verilmesinin \u00f6nemine dikkat \u00e7ekti.<\/p>\n<p>\u00a0UC\u0130M \u0130zmir \u015eubesi Rehabilitasyon ve Y\u00f6nlendirme Koordinat\u00f6r\u00fc Klinik Psikolog P\u0131r\u0131l Bilger \u00d6zkaranfil, ayr\u0131ca \u00e7ocuklara beden b\u00fct\u00fcnl\u00fc\u011f\u00fc ve ki\u015fisel s\u0131n\u0131rlar konusunda erken ya\u015fta bilin\u00e7 kazand\u0131r\u0131lmas\u0131 gerekti\u011fini belirterek iyi dokunma ve k\u00f6t\u00fc dokunma aras\u0131ndaki fark\u0131n anlat\u0131lmas\u0131n\u0131n \u00f6nemini vurgulad\u0131.<\/p>\n<p><b>\u0130HBAR HER B\u0130REY\u0130N Y\u00dcK\u00dcML\u00dcL\u00dc\u011e\u00dc<\/b><\/p>\n<p>UC\u0130M T\u00fcrkiye Hukuk Koordinat\u00f6r\u00fc Avukat Ceren Evcil ise \u00e7ocuk ihmali ve istismar\u0131 vakalar\u0131nda ihbar mekanizmalar\u0131 hakk\u0131nda bilgi verdi. \u00c7ocuk ihmali ve istismar\u0131n\u0131n bildirilmesinin her bireyin sorumlulu\u011fu oldu\u011funu belirten Evcil; vatanda\u015flar\u0131n\u00a0www.ucim.org.tr\u00a0adresi \u00fczerinden UC\u0130M\u2019e ula\u015fabilece\u011fini, ayr\u0131ca Aile ve Sosyal Hizmetler Bakanl\u0131\u011f\u0131\u2019n\u0131n Alo 183 hatt\u0131na, savc\u0131l\u0131klara veya en yak\u0131n emniyet birimlerine ba\u015fvurarak ihbarda bulunabilece\u011fini s\u00f6yledi.<\/p>\n<p>Evcil, UC\u0130M g\u00f6n\u00fcll\u00fc avukatlar\u0131n\u0131n soru\u015fturma s\u00fcre\u00e7lerini yak\u0131ndan takip etti\u011fini ve dava a\u00e7\u0131lmas\u0131 halinde gerekli de\u011ferlendirmeleri yaparak dosyalara kat\u0131lma talebinde bulunduklar\u0131n\u0131 ifade etti.<\/p>\n<p><b>\u0130LK 72 SAAT HAYAT\u0130 \u00d6NEM TA\u015eIYOR<\/b><\/p>\n<p>UC\u0130M \u0130zmir Hukuk Koordinat\u00f6r\u00fc \u00d6yk\u00fc Uz da \u00e7ocuklara y\u00f6nelik cinsel istismar su\u00e7lar\u0131nda yasal s\u00fcre\u00e7 hakk\u0131nda bilgi verdi. Su\u00e7u bildirme y\u00fck\u00fcml\u00fcl\u00fc\u011f\u00fcn\u00fcn her yurtta\u015f i\u00e7in ge\u00e7erli oldu\u011funu vurgulayan Uz, kamu \u00e7al\u0131\u015fanlar\u0131n\u0131n bu konuda daha s\u0131k\u0131 yasal sorumluluklara tabi oldu\u011funu belirtti.<\/p>\n<p>Uz, istismar vakalar\u0131nda delillerin kaybolmamas\u0131 a\u00e7\u0131s\u0131ndan ilk 72 saatin b\u00fcy\u00fck \u00f6nem ta\u015f\u0131d\u0131\u011f\u0131na dikkat \u00e7ekerek, \u00e7ocu\u011fun \u00fczerindeki e\u015fyalar\u0131n y\u0131kanmadan po\u015fetlenerek yetkili makamlara teslim edilmesi gerekti\u011fini, \u00e7ocu\u011fun banyo yapt\u0131r\u0131lmamas\u0131n\u0131n da delillerin korunmas\u0131 a\u00e7\u0131s\u0131ndan \u00f6nemli oldu\u011funu ifade etti.<\/p>\n<p>\u00d6yk\u00fc Uz ayr\u0131ca, soru\u015fturma s\u00fcrecinde \u00c7ocuk \u0130zlem Merkezlerinin (\u00c7\u0130M) \u00e7ocuklar\u0131n \u00fcst\u00fcn yarar\u0131 g\u00f6zetilerek yap\u0131land\u0131r\u0131ld\u0131\u011f\u0131n\u0131 belirtti. Bu merkezlerde cinsel istismara maruz kalan \u00e7ocuklar\u0131n ifade, muayene ve delil toplama gibi adli ve t\u0131bbi i\u015flemlerinin tek \u00e7at\u0131 alt\u0131nda, uzman e\u015fli\u011finde ve \u00e7ocuk dostu bir ortamda ger\u00e7ekle\u015ftirildi\u011fini ifade eden Uz, b\u00f6ylece \u00e7ocuklar\u0131n ikinci kez travma ya\u015famalar\u0131n\u0131n \u00f6n\u00fcne ge\u00e7ilmesinin ama\u00e7land\u0131\u011f\u0131n\u0131 s\u00f6yledi.<\/p>\n<p>\u00a0<\/p>\n<p>\u00a0<\/p>\n<p>\u00a0<\/p>\n<p>Kaynak: (BYZHA) Beyaz Haber Ajans\u0131<\/p>\n","protected":false},"excerpt":{"rendered":"<p>T\u00fcrkiye\u2019de \u00e7ocuk haklar\u0131 alan\u0131nda faaliyet g\u00f6steren en aktif sivil toplum kurulu\u015flar\u0131ndan biri olan UC\u0130M Saadet \u00d6\u011fretmen \u00c7ocuk \u0130stismar\u0131 ile M\u00fccadele Derne\u011fi ile Efes Sel\u00e7uk Belediyesi aras\u0131nda imzalanan protokol kapsam\u0131nda belediye emek\u00e7ilerine y\u00f6nelik \u201c\u00c7ocuk \u0130hmal ve \u0130stismar\u0131n\u0131n Psikolojik ve Hukuki Boyutlar\u0131\u201d konulu bir e\u011fitim d\u00fczenlendi.<\/p>\n","protected":false},"author":1,"featured_media":3131,"comment_status":"open","ping_status":"open","sticky":false,"template":"","format":"standard","meta":{"footnotes":""},"categories":[22],"tags":[],"class_list":["post-3130","post","type-post","status-publish","format-standard","has-post-thumbnail","hentry","category-egitim"],"_links":{"self":[{"href":"https:\/\/akdenizolay.com.tr\/index.php\/wp-json\/wp\/v2\/posts\/3130","targetHints":{"allow":["GET"]}}],"collection":[{"href":"https:\/\/akdenizolay.com.tr\/index.php\/wp-json\/wp\/v2\/posts"}],"about":[{"href":"https:\/\/akdenizolay.com.tr\/index.php\/wp-json\/wp\/v2\/types\/post"}],"author":[{"embeddable":true,"href":"https:\/\/akdenizolay.com.tr\/index.php\/wp-json\/wp\/v2\/users\/1"}],"replies":[{"embeddable":true,"href":"https:\/\/akdenizolay.com.tr\/index.php\/wp-json\/wp\/v2\/comments?post=3130"}],"version-history":[{"count":1,"href":"https:\/\/akdenizolay.com.tr\/index.php\/wp-json\/wp\/v2\/posts\/3130\/revisions"}],"predecessor-version":[{"id":3132,"href":"https:\/\/akdenizolay.com.tr\/index.php\/wp-json\/wp\/v2\/posts\/3130\/revisions\/3132"}],"wp:featuredmedia":[{"embeddable":true,"href":"https:\/\/akdenizolay.com.tr\/index.php\/wp-json\/wp\/v2\/media\/3131"}],"wp:attachment":[{"href":"https:\/\/akdenizolay.com.tr\/index.php\/wp-json\/wp\/v2\/media?parent=3130"}],"wp:term":[{"taxonomy":"category","embeddable":true,"href":"https:\/\/akdenizolay.com.tr\/index.php\/wp-json\/wp\/v2\/categories?post=3130"},{"taxonomy":"post_tag","embeddable":true,"href":"https:\/\/akdenizolay.com.tr\/index.php\/wp-json\/wp\/v2\/tags?post=3130"}],"curies":[{"name":"wp","href":"https:\/\/api.w.org\/{rel}","templated":true}]}}