{"id":3133,"date":"2026-03-14T00:20:34","date_gmt":"2026-03-14T00:20:34","guid":{"rendered":"https:\/\/akdenizolay.com.tr\/index.php\/2026\/03\/14\/goncada-engelleri-asan-bir-ask-hikayesi\/"},"modified":"2026-03-14T00:20:35","modified_gmt":"2026-03-14T00:20:35","slug":"goncada-engelleri-asan-bir-ask-hikayesi","status":"publish","type":"post","link":"https:\/\/akdenizolay.com.tr\/index.php\/2026\/03\/14\/goncada-engelleri-asan-bir-ask-hikayesi\/","title":{"rendered":"Gonca\u2019da engelleri a\u015fan bir a\u015fk hik\u00e2yesi"},"content":{"rendered":"<br \/>\n<article>Kocaeli B\u00fcy\u00fck\u015fehir Belediyesi b\u00fcnyesinde \u00f6zel gereksinimli bireylerin sosyal hayata aktif kat\u0131l\u0131m\u0131n\u0131 destekleyen Gonca Engelsiz Ya\u015fam Merkezi, bir\u00e7ok ailenin hayat\u0131nda pozitif etkilerini g\u00f6stermeye devam ediyor. \u201cSanatta Ben de Var\u0131m\u201d program\u0131 ba\u015fta olmak \u00fczere e\u011fitim, sanat ve sosyal etkinliklerle hizmet veren merkez, engelleri a\u015fan ba\u015far\u0131 hik\u00e2yelerine sahne oluyor. Bu hik\u00e2yelerden biri de, ikisi de tekerlekli sandalye kullanan Arslan \u00e7iftine ait.<\/p>\n<p><b>GONCALI \u00c7\u0130FT\u0130N A\u015eKI ENGEL TANIMADI<\/b><\/p>\n<p>1980 do\u011fumlu Aylin Arslan, do\u011fma b\u00fcy\u00fcme Mersinli. 36 ya\u015f\u0131ndaki e\u015fi Ahmet Arslan ise \u0130zmitli. \u00c7ift, y\u0131llar \u00f6nce bir engelli platformunda internet \u00fczerinden tan\u0131\u015ft\u0131. Birliktelikleri ciddiyet kazanan \u00e7iftin ailelerinin ilk etapta teredd\u00fctleri oldu. \u201cEngellisin, evlenemezsin\u201d s\u00f6zlerine ra\u011fmen vazge\u00e7meyen \u00e7ift, kararl\u0131l\u0131klar\u0131 sayesinde t\u00fcm zorluklar\u0131 a\u015ft\u0131. 2016 y\u0131l\u0131nda evlenen Arslan \u00e7ifti, bug\u00fcn 8 ya\u015f\u0131ndaki k\u0131zlar\u0131yla hayatlar\u0131na umutla devam ediyor. \u201cOnunla hayata daha farkl\u0131 bak\u0131yoruz. O bizim nefesimiz\u201d diyen Aylin Arslan, anneli\u011fin kendisine g\u00fc\u00e7 verdi\u011fini ifade ediyor.<\/p>\n<p><b>\u201cENGEL\u0130M\u0130Z\u0130 BURADA UNUTTUK\u201d<\/b><\/p>\n<p>Aylin Arslan i\u00e7in \u0130zmit\u2019e yerle\u015fmek yeni bir ba\u015flang\u0131\u00e7 oldu. Ahmet Arslan\u2019\u0131n haberlerde g\u00f6r\u00fcp hemen kay\u0131t yapt\u0131rd\u0131\u011f\u0131 Gonca Engelsiz Ya\u015fam Merkezi, a\u00e7\u0131ld\u0131\u011f\u0131 g\u00fcnden bu yana \u00e7iftin hayat\u0131nda \u00f6nemli bir yer tutuyor. \u201cBurada hayata tutunduk, engellimizi unuttuk\u201d diyen \u00e7ift, merkezin kendilerine sadece bir kurs alan\u0131 de\u011fil, ayn\u0131 zamanda bir sosyal ya\u015fam sundu\u011funu belirtiyor. Merkez ba\u015flad\u0131\u011f\u0131nda farkl\u0131 e\u011fitimler de alan \u00e7ift hasta olmad\u0131klar\u0131 s\u00fcrece merkeze gelmeyi hi\u00e7 aksatmad\u0131klar\u0131n\u0131 s\u00f6yl\u00fcyor.<\/p>\n<p><b>GONCA, T\u00dcRK\u0130YE\u2019DE B\u0130R \u0130LK<\/b><br \/>Kocaeli B\u00fcy\u00fck\u015fehir Belediyesi\u2019ne ba\u011fl\u0131 Gonca Engelsiz Ya\u015fam Merkezi\u2019nin T\u00fcrkiye\u2019de bir ilk olmas\u0131 ve sa\u011flad\u0131\u011f\u0131 imkanlar\u0131 \u00f6\u011frencileri taraf\u0131ndan da takdirle kar\u015f\u0131lan\u0131yor. Aylin Arslan, Mersin\u2019de bu t\u00fcr imk\u00e2nlara ula\u015famad\u0131\u011f\u0131n\u0131 ifade ederek, Kocaeli\u2019de engellilerin sosyalle\u015fmesi ve aktif bir ya\u015fam s\u00fcrmesi i\u00e7in sunulan olanaklar\u0131n kendisi i\u00e7in b\u00fcy\u00fck bir fark yaratt\u0131\u011f\u0131n\u0131 belirtti. Kocaeli\u2019de fizik tedaviye ba\u015flad\u0131\u011f\u0131n\u0131 s\u00f6yleyen Arslan, \u201cMersin b\u00fcy\u00fck bir \u015fehir ama burada engellilerin aktif olmas\u0131, sosyalle\u015fmesi i\u00e7in \u00e7ok g\u00fczel imk\u00e2nlar var. Fizik tedaviye burada ba\u015flad\u0131m. Kendimi burada daha g\u00fc\u00e7l\u00fc hissettim. Engelimi unuttum\u201d dedi.<\/p>\n<p><b>AK\u00dcL\u00dc SANDALYEDE ZEYBEK<\/b><br \/>Merkezde verilen e\u011fitimler aras\u0131nda en dikkat \u00e7ekeni ise folklor \u00e7al\u0131\u015fmalar\u0131. Arslan \u00e7ifti, ak\u00fcl\u00fc sandalyeleriyle zeybek oynayarak ekibin en sevilen isimleri aras\u0131nda yer al\u0131yor. Tamam\u0131 ak\u00fcl\u00fc sandalye kullanan dans\u00e7\u0131lardan olu\u015fan zeybek ekibinde yer alan \u00e7ift, performanslar\u0131yla hem e\u011fitmenlerinin hem de ekip arkada\u015flar\u0131n\u0131n takdirini kazan\u0131yor. \u201cAk\u00fcl\u00fc sandalyede zeybek yapaca\u011f\u0131m\u0131 hi\u00e7 d\u00fc\u015f\u00fcnmezdim\u201d diyen Aylin Arslan, Gonca\u2019daki e\u011fitmenleri sayesinde zeybe\u011fi \u00e7ok sevdiklerini ve art\u0131k b\u0131rakmak istemediklerini ifade ediyor.<\/p>\n<p><b>SANATLA G\u00dc\u00c7LENEN HAYATLAR<\/b><\/p>\n<p>Gonca Engelsiz Ya\u015fam Merkezi\u2019nde y\u00fcr\u00fct\u00fclen \u201cSanatta Ben de Var\u0131m\u201d program\u0131, \u00f6zel gereksinimli bireylerin sanatsal y\u00f6nlerini ke\u015ffetmelerine ve kendilerini ifade etmelerine olanak tan\u0131yor. Ya\u015f ve engel fark etmeksizin bir\u00e7ok ki\u015fi burada e\u011fitim al\u0131yor, sosyal hayata daha g\u00fc\u00e7l\u00fc kat\u0131l\u0131yor. Ak\u00fcl\u00fc sandalye kullan\u0131m\u0131ndan sanatsal etkinliklere kadar geni\u015f bir yelpazede destek sunulan merkez, bireylerin \u00f6zg\u00fcvenini art\u0131r\u0131rken aile ba\u011flar\u0131n\u0131 da g\u00fc\u00e7lendiriyor. Bu durumun en somut \u00f6rne\u011fi olan Arslan ailesi kendilerine sunulan imk\u00e2nlar i\u00e7in ba\u015fta B\u00fcy\u00fck\u015fehir Belediye Ba\u015fkan\u0131 Tahir B\u00fcy\u00fckak\u0131n olmak \u00fczere eme\u011fi ge\u00e7enlere te\u015fekk\u00fcr ediyor.<\/p>\n<p>\u00a0<\/p>\n<p>\u00a0<\/p>\n<\/article>\n<p>Kaynak: (BYZHA) Beyaz Haber Ajans\u0131<\/p>\n","protected":false},"excerpt":{"rendered":"<p>Kocaeli B\u00fcy\u00fck\u015fehir Belediyesi b\u00fcnyesinde \u00f6zel gereksinimli bireylerin sosyal hayata aktif kat\u0131l\u0131m\u0131n\u0131 destekleyen Gonca Engelsiz Ya\u015fam Merkezi, bir\u00e7ok ailenin hayat\u0131nda pozitif etkilerini g\u00f6stermeye devam ediyor.<\/p>\n","protected":false},"author":1,"featured_media":3134,"comment_status":"open","ping_status":"open","sticky":false,"template":"","format":"standard","meta":{"footnotes":""},"categories":[22],"tags":[],"class_list":["post-3133","post","type-post","status-publish","format-standard","has-post-thumbnail","hentry","category-egitim"],"_links":{"self":[{"href":"https:\/\/akdenizolay.com.tr\/index.php\/wp-json\/wp\/v2\/posts\/3133","targetHints":{"allow":["GET"]}}],"collection":[{"href":"https:\/\/akdenizolay.com.tr\/index.php\/wp-json\/wp\/v2\/posts"}],"about":[{"href":"https:\/\/akdenizolay.com.tr\/index.php\/wp-json\/wp\/v2\/types\/post"}],"author":[{"embeddable":true,"href":"https:\/\/akdenizolay.com.tr\/index.php\/wp-json\/wp\/v2\/users\/1"}],"replies":[{"embeddable":true,"href":"https:\/\/akdenizolay.com.tr\/index.php\/wp-json\/wp\/v2\/comments?post=3133"}],"version-history":[{"count":1,"href":"https:\/\/akdenizolay.com.tr\/index.php\/wp-json\/wp\/v2\/posts\/3133\/revisions"}],"predecessor-version":[{"id":3135,"href":"https:\/\/akdenizolay.com.tr\/index.php\/wp-json\/wp\/v2\/posts\/3133\/revisions\/3135"}],"wp:featuredmedia":[{"embeddable":true,"href":"https:\/\/akdenizolay.com.tr\/index.php\/wp-json\/wp\/v2\/media\/3134"}],"wp:attachment":[{"href":"https:\/\/akdenizolay.com.tr\/index.php\/wp-json\/wp\/v2\/media?parent=3133"}],"wp:term":[{"taxonomy":"category","embeddable":true,"href":"https:\/\/akdenizolay.com.tr\/index.php\/wp-json\/wp\/v2\/categories?post=3133"},{"taxonomy":"post_tag","embeddable":true,"href":"https:\/\/akdenizolay.com.tr\/index.php\/wp-json\/wp\/v2\/tags?post=3133"}],"curies":[{"name":"wp","href":"https:\/\/api.w.org\/{rel}","templated":true}]}}