{"id":3139,"date":"2026-03-14T00:20:37","date_gmt":"2026-03-14T00:20:37","guid":{"rendered":"https:\/\/akdenizolay.com.tr\/index.php\/2026\/03\/14\/baskan-ertas-universite-ogrencilerinin-iftar-sofrasina-konuk-oldu\/"},"modified":"2026-03-14T00:20:38","modified_gmt":"2026-03-14T00:20:38","slug":"baskan-ertas-universite-ogrencilerinin-iftar-sofrasina-konuk-oldu","status":"publish","type":"post","link":"https:\/\/akdenizolay.com.tr\/index.php\/2026\/03\/14\/baskan-ertas-universite-ogrencilerinin-iftar-sofrasina-konuk-oldu\/","title":{"rendered":"Ba\u015fkan Erta\u015f \u00fcniversite \u00f6\u011frencilerinin iftar sofras\u0131na konuk oldu"},"content":{"rendered":"<p> Edremit Belediye Ba\u015fkan\u0131 Mehmet Erta\u015f, Bal\u0131kesir \u00dcniversitesi Edremit Meslek Y\u00fcksekokulu Mekatronik B\u00f6l\u00fcm\u00fc \u00f6\u011frencilerinin iftar sofras\u0131na konuk oldu. Sar\u0131k\u0131z Mahallesi\u2019nde \u00f6\u011frencilerin ya\u015fad\u0131\u011f\u0131 eve misafir olan Ba\u015fkan Erta\u015f\u2019a Edremit Belediye Meclis \u00dcyesi Nevin Sayman da e\u015flik etti.<\/p>\n<p>Ge\u00e7ti\u011fimiz hafta Alt\u0131nkum Mahallesi\u2019nde d\u00fczenlenen iftar program\u0131nda tan\u0131\u015ft\u0131\u011f\u0131 ve kendisini evlerine davet eden \u00f6\u011frencilerin davetini geri \u00e7evirmeyen Ba\u015fkan Erta\u015f, \u00fcniversite \u00f6\u011frencileri Emirhan Albayrak, Onur G\u00fcl, Mehmet K\u0131rc\u0131, Demirhan Temel ve Efe Alp A\u00e7\u0131kel ile birlikte iftar haz\u0131rl\u0131\u011f\u0131 yapt\u0131 ve ayn\u0131 sofrada birlikte iftar yapt\u0131.<\/p>\n<p>Samimi bir ortamda ger\u00e7ekle\u015fen iftar bulu\u015fmas\u0131nda \u00f6\u011frencilerle sohbet eden Ba\u015fkan Erta\u015f, gen\u00e7lerin d\u00fc\u015f\u00fcncelerini, hayallerini ve gelece\u011fe dair planlar\u0131n\u0131 dinledi. Ramazan ay\u0131n\u0131n birlik, beraberlik ve payla\u015fma ruhunu gen\u00e7lerle ayn\u0131 sofrada ya\u015faman\u0131n kendileri i\u00e7in \u00e7ok anlaml\u0131 oldu\u011funu ifade eden Erta\u015f, gen\u00e7lerin g\u00f6r\u00fc\u015f ve beklentilerinin kendileri i\u00e7in \u00f6nemli oldu\u011funu belirtti.<\/p>\n<p>Ba\u015fkan Erta\u015f, \u201cRamazan ay\u0131n\u0131n bereketini ve payla\u015fma ruhunu gen\u00e7 karde\u015flerimizle ayn\u0131 sofra etraf\u0131nda bir kez daha ya\u015fad\u0131k. D\u00fc\u015f\u00fcncelerini, hayallerini ve gelece\u011fe dair beklentilerini dinledik. Bize evlerini ve sofralar\u0131n\u0131 a\u00e7an, t\u00fcm samimiyetleriyle bizleri a\u011f\u0131rlayan \u00fcniversite \u00f6\u011frencisi karde\u015flerimize te\u015fekk\u00fcr ediyorum. Dayan\u0131\u015fmay\u0131 b\u00fcy\u00fctmeye, gen\u00e7li\u011fin yan\u0131nda olmaya devam edece\u011fiz\u201d dedi.<\/p>\n<p>Ba\u015fkan Erta\u015f, \u00f6\u011frencileri 1966 Edremitspor\u2019un hafta sonu oynayaca\u011f\u0131 ma\u00e7a davet etti.\u00a0<\/p>\n<p>\u00a0<\/p>\n<p>Kaynak: (BYZHA) Beyaz Haber Ajans\u0131<\/p>\n","protected":false},"excerpt":{"rendered":"<p>Edremit Belediye Ba\u015fkan\u0131 Mehmet Erta\u015f, Bal\u0131kesir \u00dcniversitesi Edremit Meslek Y\u00fcksekokulu Mekatronik B\u00f6l\u00fcm\u00fc \u00f6\u011frencilerinin iftar sofras\u0131na konuk oldu.<\/p>\n","protected":false},"author":1,"featured_media":3140,"comment_status":"open","ping_status":"open","sticky":false,"template":"","format":"standard","meta":{"footnotes":""},"categories":[22],"tags":[],"class_list":["post-3139","post","type-post","status-publish","format-standard","has-post-thumbnail","hentry","category-egitim"],"_links":{"self":[{"href":"https:\/\/akdenizolay.com.tr\/index.php\/wp-json\/wp\/v2\/posts\/3139","targetHints":{"allow":["GET"]}}],"collection":[{"href":"https:\/\/akdenizolay.com.tr\/index.php\/wp-json\/wp\/v2\/posts"}],"about":[{"href":"https:\/\/akdenizolay.com.tr\/index.php\/wp-json\/wp\/v2\/types\/post"}],"author":[{"embeddable":true,"href":"https:\/\/akdenizolay.com.tr\/index.php\/wp-json\/wp\/v2\/users\/1"}],"replies":[{"embeddable":true,"href":"https:\/\/akdenizolay.com.tr\/index.php\/wp-json\/wp\/v2\/comments?post=3139"}],"version-history":[{"count":1,"href":"https:\/\/akdenizolay.com.tr\/index.php\/wp-json\/wp\/v2\/posts\/3139\/revisions"}],"predecessor-version":[{"id":3141,"href":"https:\/\/akdenizolay.com.tr\/index.php\/wp-json\/wp\/v2\/posts\/3139\/revisions\/3141"}],"wp:featuredmedia":[{"embeddable":true,"href":"https:\/\/akdenizolay.com.tr\/index.php\/wp-json\/wp\/v2\/media\/3140"}],"wp:attachment":[{"href":"https:\/\/akdenizolay.com.tr\/index.php\/wp-json\/wp\/v2\/media?parent=3139"}],"wp:term":[{"taxonomy":"category","embeddable":true,"href":"https:\/\/akdenizolay.com.tr\/index.php\/wp-json\/wp\/v2\/categories?post=3139"},{"taxonomy":"post_tag","embeddable":true,"href":"https:\/\/akdenizolay.com.tr\/index.php\/wp-json\/wp\/v2\/tags?post=3139"}],"curies":[{"name":"wp","href":"https:\/\/api.w.org\/{rel}","templated":true}]}}