{"id":3187,"date":"2026-03-14T00:21:05","date_gmt":"2026-03-14T00:21:05","guid":{"rendered":"https:\/\/akdenizolay.com.tr\/index.php\/2026\/03\/14\/dsiden-egenin-kalbine-yatirim-saganagi-23-yilda-135-tesis\/"},"modified":"2026-03-14T00:21:06","modified_gmt":"2026-03-14T00:21:06","slug":"dsiden-egenin-kalbine-yatirim-saganagi-23-yilda-135-tesis","status":"publish","type":"post","link":"https:\/\/akdenizolay.com.tr\/index.php\/2026\/03\/14\/dsiden-egenin-kalbine-yatirim-saganagi-23-yilda-135-tesis\/","title":{"rendered":"DS\u0130\u2019den Ege\u2019nin Kalbine Yat\u0131r\u0131m Sa\u011fana\u011f\u0131: 23 Y\u0131lda 135 Tesis"},"content":{"rendered":"\n<p class=\"MsoNoSpacing\" style=\"margin-bottom:11px;text-align:justify\"><span style=\"font-size:11pt\"><span style=\"line-height:115%\"><span style=\"font-family:Calibri,sans-serif\"><i><span style=\"font-size:12.0pt\"><span style=\"line-height:115%\"><span style=\",serif\"><span style=\"color:black\">Son 23 y\u0131lda \u201cEge\u2019nin kalbi U\u015fak\u201d i\u00e7in adeta yat\u0131r\u0131m seferberli\u011fi ba\u015flatan DS\u0130 Genel M\u00fcd\u00fcrl\u00fc\u011f\u00fc, kente 13 milyar liral\u0131k yat\u0131r\u0131m yaparak 135 su tesisini vatanda\u015flar\u0131m\u0131z\u0131n hizmetine sundu. <\/span><\/span><\/span><\/span><\/i><\/span><\/span><\/span><\/p>\n<p class=\"MsoNoSpacing\" style=\"margin-bottom:11px;text-align:justify\"><span style=\"font-size:11pt\"><span style=\"line-height:115%\"><span style=\"font-family:Calibri,sans-serif\"><i><span style=\"font-size:12.0pt\"><span style=\"line-height:115%\"><span style=\",serif\"><span style=\"color:black\">Bu tesisler sayesinde 117.080 dekar araziye can suyu sa\u011flad\u0131klar\u0131n\u0131 belirten <b>DS\u0130 Genel M\u00fcd\u00fcr\u00fc Mehmet Akif Balta<\/b>, b\u00f6lge ekonomisine her y\u0131l ortalama 2 milyar lira katk\u0131 sa\u011flad\u0131klar\u0131n\u0131 duyurdu. <b>DS\u0130 Genel M\u00fcd\u00fcr\u00fc Mehmet Akif Balta<\/b> \u201cU\u015fak i\u00e7in \u00e7al\u0131\u015fmaya devam edece\u011fiz\u201d dedi.<\/span><\/span><\/span><\/span><\/i><\/span><\/span><\/span><\/p>\n<p class=\"MsoNoSpacing\" style=\"margin-bottom:11px;text-align:justify\"><span style=\"font-size:11pt\"><span style=\"line-height:115%\"><span style=\"font-family:Calibri,sans-serif\"><b><span style=\"font-size:12.0pt\"><span style=\"line-height:115%\"><span style=\",serif\"><span style=\"color:black\">Tar\u0131m ve Orman Bakanl\u0131\u011f\u0131 Devlet Su \u0130\u015fleri (DS\u0130) Genel M\u00fcd\u00fcrl\u00fc\u011f\u00fc, tar\u0131mda modern sulamay\u0131 yayg\u0131nla\u015ft\u0131rmak, toplula\u015ft\u0131rma \u00e7al\u0131\u015fmalar\u0131yla tar\u0131m arazilerinden en y\u00fcksek fayday\u0131 sa\u011flamak, musluklara sa\u011fl\u0131kl\u0131 ve i\u00e7ilebilir su ula\u015ft\u0131rmak ve yerle\u015fim yerleri ile tar\u0131m arazilerini ta\u015fk\u0131n risklerine kar\u015f\u0131 korumak i\u00e7in t\u00fcm g\u00fcc\u00fcyle \u00e7al\u0131\u015f\u0131rken, s\u00fcrd\u00fcr\u00fclebilir su y\u00f6netimi anlay\u0131\u015f\u0131yla da suyun her damlas\u0131na sahip \u00e7\u0131k\u0131yor.<\/span><\/span><\/span><\/span><\/b><\/span><\/span><\/span><\/p>\n<p class=\"MsoNoSpacing\" style=\"margin-bottom:16px;text-align:justify\"><span style=\"font-size:11pt\"><span style=\"line-height:115%\"><span style=\"font-family:Calibri,sans-serif\"><b><span style=\"font-size:12.0pt\"><span style=\"line-height:115%\"><span style=\",serif\"><span style=\"color:black\">Son y\u0131llarda etkileri g\u00fc\u00e7l\u00fc \u015fekilde hissedilen k\u00fcresel \u0131s\u0131nma ve iklim de\u011fi\u015fikli\u011fi suyun ve su yap\u0131lar\u0131n\u0131n \u00f6nemini her ge\u00e7en g\u00fcn daha da art\u0131\u011f\u0131n\u0131n alt\u0131n\u0131 \u00e7izen DS\u0130 Genel M\u00fcd\u00fcr\u00fc Mehmet Akif BALTA, \u2019\u0130klim de\u011fi\u015fikli\u011finin etkisiyle suyun zamansal ve mek\u00e2nsal da\u011f\u0131l\u0131m\u0131nda ya\u015fanan belirsizlikler ve a\u015f\u0131r\u0131l\u0131klar suya ba\u011fl\u0131 afetlerin hem say\u0131s\u0131nda hem etkinlik alan\u0131nda hem de \u015fiddetinde art\u0131\u015flara sebep olmaktad\u0131r. Bu \u00e7er\u00e7evede ba\u015fta depolama tesislerimiz olmak \u00fczere in\u015fa ederek ekonomik ve sosyal ya\u015fama kazand\u0131rd\u0131\u011f\u0131m\u0131z t\u00fcm su yap\u0131lar\u0131 kritik bir \u00f6neme sahiptir.<\/span><\/span><\/span><\/span><\/b><\/span><\/span><\/span><\/p>\n<p class=\"MsoNoSpacing\" style=\"margin-bottom:16px;text-align:justify\"><span style=\"font-size:11pt\"><span style=\"line-height:115%\"><span style=\"font-family:Calibri,sans-serif\"><b><span style=\"font-size:12.0pt\"><span style=\"line-height:115%\"><span style=\",serif\"><span style=\"color:black\">\u00d6zellikle kurak periyotlarda vatanda\u015flar\u0131m\u0131z\u0131n ve t\u00fcm sekt\u00f6rlerin en b\u00fcy\u00fck g\u00fcvencesi olan depolama tesislerimiz b\u00fcy\u00fck \u00f6nem ta\u015f\u0131maktad\u0131r. Havza \u00f6zelliklerine g\u00f6re planlad\u0131\u011f\u0131m\u0131z su depolama tesisleri, t\u00fcm sistemin sigortas\u0131 olarak su \u00e7evriminin en \u00f6nemli halkas\u0131n\u0131 te\u015fkil etmekte hem kurakl\u0131k hem de ta\u015fk\u0131n gibi ekstrem hidrolojik olaylar kar\u015f\u0131s\u0131nda toplumsal ve ekonomik direnci art\u0131ran hayati altyap\u0131 tesisleri olarak \u00f6ne \u00e7\u0131kmaktad\u0131r. \u2018\u2019dedi.<\/span><\/span><\/span><\/span><\/b><\/span><\/span><\/span><\/p>\n<p class=\"MsoNoSpacing\" style=\"margin-bottom:16px;text-align:justify\"><span style=\"font-size:11pt\"><span style=\"line-height:115%\"><span style=\"font-family:Calibri,sans-serif\"><b><span style=\"font-size:12.0pt\"><span style=\"line-height:115%\"><span style=\",serif\"><span style=\"color:black\">Suyu depolamak kadar \u00f6nemli olan bir di\u011fer husus, suyu asgari kay\u0131pla son kullan\u0131c\u0131s\u0131na iletmek oldu\u011funu ifade eden DS\u0130 Genel M\u00fcd\u00fcr\u00fc Mehmet Akif BALTA, \u2019Bu \u00e7er\u00e7evede, suyun \u00fclkemizde ve d\u00fcnyada en \u00e7ok t\u00fcketildi\u011fi sekt\u00f6r olan tar\u0131m sekt\u00f6r\u00fcnde hayata ge\u00e7irdi\u011fimiz modern uygulamalarla bu alanda \u00f6nemli ilerleme kaydedilmi\u015ftir. \u00d6zellikle bas\u0131n\u00e7l\u0131 borulu sulama sistemlerinin yayg\u0131nla\u015ft\u0131r\u0131lmas\u0131, yapay zeka destekli sulama otomasyonu uygulamalar\u0131 ve elektronik \u00f6l\u00e7\u00fcm sistemi (saya\u00e7) tak\u0131lan sulama tesisi say\u0131s\u0131n\u0131n art\u0131r\u0131lmas\u0131yla suyun verimli kullan\u0131m\u0131 ad\u0131na \u00e7ok \u00f6nemli ad\u0131mlar at\u0131ld\u0131\u011f\u0131n\u0131 belirtti.<\/span><\/span><\/span><\/span><\/b><\/span><\/span><\/span><\/p>\n<p class=\"MsoNoSpacing\" style=\"margin-bottom:16px;text-align:justify\"><span style=\"font-size:11pt\"><span style=\"line-height:115%\"><span style=\"font-family:Calibri,sans-serif\"><b><span style=\"font-size:12.0pt\"><span style=\"line-height:115%\"><span style=\",serif\"><span style=\"color:black\">DS\u0130 Genel M\u00fcd\u00fcr\u00fc Mehmet Akif BALTA,\u2019 G\u00fcn\u00fcm\u00fczde suyla alakal\u0131 meselelerde madalyonun bir y\u00fcz\u00fcnde kurakl\u0131k varken di\u011fer y\u00fcz\u00fcnde ta\u015fk\u0131nlar\u0131n yer ald\u0131\u011f\u0131n\u0131 belirterek. Suyun verimli kullan\u0131m\u0131 ne kadar \u00f6nemli ise ta\u015fan sular\u0131n kontrol\u00fc de o denli \u00f6nemlidir. Bu \u00e7er\u00e7evede say\u0131lar\u0131n\u0131 h\u0131zla art\u0131rd\u0131\u011f\u0131m\u0131z yenilik\u00e7i ta\u015fk\u0131n kontrol tesislerimiz ve ta\u015fk\u0131n erken uyar\u0131 sistemlerimizle ta\u015fk\u0131n zararlar\u0131n\u0131n asgariye d\u00fc\u015f\u00fcr\u00fclmesi hususunda \u00f6nemli ba\u015far\u0131lar elde ediyor, rekor denilebilecek nitelikteki ya\u011f\u0131\u015flarda can ve mal kay\u0131plar\u0131n\u0131n \u00f6n\u00fcne ge\u00e7iyoruz. \u2018\u2019dedi.<\/span><\/span><\/span><\/span><\/b><\/span><\/span><\/span><\/p>\n<p align=\"center\" class=\"MsoNoSpacing\" style=\"margin-bottom:11px;text-align:center\"><span style=\"font-size:11pt\"><span style=\"line-height:115%\"><span style=\"font-family:Calibri,sans-serif\"><b><span style=\"font-size:12.0pt\"><span style=\"line-height:115%\"><span style=\",serif\"><span style=\"color:black\">\u201cU\u015fak, DS\u0130 ile kalk\u0131n\u0131yor\u201d<\/span><\/span><\/span><\/span><\/b><\/span><\/span><\/span><\/p>\n<p style=\"text-align:justify;margin-bottom:11px\"><span style=\"font-size:11pt\"><span style=\"line-height:115%\"><span style=\"font-family:Calibri,sans-serif\"><span style=\"font-size:12.0pt\"><span style=\"line-height:115%\"><span style=\",serif\"><span style=\"color:black\">U\u015fak ekonomisini T\u00fcrk tar\u0131m sekt\u00f6r\u00fcnde hak etti\u011fi yere ta\u015f\u0131may\u0131 hedeflediklerini kaydeden <b>DS\u0130 Genel M\u00fcd\u00fcr\u00fc Mehmet Akif Balta,<\/b> \u201cDS\u0130 olarak U\u015fak i\u00e7in adeta yat\u0131r\u0131m seferberli\u011fi\u201d ba\u015flatt\u0131klar\u0131n\u0131 s\u00f6yledi. Son 23 y\u0131lda kente 12 milyar 988 milyon liral\u0131k yat\u0131r\u0131m yapt\u0131klar\u0131n\u0131 ifade etti. <\/span><\/span><\/span><\/span><\/span><\/span><\/span><\/p>\n<p style=\"text-align:justify;margin-bottom:11px\"><span style=\"font-size:11pt\"><span style=\"line-height:115%\"><span style=\"font-family:Calibri,sans-serif\"><b><span style=\"font-size:12.0pt\"><span style=\"line-height:115%\"><span style=\",serif\"><span style=\"color:black\">DS\u0130 Genel M\u00fcd\u00fcr\u00fc Mehmet Akif Balta<\/span><\/span><\/span><\/span><\/b><span style=\"font-size:12.0pt\"><span style=\"line-height:115%\"><span style=\",serif\"><span style=\"color:black\">, \u201c23 y\u0131l \u00f6nce U\u015fak\u2019ta sadece bir baraj\u0131m\u0131z vard\u0131. Kentin ekonomik ve k\u00fclt\u00fcrel potansiyelini ortaya \u00e7\u0131karmak i\u00e7in ba\u015flatt\u0131\u011f\u0131m\u0131z \u00e7al\u0131\u015fmalar kapsam\u0131nda kente 135 su tesisi in\u015fa ettik. Bunlardan 18\u2019i baraj, 15\u2019i g\u00f6let. 1\u2019i de depolama tesisi. \u00a0Bu tesislerde toplam 47 milyon m\u00b3 su depolayabiliyoruz. U\u015fak\u2019taki toplam depolama hacmimiz ise 61 milyon m\u00b3\u2019e ula\u015ft\u0131\u201d dedi.<\/span><\/span><\/span><\/span><\/span><\/span><\/span><\/p>\n<p style=\"text-align:justify;margin-bottom:11px\"><span style=\"font-size:11pt\"><span style=\"line-height:115%\"><span style=\"font-family:Calibri,sans-serif\"><span style=\"font-size:12.0pt\"><span style=\"line-height:115%\"><span style=\",serif\"><span style=\"color:black\">2003 y\u0131l\u0131ndan bu yana U\u015fak\u2019a 2 i\u00e7me suyu tesisi kazand\u0131rd\u0131klar\u0131n\u0131 ifade eden <b>DS\u0130 Genel M\u00fcd\u00fcr\u00fc Mehmet Akif Balta,<\/b> bu tesisler sayesinde kente y\u0131lda 6 milyon m\u00b3 i\u00e7me ve kullanma suyu temin ettiklerini hat\u0131rlatt\u0131.<\/span><\/span><\/span><\/span><\/span><\/span><\/span><\/p>\n<p align=\"center\" style=\"text-align:center;margin-bottom:11px\"><span style=\"font-size:11pt\"><span style=\"line-height:115%\"><span style=\"font-family:Calibri,sans-serif\"><b><span style=\"font-size:12.0pt\"><span style=\"line-height:115%\"><span style=\",serif\"><span style=\"color:black\">\u201cU\u015fakl\u0131 \u00e7ift\u00e7ilerimize y\u0131lda 2 milyar lira kazand\u0131r\u0131yoruz\u201d<\/span><\/span><\/span><\/span><\/b><\/span><\/span><\/span><\/p>\n<p style=\"text-align:justify;margin-bottom:11px\"><span style=\"font-size:11pt\"><span style=\"line-height:115%\"><span style=\"font-family:Calibri,sans-serif\"><span style=\"font-size:12.0pt\"><span style=\"line-height:115%\"><span style=\",serif\"><span style=\"color:black\">U\u015fak\u2019\u0131n toprak ve iklim \u015fartlar\u0131 olarak \u00f6zellikle endemik bitkiler konusunda \u00e7ok geni\u015f bir \u00fcr\u00fcn \u00e7e\u015fitlili\u011fine sahip oldu\u011funa dikkat \u00e7eken <b>DS\u0130 Genel M\u00fcd\u00fcr\u00fc Mehmet Akif Balta,<\/b> U\u015fak \u00e7ift\u00e7isini kalk\u0131nd\u0131rmak i\u00e7in rantabl ve etkin projeler \u00fcrettiklerini s\u00f6yledi. <b>DS\u0130 Genel M\u00fcd\u00fcr\u00fc Mehmet Akif Balta,<\/b> \u201c2023 y\u0131l\u0131ndan bu yana U\u015fak\u2019ta 49 sulama tesisini in\u015fa ederek, vatanda\u015flar\u0131m\u0131z\u0131n hizmetine sunduk. Toplam 117.080 dekar araziyi modern sistem ile suluyoruz. \u00dclke ve B\u00f6lge ekonomisine bu tesislerimiz sayesinde y\u0131lda 1 milyar 998 milyon lira ek katk\u0131 sa\u011fl\u0131yoruz.\u201d Diye konu\u015ftu.<\/span><\/span><\/span><\/span><\/span><\/span><\/span><\/p>\n<p align=\"center\" style=\"text-align:center;margin-bottom:11px\"><span style=\"font-size:11pt\"><span style=\"line-height:115%\"><span style=\"font-family:Calibri,sans-serif\"><b><span style=\"font-size:12.0pt\"><span style=\"line-height:115%\"><span style=\",serif\"><span style=\"color:black\">\u201cU\u015fak\u2019\u0131n \u00e7ehresini de\u011fi\u015ftirdik\u201d<\/span><\/span><\/span><\/span><\/b><\/span><\/span><\/span><\/p>\n<p style=\"text-align:justify;margin-bottom:11px\"><span style=\"font-size:11pt\"><span style=\"line-height:115%\"><span style=\"font-family:Calibri,sans-serif\"><span style=\"font-size:12.0pt\"><span style=\"line-height:115%\"><span style=\",serif\"><span style=\"color:black\">U\u015fakl\u0131 vatanda\u015flar\u0131m\u0131z\u0131n can ve mal g\u00fcvenli\u011fini sa\u011flamak amac\u0131yla kent genelinde 49 Ta\u015fk\u0131n Koruma Tesisi in\u015fa ettiklerini kaydeden <b>DS\u0130 Genel M\u00fcd\u00fcr\u00fc Mehmet Akif Balta,<\/b> bu tesisler sayesinde kentin \u00e7ehresinin de de\u011fi\u015fti\u011fini s\u00f6yledi. <b>DS\u0130 Genel M\u00fcd\u00fcr\u00fc Mehmet Akif Balta,<\/b> \u201c\u00d6zellikle U\u015fak kent merkezinde tamamlad\u0131\u011f\u0131m\u0131z \u201cU\u015fak Dokuzsele Projesi\u201d ve Banaz il\u00e7e merkezindeki \u201cBanaz \u00c7ay\u0131 Islah Projesi\u201d ile hem U\u015fakl\u0131 vatanda\u015flar\u0131m\u0131z\u0131n can ve mal g\u00fcvenli\u011fini sa\u011flad\u0131k. Hem de kentimize modern \u015fehircilik anlam\u0131nda \u00f6nemli eserler kazand\u0131k. Dokuzsele Projemiz adeta U\u015fak\u2019\u0131n gerdanl\u0131\u011f\u0131 oldu.\u201d diye konu\u015ftu.<\/span><\/span><\/span><\/span><\/span><\/span><\/span><\/p>\n<p align=\"center\" style=\"text-align:center;margin-bottom:11px\"><span style=\"font-size:11pt\"><span style=\"line-height:115%\"><span style=\"font-family:Calibri,sans-serif\"><b><span style=\"font-size:12.0pt\"><span style=\"line-height:115%\"><span style=\",serif\"><span style=\"color:black\">\u201c64 bin 130 dekar arazide tescil i\u015flemlerini tamamlad\u0131k\u201d<\/span><\/span><\/span><\/span><\/b><\/span><\/span><\/span><\/p>\n<p style=\"text-align:justify;margin-bottom:11px\"><span style=\"font-size:11pt\"><span style=\"line-height:115%\"><span style=\"font-family:Calibri,sans-serif\"><b><span style=\"font-size:12.0pt\"><span style=\"line-height:115%\"><span style=\",serif\"><span style=\"color:black\">DS\u0130 Genel M\u00fcd\u00fcr\u00fc Mehmet Akif Balta,<\/span><\/span><\/span><\/span><\/b><span style=\"font-size:12.0pt\"><span style=\"line-height:115%\"><span style=\",serif\"><span style=\"color:black\"> U\u015fak\u2019ta tamamlanan 1 Arazi Toplula\u015ft\u0131rma ve Tarla \u0130\u00e7i Geli\u015ftirme Hizmetleri (T\u0130GH) Projesi ile 64.130 dekar alanda tescil i\u015flemlerinin tamamland\u0131\u011f\u0131n\u0131 da a\u00e7\u0131klad\u0131. Y\u0131ll\u0131k 62 milyon 719 bin liral\u0131k zirai gelir art\u0131\u015f\u0131 sa\u011fland\u0131\u011f\u0131n\u0131 duyurdu.<\/span><\/span><\/span><\/span><\/span><\/span><\/span><\/p>\n<p class=\"MsoNoSpacing\" style=\"margin-bottom:16px;text-align:justify\"><span style=\"font-size:11pt\"><span style=\"line-height:115%\"><span style=\"font-family:Calibri,sans-serif\"><b><span style=\"font-size:12.0pt\"><span style=\"line-height:115%\"><span style=\",serif\"><span style=\"color:black\">Genel<\/span><\/span><\/span><\/span><\/b><span style=\"font-size:12.0pt\"><span style=\"line-height:115%\"><span style=\",serif\"><span style=\"color:black\"> <b>M\u00fcd\u00fcr Mehmet Akif BALTA<\/b>;<b> \u201cBiz DS\u0130 olarak suyla alakal\u0131 t\u00fcm alanlarda su vatand\u0131r anlay\u0131\u015f\u0131yla \u00e7al\u0131\u015fmalar\u0131m\u0131za devam ediyor, suyumuzu korumakla vatan\u0131m\u0131z\u0131 korumak aras\u0131nda hi\u00e7bir fark g\u00f6rm\u00fcyoruz. Kulland\u0131\u011f\u0131m\u0131z her damla suyu son damlas\u0131ym\u0131\u015f gibi kullanmam\u0131z\u2019 tavsiyesiyle s\u00f6zlerimi\u00a0noktal\u0131yorum.\u201d dedi.<\/b><\/span><\/span><\/span><\/span><\/span><\/span><\/span><\/p>\n<p class=\"MsoNoSpacing\" style=\"margin-bottom:16px;text-align:justify\">\u00a0<\/p>\n<p class=\"MsoNoSpacing\" style=\"margin-bottom:16px;text-align:justify\">\u00a0<\/p>\n<p>Kaynak: (BYZHA) Beyaz Haber Ajans\u0131<\/p>\n","protected":false},"excerpt":{"rendered":"<p>Son 23 y\u0131lda \u201cEge\u2019nin kalbi U\u015fak\u201d i\u00e7in adeta yat\u0131r\u0131m seferberli\u011fi ba\u015flatan DS\u0130 Genel M\u00fcd\u00fcrl\u00fc\u011f\u00fc, kente 13 milyar liral\u0131k yat\u0131r\u0131m yaparak 135 su tesisini vatanda\u015flar\u0131m\u0131z\u0131n hizmetine sundu.<\/p>\n","protected":false},"author":1,"featured_media":3188,"comment_status":"open","ping_status":"open","sticky":false,"template":"","format":"standard","meta":{"footnotes":""},"categories":[21],"tags":[],"class_list":["post-3187","post","type-post","status-publish","format-standard","has-post-thumbnail","hentry","category-ekonomi"],"_links":{"self":[{"href":"https:\/\/akdenizolay.com.tr\/index.php\/wp-json\/wp\/v2\/posts\/3187","targetHints":{"allow":["GET"]}}],"collection":[{"href":"https:\/\/akdenizolay.com.tr\/index.php\/wp-json\/wp\/v2\/posts"}],"about":[{"href":"https:\/\/akdenizolay.com.tr\/index.php\/wp-json\/wp\/v2\/types\/post"}],"author":[{"embeddable":true,"href":"https:\/\/akdenizolay.com.tr\/index.php\/wp-json\/wp\/v2\/users\/1"}],"replies":[{"embeddable":true,"href":"https:\/\/akdenizolay.com.tr\/index.php\/wp-json\/wp\/v2\/comments?post=3187"}],"version-history":[{"count":1,"href":"https:\/\/akdenizolay.com.tr\/index.php\/wp-json\/wp\/v2\/posts\/3187\/revisions"}],"predecessor-version":[{"id":3189,"href":"https:\/\/akdenizolay.com.tr\/index.php\/wp-json\/wp\/v2\/posts\/3187\/revisions\/3189"}],"wp:featuredmedia":[{"embeddable":true,"href":"https:\/\/akdenizolay.com.tr\/index.php\/wp-json\/wp\/v2\/media\/3188"}],"wp:attachment":[{"href":"https:\/\/akdenizolay.com.tr\/index.php\/wp-json\/wp\/v2\/media?parent=3187"}],"wp:term":[{"taxonomy":"category","embeddable":true,"href":"https:\/\/akdenizolay.com.tr\/index.php\/wp-json\/wp\/v2\/categories?post=3187"},{"taxonomy":"post_tag","embeddable":true,"href":"https:\/\/akdenizolay.com.tr\/index.php\/wp-json\/wp\/v2\/tags?post=3187"}],"curies":[{"name":"wp","href":"https:\/\/api.w.org\/{rel}","templated":true}]}}