{"id":3196,"date":"2026-03-14T00:21:11","date_gmt":"2026-03-14T00:21:11","guid":{"rendered":"https:\/\/akdenizolay.com.tr\/index.php\/2026\/03\/14\/kartepede-milli-sair-mehmet-akif-ersoy-dualarla-anildi\/"},"modified":"2026-03-14T00:21:12","modified_gmt":"2026-03-14T00:21:12","slug":"kartepede-milli-sair-mehmet-akif-ersoy-dualarla-anildi","status":"publish","type":"post","link":"https:\/\/akdenizolay.com.tr\/index.php\/2026\/03\/14\/kartepede-milli-sair-mehmet-akif-ersoy-dualarla-anildi\/","title":{"rendered":"Kartepe\u2019de Milli \u015eair Mehmet Akif Ersoy Dualarla An\u0131ld\u0131"},"content":{"rendered":"<p> <strong>Kartepe Belediyesi\u2019nin Ramazan ay\u0131 etkinlikleri kapsam\u0131nda Kent Meydan\u0131\u2019nda kurulan ota\u011f \u00e7ad\u0131r\u0131, anlaml\u0131 bir programa ev sahipli\u011fi yapt\u0131. \u0130stiklal Mar\u015f\u0131\u2019n\u0131n kabul\u00fcn\u00fcn y\u0131l d\u00f6n\u00fcm\u00fc dolay\u0131s\u0131yla d\u00fczenlenen \u0130stiklal \u015eairimiz Mehmet Akif Ersoy\u2019u Anma Program\u0131\u2019nda il\u00e7e sakinleri manevi bir atmosferde bir araya geldi<\/strong>.<\/p>\n<p><strong>Seyfullah Kartal ve Selahaddin Kocaaslan G\u00f6n\u00fcllere Dokundu<\/strong><\/p>\n<p>Anma program\u0131nda sahne alan \u00fcnl\u00fc sanat\u00e7\u0131lar Seyfullah Kartal ve Selahaddin Kocaaslan, performanslar\u0131yla izleyicileri duygusal bir yolculu\u011fa \u00e7\u0131kard\u0131. Mehmet Akif Ersoy\u2019un unutulmaz eserlerinin seslendirildi\u011fi gecede, milli \u015fairin hayat\u0131ndan kesitler ve \u0130stiklal m\u00fccadelesindeki rol\u00fc anlat\u0131ld\u0131. Ramazan etkinliklerinin merkezi haline gelen Ota\u011f \u00c7ad\u0131r\u0131\u2019n\u0131 dolduran Kartepeliler, \u015fiirler ve ezgiler e\u015fli\u011finde Akif\u2019i yad etti.<\/p>\n<p><strong>Ba\u015fkan Kocaman \u201cMehmet Akif\u2019i Anlamak, O D\u00f6nemin Ruhunu Anlamakt\u0131r\u201d<\/strong><\/p>\n<p>Programda anlaml\u0131 bir konu\u015fma ger\u00e7ekle\u015ftiren Kartepe Belediye Ba\u015fkan\u0131 Av. M. Mustafa Kocaman, Ramazan\u2019\u0131n derin manas\u0131na da dikkat \u00e7ekerek &#8220;Mehmet Akif\u2019i anlayabilirsek, 105 y\u0131l \u00f6nce ya\u015fanan o b\u00fcy\u00fck zorluklar\u0131 ve fedak\u00e2rl\u0131klar\u0131 da do\u011fru \u015fekilde kavrar\u0131z. Ge\u00e7mi\u015fte ya\u015fanan zorluklar\u0131 Ramazan\u2019\u0131n maneviyat\u0131yla daha iyi anl\u0131yoruz. Bizi anlatan o b\u00fcy\u00fck \u015fairi ve \u0130stiklal Mar\u015f\u0131\u2019n\u0131n yaz\u0131l\u0131\u015f hik\u00e2yesini 18 Mart \u00c7anakkale Zaferi\u2019nden ayr\u0131 d\u00fc\u015f\u00fcnmek m\u00fcmk\u00fcn de\u011fildir. Bu zaferi \u00fcmmetin inanc\u0131yla ve Ramazan\u2019\u0131n maneviyat\u0131yla birlikte de\u011ferlendirmeden anlatmak eksik kal\u0131r. \u00c7\u00fcnk\u00fc o d\u00f6nemin ruhunu anlamak, ancak o inanc\u0131 ve maneviyat\u0131 hissetmekle m\u00fcmk\u00fcnd\u00fcr&#8221; dedi.<\/p>\n<p><strong>Yo\u011fun Kat\u0131l\u0131m<\/strong><\/p>\n<p>Programa Kartepe Belediye Ba\u015fkan\u0131 Av. M. Mustafa Kocaman\u2019\u0131n yan\u0131 s\u0131ra AK Parti Kartepe \u0130l\u00e7e Ba\u015fkan\u0131 Murat Y\u0131lmaz ve Kartepe Belediye Ba\u015fkan Yard\u0131mc\u0131s\u0131 Enes Emengen\u2019de kat\u0131ld\u0131. Vatanda\u015flarla yak\u0131ndan ilgilenen Ba\u015fkan Kocaman, Ramazan\u2019\u0131n ruhuna uygun k\u00fclt\u00fcrel etkinliklerin il\u00e7ede birlik ve beraberli\u011fi peki\u015ftirdi\u011fini vurgulad\u0131.<\/p>\n<p>\u00a0<\/p>\n<p>\u00a0<\/p>\n<p>Kaynak: (BYZHA) Beyaz Haber Ajans\u0131<\/p>\n","protected":false},"excerpt":{"rendered":"<p>Kartepe Belediyesi\u2019nin Ramazan ay\u0131 etkinlikleri kapsam\u0131nda Kent Meydan\u0131\u2019nda kurulan ota\u011f \u00e7ad\u0131r\u0131, anlaml\u0131 bir programa ev sahipli\u011fi yapt\u0131.<\/p>\n","protected":false},"author":1,"featured_media":3197,"comment_status":"open","ping_status":"open","sticky":false,"template":"","format":"standard","meta":{"footnotes":""},"categories":[24],"tags":[],"class_list":["post-3196","post","type-post","status-publish","format-standard","has-post-thumbnail","hentry","category-kultur-sanat"],"_links":{"self":[{"href":"https:\/\/akdenizolay.com.tr\/index.php\/wp-json\/wp\/v2\/posts\/3196","targetHints":{"allow":["GET"]}}],"collection":[{"href":"https:\/\/akdenizolay.com.tr\/index.php\/wp-json\/wp\/v2\/posts"}],"about":[{"href":"https:\/\/akdenizolay.com.tr\/index.php\/wp-json\/wp\/v2\/types\/post"}],"author":[{"embeddable":true,"href":"https:\/\/akdenizolay.com.tr\/index.php\/wp-json\/wp\/v2\/users\/1"}],"replies":[{"embeddable":true,"href":"https:\/\/akdenizolay.com.tr\/index.php\/wp-json\/wp\/v2\/comments?post=3196"}],"version-history":[{"count":1,"href":"https:\/\/akdenizolay.com.tr\/index.php\/wp-json\/wp\/v2\/posts\/3196\/revisions"}],"predecessor-version":[{"id":3198,"href":"https:\/\/akdenizolay.com.tr\/index.php\/wp-json\/wp\/v2\/posts\/3196\/revisions\/3198"}],"wp:featuredmedia":[{"embeddable":true,"href":"https:\/\/akdenizolay.com.tr\/index.php\/wp-json\/wp\/v2\/media\/3197"}],"wp:attachment":[{"href":"https:\/\/akdenizolay.com.tr\/index.php\/wp-json\/wp\/v2\/media?parent=3196"}],"wp:term":[{"taxonomy":"category","embeddable":true,"href":"https:\/\/akdenizolay.com.tr\/index.php\/wp-json\/wp\/v2\/categories?post=3196"},{"taxonomy":"post_tag","embeddable":true,"href":"https:\/\/akdenizolay.com.tr\/index.php\/wp-json\/wp\/v2\/tags?post=3196"}],"curies":[{"name":"wp","href":"https:\/\/api.w.org\/{rel}","templated":true}]}}