{"id":3202,"date":"2026-03-14T00:21:14","date_gmt":"2026-03-14T00:21:14","guid":{"rendered":"https:\/\/akdenizolay.com.tr\/index.php\/2026\/03\/14\/ramazan-ayinin-manevi-atmosferinde-anne-cocuk-etkinligi\/"},"modified":"2026-03-14T00:21:15","modified_gmt":"2026-03-14T00:21:15","slug":"ramazan-ayinin-manevi-atmosferinde-anne-cocuk-etkinligi","status":"publish","type":"post","link":"https:\/\/akdenizolay.com.tr\/index.php\/2026\/03\/14\/ramazan-ayinin-manevi-atmosferinde-anne-cocuk-etkinligi\/","title":{"rendered":"Ramazan Ay\u0131\u2019n\u0131n Manevi Atmosferinde Anne \u2013 \u00c7ocuk Etkinli\u011fi"},"content":{"rendered":"\n<p class=\"MsoNoSpacing\"><span style=\"font-size:11pt\"><span style=\"font-family:Calibri,sans-serif\"><span style=\"font-size:13.0pt\">Ramazan ay\u0131n\u0131n manevi atmosferi 4 ya\u015f ve \u00fczeri \u00e7ocuklar\u0131n ne\u015fesiyle birlikte Anne &#8211; \u00c7ocuk etkinli\u011finde hayat buldu. <\/span><\/span><\/span><\/p>\n<p class=\"MsoNoSpacing\"><span style=\"font-size:11pt\"><span style=\"font-family:Calibri,sans-serif\"><span style=\"font-size:13.0pt\">Nev\u015fehir Belediyesi taraf\u0131ndan \u00e7ocuklar\u0131m\u0131z\u0131n keyifli vakit ge\u00e7irmesi ve Ramazan Ay\u0131n\u0131n birlik, beraberlik, payla\u015fma ve dayan\u0131\u015fma ruhunu ya\u015fayabilmesi amac\u0131yla ger\u00e7ekle\u015ftirdi\u011fi \u015fenlikte e\u011flenceli oyunlar, \u00e7e\u015fitli aktiviteler ve s\u00fcrpriz etkinlikler d\u00fczenlendi. <\/span><\/span><\/span><\/p>\n<p class=\"MsoNoSpacing\"><span style=\"font-size:11pt\"><span style=\"font-family:Calibri,sans-serif\"><span style=\"font-size:13.0pt\">Geleneksel k\u0131yafetler ve g\u00f6sterilerle keyifli vakit ge\u00e7iren \u00e7ocuklar, kahkahalar e\u015fli\u011finde Ramazan\u2019\u0131n bereketini ve payla\u015fma ruhunu birlikte ya\u015fad\u0131.<\/span><\/span><\/span><\/p>\n<p class=\"MsoNoSpacing\"><span style=\"font-size:11pt\"><span style=\"font-family:Calibri,sans-serif\"><span style=\"font-size:13.0pt\">K\u00fclt\u00fcr Sanat ve Sosyal \u0130\u015fler M\u00fcd\u00fcrl\u00fc\u011f\u00fc Hizmet Binas\u0131 Pa\u015fa Kona\u011f\u0131 Yan\u0131 (\u00c7ocuk Aktivite Merkezi)nde d\u00fczenlenen programa kat\u0131lan minikler, hem e\u011flendi hem de Ramazan ay\u0131n\u0131n k\u00fclt\u00fcrel de\u011ferlerini yak\u0131ndan tan\u0131ma f\u0131rsat\u0131 buldu. Etkinlik Nev\u015fehirli \u00e7ocuklar\u0131n yo\u011fun ilgisi ve ailelerin memnuniyetiyle kar\u015f\u0131land\u0131.<\/span><\/span><\/span><\/p>\n<p class=\"MsoNoSpacing\"><span style=\"font-size:11pt\"><span style=\"font-family:Calibri,sans-serif\"><span style=\"font-size:13.0pt\">Hem e\u011flenceli hem de \u00f6\u011fretici i\u00e7eriklerle haz\u0131rlanan programda \u00e7ocuklar\u0131m\u0131z Ramazan k\u00fclt\u00fcr\u00fcn\u00fc yak\u0131ndan tan\u0131ma f\u0131rsat\u0131 buldu. <\/span><\/span><\/span><\/p>\n<p class=\"MsoNoSpacing\">\u00a0<\/p>\n<p class=\"MsoNoSpacing\">\u00a0<\/p>\n<p>Kaynak: (BYZHA) Beyaz Haber Ajans\u0131<\/p>\n","protected":false},"excerpt":{"rendered":"<p>Ramazan ay\u0131n\u0131n manevi atmosferi 4 ya\u015f ve \u00fczeri \u00e7ocuklar\u0131n ne\u015fesiyle birlikte Anne &#8211; \u00c7ocuk etkinli\u011finde hayat buldu.<\/p>\n","protected":false},"author":1,"featured_media":3203,"comment_status":"open","ping_status":"open","sticky":false,"template":"","format":"standard","meta":{"footnotes":""},"categories":[24],"tags":[],"class_list":["post-3202","post","type-post","status-publish","format-standard","has-post-thumbnail","hentry","category-kultur-sanat"],"_links":{"self":[{"href":"https:\/\/akdenizolay.com.tr\/index.php\/wp-json\/wp\/v2\/posts\/3202","targetHints":{"allow":["GET"]}}],"collection":[{"href":"https:\/\/akdenizolay.com.tr\/index.php\/wp-json\/wp\/v2\/posts"}],"about":[{"href":"https:\/\/akdenizolay.com.tr\/index.php\/wp-json\/wp\/v2\/types\/post"}],"author":[{"embeddable":true,"href":"https:\/\/akdenizolay.com.tr\/index.php\/wp-json\/wp\/v2\/users\/1"}],"replies":[{"embeddable":true,"href":"https:\/\/akdenizolay.com.tr\/index.php\/wp-json\/wp\/v2\/comments?post=3202"}],"version-history":[{"count":1,"href":"https:\/\/akdenizolay.com.tr\/index.php\/wp-json\/wp\/v2\/posts\/3202\/revisions"}],"predecessor-version":[{"id":3204,"href":"https:\/\/akdenizolay.com.tr\/index.php\/wp-json\/wp\/v2\/posts\/3202\/revisions\/3204"}],"wp:featuredmedia":[{"embeddable":true,"href":"https:\/\/akdenizolay.com.tr\/index.php\/wp-json\/wp\/v2\/media\/3203"}],"wp:attachment":[{"href":"https:\/\/akdenizolay.com.tr\/index.php\/wp-json\/wp\/v2\/media?parent=3202"}],"wp:term":[{"taxonomy":"category","embeddable":true,"href":"https:\/\/akdenizolay.com.tr\/index.php\/wp-json\/wp\/v2\/categories?post=3202"},{"taxonomy":"post_tag","embeddable":true,"href":"https:\/\/akdenizolay.com.tr\/index.php\/wp-json\/wp\/v2\/tags?post=3202"}],"curies":[{"name":"wp","href":"https:\/\/api.w.org\/{rel}","templated":true}]}}