{"id":3228,"date":"2026-03-14T01:06:42","date_gmt":"2026-03-14T01:06:42","guid":{"rendered":"https:\/\/akdenizolay.com.tr\/index.php\/2026\/03\/14\/istiklal-marsinin-kabulunun-105-yili-torenle-anildi\/"},"modified":"2026-03-14T01:06:43","modified_gmt":"2026-03-14T01:06:43","slug":"istiklal-marsinin-kabulunun-105-yili-torenle-anildi","status":"publish","type":"post","link":"https:\/\/akdenizolay.com.tr\/index.php\/2026\/03\/14\/istiklal-marsinin-kabulunun-105-yili-torenle-anildi\/","title":{"rendered":"\u0130stiklal Mar\u015f\u0131\u2019n\u0131n Kabul\u00fcn\u00fcn 105. Y\u0131l\u0131 T\u00f6renle An\u0131ld\u0131"},"content":{"rendered":"<p> <b>\u0130stiklal Mar\u015f\u0131&#8217;n\u0131n Kabul\u00fc ve Mehmet Akif Ersoy&#8217;u Anma G\u00fcn\u00fc kapsam\u0131nda Kahramankazan\u2019da anlaml\u0131 bir program d\u00fczenlendi.<\/b><\/p>\n<p><b>\u00a0<\/b>15 Temmuz \u015eehitleri ve Demokrasi M\u00fczesi\u2019nde ger\u00e7ekle\u015ftirilen programa Kahramankazan il\u00e7e Kaymakam\u0131 Mustafa Y\u0131lmaz, Cumhuriyet Ba\u015fsavc\u0131s\u0131 Mehmet Onurkan G\u00fclderen, Belediye Ba\u015fkan Yard\u0131mc\u0131s\u0131 Ali \u0130hsan Baykurt ile il\u00e7e protokol\u00fc, \u00f6\u011fretmenler ve \u00f6\u011frenciler kat\u0131ld\u0131.<b>\u00a0<\/b>Programda, Mehmet Akif Ersoy sayg\u0131 ve rahmetle an\u0131l\u0131rken, \u0130stiklal Mar\u015f\u0131\u2019n\u0131n kabul\u00fcn\u00fcn T\u00fcrk milletinin ba\u011f\u0131ms\u0131zl\u0131k m\u00fccadelesindeki yeri ve \u00f6nemi vurguland\u0131. \u00d6\u011frenciler taraf\u0131ndan okunan \u015fiirler ve ger\u00e7ekle\u015ftirilen etkinlikler programa anlam katt\u0131.<\/p>\n<p><b>\u00a0<\/b>Program, g\u00fcn\u00fcn anlam ve \u00f6nemine ili\u015fkin konu\u015fmalar\u0131n ard\u0131ndan sona erdi.<\/p>\n<p>\u00a0<\/p>\n<p>Kaynak: (BYZHA) Beyaz Haber Ajans\u0131<\/p>\n","protected":false},"excerpt":{"rendered":"<p>\u0130stiklal Mar\u015f\u0131&#8217;n\u0131n Kabul\u00fc ve Mehmet Akif Ersoy&#8217;u Anma G\u00fcn\u00fc kapsam\u0131nda Kahramankazan\u2019da anlaml\u0131 bir program d\u00fczenlendi.<\/p>\n","protected":false},"author":1,"featured_media":3229,"comment_status":"open","ping_status":"open","sticky":false,"template":"","format":"standard","meta":{"footnotes":""},"categories":[24],"tags":[],"class_list":["post-3228","post","type-post","status-publish","format-standard","has-post-thumbnail","hentry","category-kultur-sanat"],"_links":{"self":[{"href":"https:\/\/akdenizolay.com.tr\/index.php\/wp-json\/wp\/v2\/posts\/3228","targetHints":{"allow":["GET"]}}],"collection":[{"href":"https:\/\/akdenizolay.com.tr\/index.php\/wp-json\/wp\/v2\/posts"}],"about":[{"href":"https:\/\/akdenizolay.com.tr\/index.php\/wp-json\/wp\/v2\/types\/post"}],"author":[{"embeddable":true,"href":"https:\/\/akdenizolay.com.tr\/index.php\/wp-json\/wp\/v2\/users\/1"}],"replies":[{"embeddable":true,"href":"https:\/\/akdenizolay.com.tr\/index.php\/wp-json\/wp\/v2\/comments?post=3228"}],"version-history":[{"count":1,"href":"https:\/\/akdenizolay.com.tr\/index.php\/wp-json\/wp\/v2\/posts\/3228\/revisions"}],"predecessor-version":[{"id":3230,"href":"https:\/\/akdenizolay.com.tr\/index.php\/wp-json\/wp\/v2\/posts\/3228\/revisions\/3230"}],"wp:featuredmedia":[{"embeddable":true,"href":"https:\/\/akdenizolay.com.tr\/index.php\/wp-json\/wp\/v2\/media\/3229"}],"wp:attachment":[{"href":"https:\/\/akdenizolay.com.tr\/index.php\/wp-json\/wp\/v2\/media?parent=3228"}],"wp:term":[{"taxonomy":"category","embeddable":true,"href":"https:\/\/akdenizolay.com.tr\/index.php\/wp-json\/wp\/v2\/categories?post=3228"},{"taxonomy":"post_tag","embeddable":true,"href":"https:\/\/akdenizolay.com.tr\/index.php\/wp-json\/wp\/v2\/tags?post=3228"}],"curies":[{"name":"wp","href":"https:\/\/api.w.org\/{rel}","templated":true}]}}