{"id":3231,"date":"2026-03-14T01:06:44","date_gmt":"2026-03-14T01:06:44","guid":{"rendered":"https:\/\/akdenizolay.com.tr\/index.php\/2026\/03\/14\/baskan-ozarslan-istiklal-marsinin-kabulunun-105-yil-donumu-programina-katildi\/"},"modified":"2026-03-14T01:06:44","modified_gmt":"2026-03-14T01:06:44","slug":"baskan-ozarslan-istiklal-marsinin-kabulunun-105-yil-donumu-programina-katildi","status":"publish","type":"post","link":"https:\/\/akdenizolay.com.tr\/index.php\/2026\/03\/14\/baskan-ozarslan-istiklal-marsinin-kabulunun-105-yil-donumu-programina-katildi\/","title":{"rendered":"Ba\u015fkan \u00d6zarslan, \u0130stiklal Mar\u015f\u0131\u2019n\u0131n Kabul\u00fcn\u00fcn 105. Y\u0131l D\u00f6n\u00fcm\u00fc Program\u0131na Kat\u0131ld\u0131"},"content":{"rendered":"<p> <b>Ke\u00e7i\u00f6ren Belediye Ba\u015fkan\u0131 Dr. Mesut \u00d6zarslan<\/b>, \u0130stiklal Mar\u015f\u0131\u2019n\u0131n kabul\u00fcn\u00fcn 105. y\u0131l d\u00f6n\u00fcm\u00fc dolay\u0131s\u0131yla Seb\u00eel\u00fcrre\u015fad K\u00fclt\u00fcr ve Sanat Merkezi\u2019nde d\u00fczenlenen programa kat\u0131ld\u0131. Programda K\u00fclt\u00fcr ve Turizm Bakan\u0131 Mehmet Nuri Ersoy, Seb\u00eel\u00fcrre\u015fad Vakf\u0131 M\u00fctevelli Heyeti Ba\u015fkan\u0131 Fatih Bayhan ile Milli \u015eair Mehmet Akif Ersoy\u2019un torunu Selma Argon Ersoy da yer ald\u0131.<\/p>\n<p>\u0130stiklal Mar\u015f\u0131\u2019n\u0131n kabul\u00fcn\u00fcn y\u0131l d\u00f6n\u00fcm\u00fcnde ger\u00e7ekle\u015ftirilen programda, milletin ba\u011f\u0131ms\u0131zl\u0131k iradesini, vatan sevgisini ve \u00f6zg\u00fcrl\u00fck m\u00fccadelesini dizelere ta\u015f\u0131yan Milli \u015eair Mehmet Akif Ersoy rahmet ve minnetle an\u0131ld\u0131.\u00a0<b>Ba\u015fkan \u00d6zarslan<\/b>, \u201cMilletimizin ba\u011f\u0131ms\u0131zl\u0131k iradesini, vatan sevgisini ve \u00f6zg\u00fcrl\u00fck m\u00fccadelesini m\u0131sralara ta\u015f\u0131yan Milli \u015eairimiz Mehmet Akif Ersoy\u2019u rahmet ve minnetle an\u0131yoruz.\u201d mesaj\u0131 payla\u015ft\u0131.<\/p>\n<p>Seb\u00eel\u00fcrre\u015fad Vakf\u0131\u2019n\u0131n ev sahipli\u011finde d\u00fczenlenen programda, Mehmet Akif Ersoy\u2019un torunu Selma Argon Ersoy taraf\u0131ndan, \u0130stiklal Mar\u015f\u0131\u2019n\u0131n ilk yaz\u0131l\u0131 halinin bir n\u00fcshas\u0131 k\u00fclt\u00fcr ve sanat merkezine verdi\u011fi desteklerden dolay\u0131 Ke\u00e7i\u00f6ren Belediye Ba\u015fkan\u0131 Dr. Mesut \u00d6zarslan\u2019a hediye edildi. Ke\u00e7i\u00f6ren Belediye Ba\u015fkan\u0131 Dr. Mesut \u00d6zarslan da g\u00fcn\u00fcn an\u0131s\u0131na K\u00fclt\u00fcr ve Turizm Bakan\u0131 Mehmet Nuri Ersoy\u2019a T\u00fcrk bayra\u011f\u0131 takdim etti.<\/p>\n<p>\u00a0<\/p>\n<p>Kaynak: (BYZHA) Beyaz Haber Ajans\u0131<\/p>\n","protected":false},"excerpt":{"rendered":"<p>Ke\u00e7i\u00f6ren Belediye Ba\u015fkan\u0131 Dr.<\/p>\n","protected":false},"author":1,"featured_media":3232,"comment_status":"open","ping_status":"open","sticky":false,"template":"","format":"standard","meta":{"footnotes":""},"categories":[24],"tags":[],"class_list":["post-3231","post","type-post","status-publish","format-standard","has-post-thumbnail","hentry","category-kultur-sanat"],"_links":{"self":[{"href":"https:\/\/akdenizolay.com.tr\/index.php\/wp-json\/wp\/v2\/posts\/3231","targetHints":{"allow":["GET"]}}],"collection":[{"href":"https:\/\/akdenizolay.com.tr\/index.php\/wp-json\/wp\/v2\/posts"}],"about":[{"href":"https:\/\/akdenizolay.com.tr\/index.php\/wp-json\/wp\/v2\/types\/post"}],"author":[{"embeddable":true,"href":"https:\/\/akdenizolay.com.tr\/index.php\/wp-json\/wp\/v2\/users\/1"}],"replies":[{"embeddable":true,"href":"https:\/\/akdenizolay.com.tr\/index.php\/wp-json\/wp\/v2\/comments?post=3231"}],"version-history":[{"count":1,"href":"https:\/\/akdenizolay.com.tr\/index.php\/wp-json\/wp\/v2\/posts\/3231\/revisions"}],"predecessor-version":[{"id":3233,"href":"https:\/\/akdenizolay.com.tr\/index.php\/wp-json\/wp\/v2\/posts\/3231\/revisions\/3233"}],"wp:featuredmedia":[{"embeddable":true,"href":"https:\/\/akdenizolay.com.tr\/index.php\/wp-json\/wp\/v2\/media\/3232"}],"wp:attachment":[{"href":"https:\/\/akdenizolay.com.tr\/index.php\/wp-json\/wp\/v2\/media?parent=3231"}],"wp:term":[{"taxonomy":"category","embeddable":true,"href":"https:\/\/akdenizolay.com.tr\/index.php\/wp-json\/wp\/v2\/categories?post=3231"},{"taxonomy":"post_tag","embeddable":true,"href":"https:\/\/akdenizolay.com.tr\/index.php\/wp-json\/wp\/v2\/tags?post=3231"}],"curies":[{"name":"wp","href":"https:\/\/api.w.org\/{rel}","templated":true}]}}