{"id":3237,"date":"2026-03-14T01:06:46","date_gmt":"2026-03-14T01:06:46","guid":{"rendered":"https:\/\/akdenizolay.com.tr\/index.php\/2026\/03\/14\/ramazan-etkinliklerinde-erzurumlular-gecesi\/"},"modified":"2026-03-14T01:06:47","modified_gmt":"2026-03-14T01:06:47","slug":"ramazan-etkinliklerinde-erzurumlular-gecesi","status":"publish","type":"post","link":"https:\/\/akdenizolay.com.tr\/index.php\/2026\/03\/14\/ramazan-etkinliklerinde-erzurumlular-gecesi\/","title":{"rendered":"Ramazan Etkinliklerinde Erzurumlular Gecesi"},"content":{"rendered":"<p> \u00a0<\/p>\n<p><span style=\"font-size:12pt\"><span style=\"font-family:Cambria,serif\">Antalya B\u00fcy\u00fck\u015fehir Belediyesi taraf\u0131ndan d\u00fczenlenen Geleneksel Ramazan Etkinliklerinde <\/span><\/span><span style=\"font-size:12pt\"><span style=\"font-family:Cambria,serif\">Erzurumlular Gecesi ger\u00e7ekle\u015fti. Gecede y\u00f6resel halaylar \u00e7ekilerek Erzurum t\u00fcrk\u00fcleri e\u015fli\u011finde co\u015fkulu anlar ya\u015fand\u0131.<\/span><\/span><\/p>\n<p><span style=\"font-size:12pt\"><span style=\"font-family:Cambria,serif\">Antalya B\u00fcy\u00fck\u015fehir Belediyesi K\u00fclt\u00fcr, Sanat ve Sosyal \u0130\u015fler Dairesi Ba\u015fkanl\u0131\u011f\u0131 taraf\u0131ndan ger\u00e7ekle\u015ftirilen Geleneksel Ramazan Etkinlikleri, Antalyal\u0131 vatanda\u015flar\u0131 her ak\u015fam farkl\u0131 k\u00fclt\u00fcr sanat etkinlikleriyle bulu\u015fturmaya devam ediyor. Cam Piramit Fuar ve Kongre Merkezi\u2019nde ger\u00e7ekle\u015ftirilen etkinliklerde ilk olarak Jongl\u00f6r Show sahne alarak \u00e7ocuklar keyifli anlar ge\u00e7irdi. \u00a0\u00a0<\/span><\/span><\/p>\n<p><span style=\"font-size:12pt\"><span style=\"font-family:Cambria,serif\">Gecede ilk olarak Erzurum\u2019dan gelen Bar ekibi sahne ald\u0131. Davul-zurna e\u015fli\u011finde co\u015fkulu ve y\u00f6resel halk oyunlar\u0131 g\u00f6sterisi b\u00fcy\u00fck alk\u0131\u015f ald\u0131. <\/span><\/span><\/p>\n<p><span style=\"font-size:12pt\"><span style=\"font-family:Cambria,serif\">ERZURUM T\u00dcRK\u00dcLER\u0130 RENK KATTI <\/span><\/span><\/p>\n<p><span style=\"font-size:12pt\"><span style=\"font-family:Cambria,serif\">Erzurumlular Gecesi\u2019nde daha sonra da sanat\u00e7\u0131 Mustafa \u00d6zden sahne ald\u0131. \u00d6zden\u2019in, seslendirdi\u011fi t\u00fcrk\u00fcler Erzurumlular Gecesi\u2019ne renk katt\u0131. Hem\u015fehri ezgilerinin yank\u0131land\u0131\u011f\u0131 gecede vatanda\u015flar t\u00fcrk\u00fclere hep bir a\u011f\u0131zdan e\u015flik ederken halay \u00e7ektiler memleket hasretlerini giderdi. <\/span><\/span><\/p>\n<p>\u00a0<\/p>\n<p>Kaynak: (BYZHA) Beyaz Haber Ajans\u0131<\/p>\n","protected":false},"excerpt":{"rendered":"<p>\u00a0    Antalya B\u00fcy\u00fck\u015fehir Belediyesi taraf\u0131ndan d\u00fczenlenen Geleneksel Ramazan Etkinliklerinde Erzurumlular Gecesi ger\u00e7ekle\u015fti.<\/p>\n","protected":false},"author":1,"featured_media":3238,"comment_status":"open","ping_status":"open","sticky":false,"template":"","format":"standard","meta":{"footnotes":""},"categories":[24],"tags":[],"class_list":["post-3237","post","type-post","status-publish","format-standard","has-post-thumbnail","hentry","category-kultur-sanat"],"_links":{"self":[{"href":"https:\/\/akdenizolay.com.tr\/index.php\/wp-json\/wp\/v2\/posts\/3237","targetHints":{"allow":["GET"]}}],"collection":[{"href":"https:\/\/akdenizolay.com.tr\/index.php\/wp-json\/wp\/v2\/posts"}],"about":[{"href":"https:\/\/akdenizolay.com.tr\/index.php\/wp-json\/wp\/v2\/types\/post"}],"author":[{"embeddable":true,"href":"https:\/\/akdenizolay.com.tr\/index.php\/wp-json\/wp\/v2\/users\/1"}],"replies":[{"embeddable":true,"href":"https:\/\/akdenizolay.com.tr\/index.php\/wp-json\/wp\/v2\/comments?post=3237"}],"version-history":[{"count":1,"href":"https:\/\/akdenizolay.com.tr\/index.php\/wp-json\/wp\/v2\/posts\/3237\/revisions"}],"predecessor-version":[{"id":3239,"href":"https:\/\/akdenizolay.com.tr\/index.php\/wp-json\/wp\/v2\/posts\/3237\/revisions\/3239"}],"wp:featuredmedia":[{"embeddable":true,"href":"https:\/\/akdenizolay.com.tr\/index.php\/wp-json\/wp\/v2\/media\/3238"}],"wp:attachment":[{"href":"https:\/\/akdenizolay.com.tr\/index.php\/wp-json\/wp\/v2\/media?parent=3237"}],"wp:term":[{"taxonomy":"category","embeddable":true,"href":"https:\/\/akdenizolay.com.tr\/index.php\/wp-json\/wp\/v2\/categories?post=3237"},{"taxonomy":"post_tag","embeddable":true,"href":"https:\/\/akdenizolay.com.tr\/index.php\/wp-json\/wp\/v2\/tags?post=3237"}],"curies":[{"name":"wp","href":"https:\/\/api.w.org\/{rel}","templated":true}]}}