{"id":3243,"date":"2026-03-14T01:06:49","date_gmt":"2026-03-14T01:06:49","guid":{"rendered":"https:\/\/akdenizolay.com.tr\/index.php\/2026\/03\/14\/minik-kitapseverlere-ozel-soylesi-ve-imza-gunu\/"},"modified":"2026-03-14T01:06:50","modified_gmt":"2026-03-14T01:06:50","slug":"minik-kitapseverlere-ozel-soylesi-ve-imza-gunu","status":"publish","type":"post","link":"https:\/\/akdenizolay.com.tr\/index.php\/2026\/03\/14\/minik-kitapseverlere-ozel-soylesi-ve-imza-gunu\/","title":{"rendered":"Minik Kitapseverlere \u00d6zel S\u00f6yle\u015fi ve \u0130mza G\u00fcn\u00fc"},"content":{"rendered":"<p> Kartepe Belediyesi\u2019nin gelenekselle\u015fen Ramazan ay\u0131 etkinlikleri, kentin k\u00fclt\u00fcrel dokusuna dokunmaya devam ediyor. Kent Meydan\u0131\u2019nda kurulan ota\u011f \u00e7ad\u0131r\u0131nda minik kitapseverler i\u00e7in anlaml\u0131 bir bulu\u015fmaya ev sahipli\u011fi yapt\u0131.<\/p>\n<p><strong>\u00c7ocuklar \u0130\u00e7in Edebiyat Bulu\u015fmas\u0131<\/strong><\/p>\n<p>Kartepe Kent Meydan\u0131\u2019n\u0131n merkezinde yer alan ve Ramazan boyunca vatanda\u015flar\u0131n u\u011frak noktas\u0131 haline gelen ota\u011f \u00e7ad\u0131r\u0131, bu kez kap\u0131lar\u0131n\u0131 Kartepeli \u00e7ocuklar i\u00e7in a\u00e7t\u0131. S\u0131cak ve samimi bir atmosferde ger\u00e7ekle\u015fen etkinlikte, yazar Nurlan Nazl\u0131 Kaya minik okurlar\u0131yla bir araya gelerek onlara kitaplar\u0131n b\u00fcy\u00fcl\u00fc d\u00fcnyas\u0131n\u0131 anlatt\u0131.<\/p>\n<p><strong>Hem E\u011flenceli Sohbet Hem \u0130mza G\u00fcn\u00fc<\/strong><\/p>\n<p>\u00c7ocuklarla ger\u00e7ekle\u015ftirilen s\u00f6yle\u015fi, olduk\u00e7a renkli anlara sahne oldu. Kitap okuma al\u0131\u015fkanl\u0131\u011f\u0131ndan hayal kurman\u0131n \u00f6nemine kadar pek \u00e7ok konuda \u00e7ocuklarla sohbet eden Yazar Kaya, miniklerin merak dolu sorular\u0131n\u0131 b\u00fcy\u00fck bir i\u00e7tenlikle yan\u0131tlad\u0131. S\u00f6yle\u015finin ard\u0131ndan kitaplar\u0131n\u0131 imzalatmak isteyen Kartepeli \u00e7ocuklar, yazarla hat\u0131ra foto\u011fraf\u0131 \u00e7ektirmek i\u00e7in s\u0131raya girdi.<\/p>\n<p>\u00a0<\/p>\n<p>Kaynak: (BYZHA) Beyaz Haber Ajans\u0131<\/p>\n","protected":false},"excerpt":{"rendered":"<p>Kartepe Belediyesi\u2019nin gelenekselle\u015fen Ramazan ay\u0131 etkinlikleri, kentin k\u00fclt\u00fcrel dokusuna dokunmaya devam ediyor.<\/p>\n","protected":false},"author":1,"featured_media":3244,"comment_status":"open","ping_status":"open","sticky":false,"template":"","format":"standard","meta":{"footnotes":""},"categories":[24],"tags":[],"class_list":["post-3243","post","type-post","status-publish","format-standard","has-post-thumbnail","hentry","category-kultur-sanat"],"_links":{"self":[{"href":"https:\/\/akdenizolay.com.tr\/index.php\/wp-json\/wp\/v2\/posts\/3243","targetHints":{"allow":["GET"]}}],"collection":[{"href":"https:\/\/akdenizolay.com.tr\/index.php\/wp-json\/wp\/v2\/posts"}],"about":[{"href":"https:\/\/akdenizolay.com.tr\/index.php\/wp-json\/wp\/v2\/types\/post"}],"author":[{"embeddable":true,"href":"https:\/\/akdenizolay.com.tr\/index.php\/wp-json\/wp\/v2\/users\/1"}],"replies":[{"embeddable":true,"href":"https:\/\/akdenizolay.com.tr\/index.php\/wp-json\/wp\/v2\/comments?post=3243"}],"version-history":[{"count":1,"href":"https:\/\/akdenizolay.com.tr\/index.php\/wp-json\/wp\/v2\/posts\/3243\/revisions"}],"predecessor-version":[{"id":3245,"href":"https:\/\/akdenizolay.com.tr\/index.php\/wp-json\/wp\/v2\/posts\/3243\/revisions\/3245"}],"wp:featuredmedia":[{"embeddable":true,"href":"https:\/\/akdenizolay.com.tr\/index.php\/wp-json\/wp\/v2\/media\/3244"}],"wp:attachment":[{"href":"https:\/\/akdenizolay.com.tr\/index.php\/wp-json\/wp\/v2\/media?parent=3243"}],"wp:term":[{"taxonomy":"category","embeddable":true,"href":"https:\/\/akdenizolay.com.tr\/index.php\/wp-json\/wp\/v2\/categories?post=3243"},{"taxonomy":"post_tag","embeddable":true,"href":"https:\/\/akdenizolay.com.tr\/index.php\/wp-json\/wp\/v2\/tags?post=3243"}],"curies":[{"name":"wp","href":"https:\/\/api.w.org\/{rel}","templated":true}]}}