{"id":3252,"date":"2026-03-14T01:06:53","date_gmt":"2026-03-14T01:06:53","guid":{"rendered":"https:\/\/akdenizolay.com.tr\/index.php\/2026\/03\/14\/mutlak-siyah-adnan-coker-resim-sergisi\/"},"modified":"2026-03-14T01:06:54","modified_gmt":"2026-03-14T01:06:54","slug":"mutlak-siyah-adnan-coker-resim-sergisi","status":"publish","type":"post","link":"https:\/\/akdenizolay.com.tr\/index.php\/2026\/03\/14\/mutlak-siyah-adnan-coker-resim-sergisi\/","title":{"rendered":"Mutlak Siyah: Adnan \u00c7oker Resim Sergisi"},"content":{"rendered":"<p> <b>Soyut resmin T\u00fcrkiye&#8217;deki \u00f6nemli temsilcilerinden ressam ve akademisyen Adnan \u00c7oker\u2019in eserlerinden olu\u015fan \u201cMutlak Siyah\u201d resim sergisi\u00a017 Mart\u2019ta \u00c7ankaya Belediyesi Do\u011fan Ta\u015fdelen \u00c7a\u011fda\u015f Sanatlar Merkezi\u2019nde sanatseverlerle bulu\u015facak.<\/b><\/p>\n<p>Cumhuriyet d\u00f6nemi T\u00fcrk resim sanat\u0131n\u0131n \u00f6nemli temsilcilerinden Adnan \u00c7oker\u2019in eserleri, 17 Mart\u2019ta sanatseverlerle bulu\u015facak.\u00a0 Geometrik soyutlama, mekan alg\u0131s\u0131 ve renk-bi\u00e7im ili\u015fkisine dayal\u0131 \u00f6zg\u00fcn eserlerden olu\u015fan \u201cMutlak Siyah\u201d sergisi, Do\u011fan Ta\u015fdelen \u00c7a\u011fda\u015f Sanatlar Merkezi\u2019nde g\u00f6r\u00fclebilecek.<\/p>\n<p>\u201cMutlak Siyah\u201d ba\u015fl\u0131\u011f\u0131n\u0131 ta\u015f\u0131yan sergi; Adnan \u00c7oker\u2019in farkl\u0131 d\u00f6nemlerine ait eserlerini bir araya getirerek sanat\u00e7\u0131n\u0131n d\u00fc\u015f\u00fcnsel ve estetik aray\u0131\u015flar\u0131n\u0131 izleyiciyle bulu\u015fturuyor. Geometrik d\u00fczen, mekansal derinlik ve siyah\u0131n mutlakl\u0131\u011f\u0131 \u00fczerinden \u015fekillenen eserler, sanat\u00e7\u0131n\u0131n \u00e7a\u011fda\u015f T\u00fcrk resmindeki \u00f6nc\u00fc konumunu g\u00f6r\u00fcn\u00fcr k\u0131lan kapsaml\u0131 bir se\u00e7ki sunuyor.<\/p>\n<p>\u00c7ankaya Belediyesi Do\u011fan Ta\u015fdelen \u00c7a\u011fda\u015f Sanatlar Merkezi\u2019nde 17 Mart 2026 saat 19.00 itibariyle sanatseverlerin ilgisine sunulacak sergi, 26 Nisan&#8217;a kadar g\u00f6r\u00fclebilecek.\u00a0<\/p>\n<p>\u00a0<\/p>\n<p>Kaynak: (BYZHA) Beyaz Haber Ajans\u0131<\/p>\n","protected":false},"excerpt":{"rendered":"<p>Soyut resmin T\u00fcrkiye&#8217;deki \u00f6nemli temsilcilerinden ressam ve akademisyen Adnan \u00c7oker\u2019in eserlerinden olu\u015fan \u201cMutlak Siyah\u201d resim sergisi\u00a017 Mart\u2019ta \u00c7ankaya Belediyesi Do\u011fan Ta\u015fdelen \u00c7a\u011fda\u015f Sanatlar Merkezi\u2019nde sanatseverlerle bulu\u015facak.<\/p>\n","protected":false},"author":1,"featured_media":3253,"comment_status":"open","ping_status":"open","sticky":false,"template":"","format":"standard","meta":{"footnotes":""},"categories":[24],"tags":[],"class_list":["post-3252","post","type-post","status-publish","format-standard","has-post-thumbnail","hentry","category-kultur-sanat"],"_links":{"self":[{"href":"https:\/\/akdenizolay.com.tr\/index.php\/wp-json\/wp\/v2\/posts\/3252","targetHints":{"allow":["GET"]}}],"collection":[{"href":"https:\/\/akdenizolay.com.tr\/index.php\/wp-json\/wp\/v2\/posts"}],"about":[{"href":"https:\/\/akdenizolay.com.tr\/index.php\/wp-json\/wp\/v2\/types\/post"}],"author":[{"embeddable":true,"href":"https:\/\/akdenizolay.com.tr\/index.php\/wp-json\/wp\/v2\/users\/1"}],"replies":[{"embeddable":true,"href":"https:\/\/akdenizolay.com.tr\/index.php\/wp-json\/wp\/v2\/comments?post=3252"}],"version-history":[{"count":1,"href":"https:\/\/akdenizolay.com.tr\/index.php\/wp-json\/wp\/v2\/posts\/3252\/revisions"}],"predecessor-version":[{"id":3254,"href":"https:\/\/akdenizolay.com.tr\/index.php\/wp-json\/wp\/v2\/posts\/3252\/revisions\/3254"}],"wp:featuredmedia":[{"embeddable":true,"href":"https:\/\/akdenizolay.com.tr\/index.php\/wp-json\/wp\/v2\/media\/3253"}],"wp:attachment":[{"href":"https:\/\/akdenizolay.com.tr\/index.php\/wp-json\/wp\/v2\/media?parent=3252"}],"wp:term":[{"taxonomy":"category","embeddable":true,"href":"https:\/\/akdenizolay.com.tr\/index.php\/wp-json\/wp\/v2\/categories?post=3252"},{"taxonomy":"post_tag","embeddable":true,"href":"https:\/\/akdenizolay.com.tr\/index.php\/wp-json\/wp\/v2\/tags?post=3252"}],"curies":[{"name":"wp","href":"https:\/\/api.w.org\/{rel}","templated":true}]}}