{"id":3285,"date":"2026-03-14T01:07:09","date_gmt":"2026-03-14T01:07:09","guid":{"rendered":"https:\/\/akdenizolay.com.tr\/index.php\/2026\/03\/14\/orman-haftasinda-minik-eller-fidanlari-toprakla-bulusturdu\/"},"modified":"2026-03-14T01:07:10","modified_gmt":"2026-03-14T01:07:10","slug":"orman-haftasinda-minik-eller-fidanlari-toprakla-bulusturdu","status":"publish","type":"post","link":"https:\/\/akdenizolay.com.tr\/index.php\/2026\/03\/14\/orman-haftasinda-minik-eller-fidanlari-toprakla-bulusturdu\/","title":{"rendered":"Orman Haftas\u0131\u2019nda Minik Eller Fidanlar\u0131 Toprakla Bulu\u015fturdu"},"content":{"rendered":"\n<p style=\"text-align:justify;text-indent:35.4pt\"><span style=\"font-size:12pt\"><span style=\"line-height:115%\"><span style=\",serif\"><span style=\",sans-serif\">Orman Haftas\u0131 kapsam\u0131nda d\u00fczenlenen etkinlikte \u00e7ocuklar do\u011fayla bulu\u015ftu. Malkara Belediyesi taraf\u0131ndan ger\u00e7ekle\u015ftirilen programda, \u00e7ocuklar Sinanpa\u015fa A\u011fa\u00e7land\u0131rma Alan\u0131\u2019nda fidan dikerek do\u011faya katk\u0131 sa\u011flad\u0131.<\/span><\/span><\/span><\/span><\/p>\n<p style=\"text-align:justify;text-indent:35.4pt\"><span style=\"font-size:12pt\"><span style=\"line-height:115%\"><span style=\",serif\"><span style=\",sans-serif\">Etkinlikte \u00e7ocuklar kendi fidanlar\u0131n\u0131 toprakla bulu\u015fturman\u0131n heyecan\u0131n\u0131 ya\u015farken, \u00e7evre bilincinin k\u00fc\u00e7\u00fck ya\u015flarda kazan\u0131lmas\u0131 hedeflendi. Renkli g\u00f6r\u00fcnt\u00fclere sahne olan programda \u00f6\u011frenciler hem do\u011fay\u0131 tan\u0131d\u0131 hem de gelece\u011fe kal\u0131c\u0131 bir miras b\u0131rakman\u0131n mutlulu\u011funu ya\u015fad\u0131.<\/span><\/span><\/span><\/span><\/p>\n<p style=\"text-align:justify;text-indent:35.4pt\"><span style=\"font-size:12pt\"><span style=\"line-height:115%\"><span style=\",serif\"><span style=\",sans-serif\">Etkinlikte konu\u015fan Belediye Ba\u015fkan\u0131 Nergiz Karaa\u011fa\u00e7l\u0131 \u00d6zt\u00fcrk, do\u011fay\u0131 koruman\u0131n ve ye\u015fil alanlar\u0131 art\u0131rman\u0131n herkesin sorumlulu\u011fu oldu\u011funu vurgulay\u0131p, \u00e7ocuklar\u0131n bu t\u00fcr etkinliklerle do\u011fayla ba\u011f kurmas\u0131n\u0131n \u00f6nemine dikkat \u00e7ekerek \u015funlar\u0131 s\u00f6yledi:<\/span><\/span><\/span><\/span><\/p>\n<p style=\"text-align:justify;text-indent:35.4pt\"><span style=\"font-size:12pt\"><span style=\"line-height:115%\"><span style=\",serif\"><span style=\",sans-serif\">\u201c\u00c7ocuklar\u0131m\u0131zla birlikte gelece\u011fe nefes olacak fidanlar\u0131 toprakla bulu\u015fturman\u0131n mutlulu\u011funu ya\u015f\u0131yoruz. Bug\u00fcn burada k\u00fc\u00e7\u00fck ellerin dikti\u011fi her fidan, yar\u0131n\u0131n g\u00fc\u00e7l\u00fc ormanlar\u0131n\u0131n temeli olacak. Amac\u0131m\u0131z, \u00e7ocuklar\u0131m\u0131z\u0131n do\u011fay\u0131 seven, \u00e7evreye duyarl\u0131 bireyler olarak yeti\u015fmesini sa\u011flamak. Daha ye\u015fil, daha temiz ve ya\u015fanabilir bir gelecek i\u00e7in \u00e7al\u0131\u015fmalar\u0131m\u0131za devam edece\u011fiz.\u201d<\/span><\/span><\/span><\/span><\/p>\n<p style=\"text-align:justify;text-indent:35.4pt\"><span style=\"font-size:12pt\"><span style=\"line-height:115%\"><span style=\",serif\"><span style=\",sans-serif\">Etkinlik sonunda \u00e7ocuklar diktikleri fidanlara can suyu verirken, hat\u0131ra foto\u011fraflar\u0131 \u00e7ekildi. <\/span><\/span><\/span><\/span><\/p>\n<p style=\"text-align:justify;text-indent:35.4pt\"><span style=\"font-size:12pt\"><span style=\"line-height:115%\"><span style=\",serif\"><span style=\",sans-serif\">Program, hem do\u011faya katk\u0131 sa\u011flayan hem de \u00e7ocuklarda \u00e7evre bilinci olu\u015fturan anlaml\u0131 bir etkinlik olarak haf\u0131zalarda yer ald\u0131.<\/span><\/span><\/span><\/span><\/p>\n<p style=\"text-align:justify;text-indent:35.4pt\">\u00a0<\/p>\n<p style=\"text-align:justify;text-indent:35.4pt\">\u00a0<\/p>\n<p>Kaynak: (BYZHA) Beyaz Haber Ajans\u0131<\/p>\n","protected":false},"excerpt":{"rendered":"<p>Orman Haftas\u0131 kapsam\u0131nda d\u00fczenlenen etkinlikte \u00e7ocuklar do\u011fayla bulu\u015ftu.<\/p>\n","protected":false},"author":1,"featured_media":3286,"comment_status":"open","ping_status":"open","sticky":false,"template":"","format":"standard","meta":{"footnotes":""},"categories":[24],"tags":[],"class_list":["post-3285","post","type-post","status-publish","format-standard","has-post-thumbnail","hentry","category-kultur-sanat"],"_links":{"self":[{"href":"https:\/\/akdenizolay.com.tr\/index.php\/wp-json\/wp\/v2\/posts\/3285","targetHints":{"allow":["GET"]}}],"collection":[{"href":"https:\/\/akdenizolay.com.tr\/index.php\/wp-json\/wp\/v2\/posts"}],"about":[{"href":"https:\/\/akdenizolay.com.tr\/index.php\/wp-json\/wp\/v2\/types\/post"}],"author":[{"embeddable":true,"href":"https:\/\/akdenizolay.com.tr\/index.php\/wp-json\/wp\/v2\/users\/1"}],"replies":[{"embeddable":true,"href":"https:\/\/akdenizolay.com.tr\/index.php\/wp-json\/wp\/v2\/comments?post=3285"}],"version-history":[{"count":1,"href":"https:\/\/akdenizolay.com.tr\/index.php\/wp-json\/wp\/v2\/posts\/3285\/revisions"}],"predecessor-version":[{"id":3287,"href":"https:\/\/akdenizolay.com.tr\/index.php\/wp-json\/wp\/v2\/posts\/3285\/revisions\/3287"}],"wp:featuredmedia":[{"embeddable":true,"href":"https:\/\/akdenizolay.com.tr\/index.php\/wp-json\/wp\/v2\/media\/3286"}],"wp:attachment":[{"href":"https:\/\/akdenizolay.com.tr\/index.php\/wp-json\/wp\/v2\/media?parent=3285"}],"wp:term":[{"taxonomy":"category","embeddable":true,"href":"https:\/\/akdenizolay.com.tr\/index.php\/wp-json\/wp\/v2\/categories?post=3285"},{"taxonomy":"post_tag","embeddable":true,"href":"https:\/\/akdenizolay.com.tr\/index.php\/wp-json\/wp\/v2\/tags?post=3285"}],"curies":[{"name":"wp","href":"https:\/\/api.w.org\/{rel}","templated":true}]}}