{"id":3288,"date":"2026-03-14T01:07:11","date_gmt":"2026-03-14T01:07:11","guid":{"rendered":"https:\/\/akdenizolay.com.tr\/index.php\/2026\/03\/14\/baksm-32-ifsak-kisa-film-festivaline-ev-sahipligi-yapiyor\/"},"modified":"2026-03-14T01:07:11","modified_gmt":"2026-03-14T01:07:11","slug":"baksm-32-ifsak-kisa-film-festivaline-ev-sahipligi-yapiyor","status":"publish","type":"post","link":"https:\/\/akdenizolay.com.tr\/index.php\/2026\/03\/14\/baksm-32-ifsak-kisa-film-festivaline-ev-sahipligi-yapiyor\/","title":{"rendered":"BAKSM 32. \u0130FSAK K\u0131sa Film Festivali\u2019ne Ev Sahipli\u011fi Yap\u0131yor"},"content":{"rendered":"<p> <span style=\"font-size:12pt\"><span style=\",serif\"><b><span style=\"font-size:14.0pt\">Beylikd\u00fcz\u00fc Belediyesi, T\u00fcrkiye\u2019nin k\u00f6kl\u00fc sinema etkinliklerinden biri olan ve bu y\u0131l 32\u2019ncisi d\u00fczenlenen \u0130FSAK K\u0131sa Film Festivali\u2019ne ilk kez ev sahipli\u011fi yap\u0131yor. 9-15 Mart tarihleri aras\u0131nda ger\u00e7ekle\u015fecek festivalin bir aya\u011f\u0131 olan Beylikd\u00fcz\u00fc Atat\u00fcrk K\u00fclt\u00fcr ve Sanat Merkezi\u2019nde 12-15 Mart tarihleri aras\u0131nda k\u0131sa filmler \u00fccretsiz olarak izleyicisiyle bulu\u015facak. <\/span><\/b><\/span><\/span><\/p>\n<p><span style=\"font-size:12pt\"><span style=\",serif\">\u0130stanbul Foto\u011fraf ve Sinema Amat\u00f6rleri Derne\u011fi (\u0130FSAK) taraf\u0131ndan 9\u201315 Mart tarihleri aras\u0131nda d\u00fczenlenen ve k\u0131sa film d\u00fcnyas\u0131n\u0131n nitelikli yap\u0131mlar\u0131n\u0131 bir araya getiren 32. \u0130FSAK K\u0131sa Film Festivali\u2019nin bu y\u0131lki ev sahiplerinden biri Beylikd\u00fcz\u00fc Belediyesi oldu. Festival kapsam\u0131nda d\u00fczenlenen 46. \u0130FSAK Ulusal K\u0131sa Film ve Belgesel Yar\u0131\u015fmas\u0131\u2019nda d\u00f6rt ayr\u0131 kategoride finalist olan 36 k\u0131sa film, 12\u201315 Mart tarihleri aras\u0131nda Beylikd\u00fcz\u00fc Atat\u00fcrk K\u00fclt\u00fcr Merkezi (BAKSM) Ay\u015fen Gruda Sinema Salonu\u2019nda \u00fccretsiz olarak izleyiciyle bulu\u015facak.<\/span><\/span><\/p>\n<p><span style=\"font-size:12pt\"><span style=\",serif\"><b>Biletler belediyenin internet sitesinde <\/b><\/span><\/span><\/p>\n<p><span style=\"font-size:12pt\"><span style=\",serif\">BAKSM\u2019de ger\u00e7ekle\u015fecek g\u00f6sterimlerde k\u0131sa filmler sinemaseverlerle bulu\u015furken, izleyiciler k\u0131sa filmin yarat\u0131c\u0131 ve \u00f6zg\u00fcn d\u00fcnyas\u0131n\u0131 yak\u0131ndan ke\u015ffetme f\u0131rsat\u0131 bulacak. Festival program\u0131 kapsam\u0131nda yer alan se\u00e7kiler, farkl\u0131 t\u00fcr ve anlat\u0131m bi\u00e7imlerini bir araya getirerek izleyicilere zengin bir sinema deneyimi sunacak. Sinemaseverler Beylikd\u00fcz\u00fc Belediyesi\u2019nin resmi internet sitesi olan www.beylikduzu.istanbul \u00fczerinden biletlere ve programla ilgili detayl\u0131 bilgiye ula\u015fabilir.\u00a0 <\/span><\/span><\/p>\n<p>\u00a0<\/p>\n<p>\u00a0<\/p>\n<p>Kaynak: (BYZHA) Beyaz Haber Ajans\u0131<\/p>\n","protected":false},"excerpt":{"rendered":"<p>Beylikd\u00fcz\u00fc Belediyesi, T\u00fcrkiye\u2019nin k\u00f6kl\u00fc sinema etkinliklerinden biri olan ve bu y\u0131l 32\u2019ncisi d\u00fczenlenen \u0130FSAK K\u0131sa Film Festivali\u2019ne ilk kez ev sahipli\u011fi yap\u0131yor.<\/p>\n","protected":false},"author":1,"featured_media":3289,"comment_status":"open","ping_status":"open","sticky":false,"template":"","format":"standard","meta":{"footnotes":""},"categories":[24],"tags":[],"class_list":["post-3288","post","type-post","status-publish","format-standard","has-post-thumbnail","hentry","category-kultur-sanat"],"_links":{"self":[{"href":"https:\/\/akdenizolay.com.tr\/index.php\/wp-json\/wp\/v2\/posts\/3288","targetHints":{"allow":["GET"]}}],"collection":[{"href":"https:\/\/akdenizolay.com.tr\/index.php\/wp-json\/wp\/v2\/posts"}],"about":[{"href":"https:\/\/akdenizolay.com.tr\/index.php\/wp-json\/wp\/v2\/types\/post"}],"author":[{"embeddable":true,"href":"https:\/\/akdenizolay.com.tr\/index.php\/wp-json\/wp\/v2\/users\/1"}],"replies":[{"embeddable":true,"href":"https:\/\/akdenizolay.com.tr\/index.php\/wp-json\/wp\/v2\/comments?post=3288"}],"version-history":[{"count":1,"href":"https:\/\/akdenizolay.com.tr\/index.php\/wp-json\/wp\/v2\/posts\/3288\/revisions"}],"predecessor-version":[{"id":3290,"href":"https:\/\/akdenizolay.com.tr\/index.php\/wp-json\/wp\/v2\/posts\/3288\/revisions\/3290"}],"wp:featuredmedia":[{"embeddable":true,"href":"https:\/\/akdenizolay.com.tr\/index.php\/wp-json\/wp\/v2\/media\/3289"}],"wp:attachment":[{"href":"https:\/\/akdenizolay.com.tr\/index.php\/wp-json\/wp\/v2\/media?parent=3288"}],"wp:term":[{"taxonomy":"category","embeddable":true,"href":"https:\/\/akdenizolay.com.tr\/index.php\/wp-json\/wp\/v2\/categories?post=3288"},{"taxonomy":"post_tag","embeddable":true,"href":"https:\/\/akdenizolay.com.tr\/index.php\/wp-json\/wp\/v2\/tags?post=3288"}],"curies":[{"name":"wp","href":"https:\/\/api.w.org\/{rel}","templated":true}]}}