{"id":3297,"date":"2026-03-14T01:07:15","date_gmt":"2026-03-14T01:07:15","guid":{"rendered":"https:\/\/akdenizolay.com.tr\/index.php\/2026\/03\/14\/barisin-kadinlari-resim-sergisi-izmirde-ziyarete-acildi\/"},"modified":"2026-03-14T01:07:15","modified_gmt":"2026-03-14T01:07:15","slug":"barisin-kadinlari-resim-sergisi-izmirde-ziyarete-acildi","status":"publish","type":"post","link":"https:\/\/akdenizolay.com.tr\/index.php\/2026\/03\/14\/barisin-kadinlari-resim-sergisi-izmirde-ziyarete-acildi\/","title":{"rendered":"Bar\u0131\u015f\u0131n Kad\u0131nlar\u0131 Resim Sergisi \u0130zmir\u2019de Ziyarete A\u00e7\u0131ld\u0131"},"content":{"rendered":"<p> \u0130zmir\u2019de sanat\u00e7\u0131 Haydar Ekinek\u2019in eserlerinden olu\u015fan \u201cBar\u0131\u015f\u0131n Kad\u0131nlar\u0131 Resim Sergisi\u201d, \u0130zmir Ticaret Odas\u0131 Sergi Salonu\u2019nda ziyarete a\u00e7\u0131ld\u0131. 8 Mart D\u00fcnya Kad\u0131nlar G\u00fcn\u00fc ele al\u0131nan sergi, \u0130zmir Ticaret Odas\u0131 Sergi Salonu\u2019nda 31 Mart\u2019a kadar ziyaret edilebilecek. Sergide yer alan eserler sanatseverleri kad\u0131nlar\u0131n haf\u0131zas\u0131, direnci ve bar\u0131\u015f aray\u0131\u015f\u0131 \u00fczerine d\u00fc\u015f\u00fcnmeye davet ediyor.<\/p>\n<p>KADIN HAFIZASI VE DAYANI\u015eMA VURGUSU<br \/>K\u00fcrat\u00f6rl\u00fc\u011f\u00fcn\u00fc Derya Manav\u2019\u0131n \u00fcstlendi\u011fi sergi, kad\u0131nlar\u0131n toplumsal haf\u0131zadaki yerini ve yeniden kurma g\u00fcc\u00fcn\u00fc sanat diliyle g\u00f6r\u00fcn\u00fcr k\u0131l\u0131yor. Kad\u0131n portreleriyle tan\u0131nan sanat\u00e7\u0131 Haydar Ekinek\u2019in eserleri, kad\u0131n haklar\u0131 ve e\u015fitlik m\u00fccadelesini g\u00fc\u00e7l\u00fc bir ifade diliyle ele al\u0131yor.<br \/>Sanat\u00e7\u0131n\u0131n \u00e7al\u0131\u015fmalar\u0131, kad\u0131nlar\u0131n ge\u00e7mi\u015ften bug\u00fcne ta\u015f\u0131d\u0131\u011f\u0131 deneyimleri estetik bir anlat\u0131 i\u00e7inde yorumlarken, bar\u0131\u015f kavram\u0131n\u0131 yaln\u0131zca bir ideal de\u011fil, birlikte kurulan bir ya\u015fam bi\u00e7imi olarak yeniden d\u00fc\u015f\u00fcnmeye \u00e7a\u011f\u0131r\u0131yor. Sergide kad\u0131nlar\u0131n sesi, haf\u0131zas\u0131 ve varolu\u015fu merkezde yer al\u0131yor.<\/p>\n<p>G\u00dcVERC\u0130N \u0130MGES\u0130NE YEN\u0130 YORUM<br \/>Sergide dikkat \u00e7eken unsurlardan biri de g\u00fcvercin imgesi. Bar\u0131\u015f\u0131n evrensel simgesi olan g\u00fcvercin, bu sergide kad\u0131n fig\u00fcr\u00fcyle birlikte yeniden yorumlan\u0131yor. \u00d6zellikle \u0130zmir\u2019e ithaf edilen g\u00fcvercinler, kad\u0131nlar\u0131n \u00f6zg\u00fcrl\u00fck ve e\u015fitlik m\u00fccadelesine g\u00fc\u00e7l\u00fc bir g\u00f6rsel g\u00f6nderme niteli\u011fi ta\u015f\u0131yor.<\/p>\n<p>A\u00c7ILI\u015eA YO\u011eUN KATILIM<br \/>9 Mart\u2019ta ger\u00e7ekle\u015ftirilen sergi a\u00e7\u0131l\u0131\u015f\u0131na AK Parti \u0130zmir Milletvekili Ceyda B\u00f6l\u00fcnmez \u00c7ank\u0131r\u0131, Bornova Belediye Ba\u015fkan\u0131 \u00d6mer Ek\u015fi, \u0130zmir Ticaret Odas\u0131 Y\u00f6netim Kurulu Ba\u015fkan\u0131 Mahmut \u00d6zgener, i\u015f insan\u0131 Leyla Alaton, gazeteci \u0130smail K\u00fc\u00e7\u00fckkaya ile sanat \u00e7evrelerinden \u00e7ok say\u0131da isim ve \u0130zmirli sanatsever kat\u0131ld\u0131.<br \/>\u201cBar\u0131\u015f\u0131n Kad\u0131nlar\u0131 Resim Sergisi\u201d, sanat\u0131n bar\u0131\u015f ve e\u015fitlik \u00e7a\u011fr\u0131s\u0131n\u0131 kad\u0131nlar\u0131n hik\u00e2yeleri \u00fczerinden anlatan g\u00fc\u00e7l\u00fc bir sergi olarak ay sonuna kadar ziyaret\u00e7ilerini bekliyor.<\/p>\n<p>Kaynak: (BYZHA) Beyaz Haber Ajans\u0131<\/p>\n","protected":false},"excerpt":{"rendered":"<p>\u0130zmir\u2019de sanat\u00e7\u0131 Haydar Ekinek\u2019in eserlerinden olu\u015fan \u201cBar\u0131\u015f\u0131n Kad\u0131nlar\u0131 Resim Sergisi\u201d, \u0130zmir Ticaret Odas\u0131 Sergi Salonu\u2019nda ziyarete a\u00e7\u0131ld\u0131.<\/p>\n","protected":false},"author":1,"featured_media":3298,"comment_status":"open","ping_status":"open","sticky":false,"template":"","format":"standard","meta":{"footnotes":""},"categories":[24],"tags":[],"class_list":["post-3297","post","type-post","status-publish","format-standard","has-post-thumbnail","hentry","category-kultur-sanat"],"_links":{"self":[{"href":"https:\/\/akdenizolay.com.tr\/index.php\/wp-json\/wp\/v2\/posts\/3297","targetHints":{"allow":["GET"]}}],"collection":[{"href":"https:\/\/akdenizolay.com.tr\/index.php\/wp-json\/wp\/v2\/posts"}],"about":[{"href":"https:\/\/akdenizolay.com.tr\/index.php\/wp-json\/wp\/v2\/types\/post"}],"author":[{"embeddable":true,"href":"https:\/\/akdenizolay.com.tr\/index.php\/wp-json\/wp\/v2\/users\/1"}],"replies":[{"embeddable":true,"href":"https:\/\/akdenizolay.com.tr\/index.php\/wp-json\/wp\/v2\/comments?post=3297"}],"version-history":[{"count":1,"href":"https:\/\/akdenizolay.com.tr\/index.php\/wp-json\/wp\/v2\/posts\/3297\/revisions"}],"predecessor-version":[{"id":3299,"href":"https:\/\/akdenizolay.com.tr\/index.php\/wp-json\/wp\/v2\/posts\/3297\/revisions\/3299"}],"wp:featuredmedia":[{"embeddable":true,"href":"https:\/\/akdenizolay.com.tr\/index.php\/wp-json\/wp\/v2\/media\/3298"}],"wp:attachment":[{"href":"https:\/\/akdenizolay.com.tr\/index.php\/wp-json\/wp\/v2\/media?parent=3297"}],"wp:term":[{"taxonomy":"category","embeddable":true,"href":"https:\/\/akdenizolay.com.tr\/index.php\/wp-json\/wp\/v2\/categories?post=3297"},{"taxonomy":"post_tag","embeddable":true,"href":"https:\/\/akdenizolay.com.tr\/index.php\/wp-json\/wp\/v2\/tags?post=3297"}],"curies":[{"name":"wp","href":"https:\/\/api.w.org\/{rel}","templated":true}]}}