{"id":3300,"date":"2026-03-14T01:07:16","date_gmt":"2026-03-14T01:07:16","guid":{"rendered":"https:\/\/akdenizolay.com.tr\/index.php\/2026\/03\/14\/ibb-sehir-tiyatrolari-ve-azerbaycan-devlet-akademik-milli-dram-tiyatrosu-arasindaki-is-birligi-gucleniyor\/"},"modified":"2026-03-14T01:07:17","modified_gmt":"2026-03-14T01:07:17","slug":"ibb-sehir-tiyatrolari-ve-azerbaycan-devlet-akademik-milli-dram-tiyatrosu-arasindaki-is-birligi-gucleniyor","status":"publish","type":"post","link":"https:\/\/akdenizolay.com.tr\/index.php\/2026\/03\/14\/ibb-sehir-tiyatrolari-ve-azerbaycan-devlet-akademik-milli-dram-tiyatrosu-arasindaki-is-birligi-gucleniyor\/","title":{"rendered":"\u0130BB \u015eehir Tiyatrolar\u0131 ve Azerbaycan Devlet Akademik Milli Dram Tiyatrosu Aras\u0131ndaki \u0130\u015f Birli\u011fi G\u00fc\u00e7leniyor"},"content":{"rendered":"<p> \u0130stanbul\u2019da ba\u015flat\u0131lan \u0130stanbul B\u00fcy\u00fck\u015fehir Belediyesi \u015eehir Tiyatrolar\u0131 ile Azerbaycan Devlet Akademik Milli Dram Tiyatrosu aras\u0131ndaki sanatsal i\u015f birli\u011finin yeni ad\u0131m\u0131 Bak\u00fc\u2019de at\u0131ld\u0131. \u0130BB \u015eehir Tiyatrolar\u0131 heyeti Azerbaycan\u2019da d\u00fczenlenen Milli Tiyatro G\u00fcn\u00fc kutlamalar\u0131na kat\u0131ld\u0131.<\/p>\n<p>10 Mart\u2019ta Azerbaycan\u2019da kutlanan Milli Tiyatro G\u00fcn\u00fc\u2019nde ger\u00e7ekle\u015ftirilen programda, T\u00fcrk dili konu\u015fan \u00fclkelerin tiyatro temsilcileri bir araya geldi. T\u00fcrkiye\u2019yi temsilen programa kat\u0131lan \u0130BB \u015eehir Tiyatrolar\u0131 heyetinde; Genel Sanat Y\u00f6netmeni Ay\u015feg\u00fcl \u0130\u015fsever, \u015eehir Tiyatrolar\u0131 M\u00fcd\u00fcr\u00fc Oytun Askero\u011flu, Genel Sanat Y\u00f6netmeni Yard\u0131mc\u0131s\u0131 Emrah \u00d6zertem, Y\u00f6netim Kurulu \u00dcyesi Zeynel \u00c7a\u011flar ve sanat\u00e7\u0131 Melahat Abbasova yer ald\u0131.<\/p>\n<p>Program kapsam\u0131nda Azerbaycan K\u00fclt\u00fcr Bakan\u0131 Adil Kerimli; T\u00fcrkiye, Kazakistan, K\u0131rg\u0131zistan ve \u00d6zbekistan\u2019dan gelen k\u00fclt\u00fcr temsilcileriyle bir araya gelerek g\u00f6r\u00fc\u015fmeler ger\u00e7ekle\u015ftirdi.<\/p>\n<p>\u0130stanbul\u2019da imzalanan i\u015f birli\u011fi protokol\u00fcn\u00fcn ard\u0131ndan ger\u00e7ekle\u015fen bu bulu\u015fmada, T\u00fcrk d\u00fcnyas\u0131 tiyatrolar\u0131 aras\u0131ndaki k\u00fclt\u00fcrel ve sanatsal ili\u015fkilerin geli\u015ftirilmesine y\u00f6nelik g\u00f6r\u00fc\u015f al\u0131\u015fveri\u015finde bulunuldu.<\/p>\n<p>Ziyaret program\u0131 kapsam\u0131nda \u0130BB \u015eehir Tiyatrolar\u0131 heyeti, Bak\u00fc\u2019de bulunan Azerbaycan Devlet Akademik Milli Dram Tiyatrosu ile Azerbaycan Devlet Akademik M\u00fczikal Tiyatrosu\u2019nu ziyaret etti. Ger\u00e7ekle\u015ftirilen g\u00f6r\u00fc\u015fmelerde kurumlar\u0131n sanatsal faaliyetleri, sahne ve teknik altyap\u0131lar\u0131 hakk\u0131nda bilgi al\u0131\u015fveri\u015finde bulunuldu.<\/p>\n<p>Program \u00e7er\u00e7evesinde ayr\u0131ca Azerbaycan\u2019\u0131n bir\u00e7ok sanat\u00e7\u0131s\u0131n\u0131n ebedi istirahatg\u00e2h\u0131 olan Fahri Hiyaban An\u0131t Mezarl\u0131\u011f\u0131 da ziyaret edilerek Azerbaycan devletinin kurucusu Haydar Aliyev ile akademisyen Zarife Han\u0131m Aliyeva\u2019n\u0131n hat\u0131ralar\u0131 sayg\u0131yla an\u0131ld\u0131.<\/p>\n<p>Milli Tiyatro G\u00fcn\u00fc etkinlikleri kapsam\u0131nda, tiyatro sanat\u0131na sunduklar\u0131 katk\u0131lar dolay\u0131s\u0131yla Genel Sanat Y\u00f6netmeni Ay\u015feg\u00fcl \u0130\u015fsever ve sanat\u00e7\u0131 Melahat Abbasova\u2019ya Azerbaycan\u2019\u0131n sayg\u0131n \u00f6d\u00fcllerinden biri olan \u201cSanatkar Madalyonu\u201d takdim edildi.<\/p>\n<p>Genel Sanat Y\u00f6netmeni Ay\u015feg\u00fcl \u0130\u015fsever yapt\u0131\u011f\u0131 te\u015fekk\u00fcr konu\u015fmas\u0131nda:<\/p>\n<p>\u201c\u0130stanbul \u015eehir Tiyatrosu olarak \u00e7ok mutlu oldu\u011fumuzu, onur duydu\u011fumuzu s\u00f6ylemek isterim. B\u00f6yle g\u00fczel bir g\u00fcnde, b\u00f6yle bir madalyay\u0131 \u0130stanbul \u015eehir Tiyatrosu\u2019ndaki t\u00fcm meslekta\u015flar\u0131m ad\u0131na al\u0131yorum. Hepinize \u00e7ok te\u015fekk\u00fcr ediyorum.<\/p>\n<p>D\u00fcnya\u2019n\u0131n bu kadar ayr\u0131\u015ft\u0131\u011f\u0131 bir d\u00f6nemde sanatla, dostluklarla bir araya gelmenin bize bir nefes aral\u0131\u011f\u0131 oldu\u011funu belirtmek isterim. Onun i\u00e7in b\u00f6yle bir bulu\u015fmay\u0131 sa\u011flad\u0131\u011f\u0131 i\u00e7in Akademik Tiyatro\u2019ya te\u015fekk\u00fcr ediyorum. \u015eehir Tiyatrosu olarak uzun s\u00fcre devam edecek projeleri hayata ge\u00e7irmek i\u00e7in \u00f6zel bir \u00e7aba sarf edece\u011fiz. Bunun i\u00e7in size s\u00f6z veriyoruz\u201d dedi.\u00a0\u00a0<\/p>\n<p>\u00a0<\/p>\n<p>\u00a0<\/p>\n<p>Kaynak: (BYZHA) Beyaz Haber Ajans\u0131<\/p>\n","protected":false},"excerpt":{"rendered":"<p>\u0130stanbul\u2019da ba\u015flat\u0131lan \u0130stanbul B\u00fcy\u00fck\u015fehir Belediyesi \u015eehir Tiyatrolar\u0131 ile Azerbaycan Devlet Akademik Milli Dram Tiyatrosu aras\u0131ndaki sanatsal i\u015f birli\u011finin yeni ad\u0131m\u0131 Bak\u00fc\u2019de at\u0131ld\u0131.<\/p>\n","protected":false},"author":1,"featured_media":3301,"comment_status":"open","ping_status":"open","sticky":false,"template":"","format":"standard","meta":{"footnotes":""},"categories":[24],"tags":[],"class_list":["post-3300","post","type-post","status-publish","format-standard","has-post-thumbnail","hentry","category-kultur-sanat"],"_links":{"self":[{"href":"https:\/\/akdenizolay.com.tr\/index.php\/wp-json\/wp\/v2\/posts\/3300","targetHints":{"allow":["GET"]}}],"collection":[{"href":"https:\/\/akdenizolay.com.tr\/index.php\/wp-json\/wp\/v2\/posts"}],"about":[{"href":"https:\/\/akdenizolay.com.tr\/index.php\/wp-json\/wp\/v2\/types\/post"}],"author":[{"embeddable":true,"href":"https:\/\/akdenizolay.com.tr\/index.php\/wp-json\/wp\/v2\/users\/1"}],"replies":[{"embeddable":true,"href":"https:\/\/akdenizolay.com.tr\/index.php\/wp-json\/wp\/v2\/comments?post=3300"}],"version-history":[{"count":1,"href":"https:\/\/akdenizolay.com.tr\/index.php\/wp-json\/wp\/v2\/posts\/3300\/revisions"}],"predecessor-version":[{"id":3302,"href":"https:\/\/akdenizolay.com.tr\/index.php\/wp-json\/wp\/v2\/posts\/3300\/revisions\/3302"}],"wp:featuredmedia":[{"embeddable":true,"href":"https:\/\/akdenizolay.com.tr\/index.php\/wp-json\/wp\/v2\/media\/3301"}],"wp:attachment":[{"href":"https:\/\/akdenizolay.com.tr\/index.php\/wp-json\/wp\/v2\/media?parent=3300"}],"wp:term":[{"taxonomy":"category","embeddable":true,"href":"https:\/\/akdenizolay.com.tr\/index.php\/wp-json\/wp\/v2\/categories?post=3300"},{"taxonomy":"post_tag","embeddable":true,"href":"https:\/\/akdenizolay.com.tr\/index.php\/wp-json\/wp\/v2\/tags?post=3300"}],"curies":[{"name":"wp","href":"https:\/\/api.w.org\/{rel}","templated":true}]}}