{"id":3324,"date":"2026-03-14T01:07:29","date_gmt":"2026-03-14T01:07:29","guid":{"rendered":"https:\/\/akdenizolay.com.tr\/index.php\/2026\/03\/14\/iettde-edebiyat-gecidi\/"},"modified":"2026-03-14T01:07:30","modified_gmt":"2026-03-14T01:07:30","slug":"iettde-edebiyat-gecidi","status":"publish","type":"post","link":"https:\/\/akdenizolay.com.tr\/index.php\/2026\/03\/14\/iettde-edebiyat-gecidi\/","title":{"rendered":"\u0130ETT\u2019de Edebiyat Ge\u00e7idi"},"content":{"rendered":"<p> <strong>\u0130ETT, sosyal sorumluluk ve k\u00fclt\u00fcr \u2013 sanat projelerine h\u0131zla devam ediyor. Ahmet \u00dcmit ve Sunay Ak\u0131n\u2019\u0131n kat\u0131l\u0131m\u0131 ile Beyo\u011flu Metrohan binas\u0131nda \u201cEdebiyat\u0131m\u0131zda Beyo\u011flu ve \u0130ETT\u201d s\u00f6yle\u015fisi ger\u00e7ekle\u015ftirildi.<\/strong>\u00a0<strong>Programlar, \u201cT\u00fcrk Sinemas\u0131nda \u0130ETT\u201d ve \u201cEdebiyat\u0131m\u0131zda Beyo\u011flu ve \u0130ETT\u201d etkinliklerinin ard\u0131ndan \u00f6n\u00fcm\u00fczdeki aylarda yeni k\u00fclt\u00fcr sanat etkinlikleri ile de \u0130stanbullular ile bulu\u015fmaya devam edecek.<\/strong><\/p>\n<p>\u0130stanbul\u2019da Beyo\u011flu ve tarihi yar\u0131mada ba\u015fta olmak \u00fczere, \u015fehrin her noktas\u0131nda toplu ula\u015f\u0131mdan, elektri\u011fe ve hatta hava gaz\u0131 teminine kadar hizmet sa\u011flayan \u0130ETT, bu hizmetleri ile 155 y\u0131ld\u0131r filmlere, romanlara ve \u015fiirlere de konu oldu. Bu \u00e7er\u00e7evede bu k\u00fclt\u00fcr hazinesini \u0130stanbullular ile payla\u015fmak amac\u0131yla yazar Ahmet \u00dcmit ve yazar Sunay Ak\u0131n\u2019\u0131n kat\u0131l\u0131m\u0131 ile Beyo\u011flu\u2019nda \u0130ETT Genel M\u00fcd\u00fcrl\u00fc\u011f\u00fc\u2019n\u00fcn de yer ald\u0131\u011f\u0131 Metrohan binas\u0131nda \u201cEdebiyat\u0131m\u0131zda Beyo\u011flu ve \u0130ETT\u201d s\u00f6yle\u015fisi ger\u00e7ekle\u015ftirildi.\u00a0<\/p>\n<p>Moderat\u00f6rl\u00fc\u011f\u00fcn\u00fc yazar ve y\u00f6netmen Cengiz \u00d6zkarabekir\u2019in yapt\u0131\u011f\u0131 etkinli\u011fe \u0130ETT Genel M\u00fcd\u00fcr\u00fc \u0130rfan Demet ba\u015fta olmak \u00fczere, her kademede g\u00f6rev yapan \u00e7ok say\u0131da \u0130ETT \u00e7al\u0131\u015fan\u0131 ve \u0130stanbullular kat\u0131ld\u0131.\u00a0<\/p>\n<p><strong>GE\u00c7M\u0130\u015eTE \u0130ETT\u2019DE G\u00d6REV YAPAN TUNCEL KURT\u0130Z VE YA\u015eAR KEMAL\u2019E SAYGI<\/strong><\/p>\n<p>\u00d6zellikle Beyo\u011flu ba\u015fta olmak \u00fczere, eserlerinde \u0130stanbul\u2019da toplu ula\u015f\u0131m ve \u0130ETT\u2019ye bir \u00e7ok kez de\u011finen Ahmet \u00dcmit ve Sunay Ak\u0131n s\u00f6yle\u015fide \u0130stanbul\u2019da ilk \u00f6\u011frenci bileti indiriminin ba\u015flay\u0131\u015f\u0131 gibi unutulmaz hikayeleri izleyiciler ile payla\u015f\u0131rken, ge\u00e7mi\u015fte yolu \u0130ETT\u2019den ge\u00e7en ve \u0130ETT\u2019de bir d\u00f6nem g\u00f6rev yapm\u0131\u015f Tuncel Kurtiz ve Ya\u015far Kemal gibi \u00f6nemli sanat\u00e7\u0131lar da sayg\u0131 ile an\u0131ld\u0131.\u00a0<\/p>\n<p>\u0130zleyicilerin b\u00fcy\u00fck be\u011fenisini alan program sonunda \u0130ETT Genel M\u00fcd\u00fcr\u00fc \u0130rfan Demet, yazar Ahmet \u00dcmit ve Sunay Ak\u0131n ile moderat\u00f6r Cengiz \u00d6zkarabekir\u2019e te\u015fekk\u00fcr \u00e7i\u00e7e\u011fi ve \u0130stanbul\u2019un simge ula\u015f\u0131m arac\u0131 nostaljik tramvay ile ilgili hediye takdim etti.\u00a0<\/p>\n<p>\u0130ETT, \u201cT\u00fcrk Sinemas\u0131nda \u0130ETT\u201d ve \u201cEdebiyat\u0131m\u0131zda Beyo\u011flu ve \u0130ETT\u201d etkinliklerinin ard\u0131ndan \u00f6n\u00fcm\u00fczdeki aylarda yeni k\u00fclt\u00fcr sanat etkinlikleri ile de \u0130stanbullular ile bulu\u015fmaya devam edecek.<\/p>\n<p>\u00a0<\/p>\n<p>Kaynak: (BYZHA) Beyaz Haber Ajans\u0131<\/p>\n","protected":false},"excerpt":{"rendered":"<p>\u0130ETT, sosyal sorumluluk ve k\u00fclt\u00fcr \u2013 sanat projelerine h\u0131zla devam ediyor.<\/p>\n","protected":false},"author":1,"featured_media":3325,"comment_status":"open","ping_status":"open","sticky":false,"template":"","format":"standard","meta":{"footnotes":""},"categories":[24],"tags":[],"class_list":["post-3324","post","type-post","status-publish","format-standard","has-post-thumbnail","hentry","category-kultur-sanat"],"_links":{"self":[{"href":"https:\/\/akdenizolay.com.tr\/index.php\/wp-json\/wp\/v2\/posts\/3324","targetHints":{"allow":["GET"]}}],"collection":[{"href":"https:\/\/akdenizolay.com.tr\/index.php\/wp-json\/wp\/v2\/posts"}],"about":[{"href":"https:\/\/akdenizolay.com.tr\/index.php\/wp-json\/wp\/v2\/types\/post"}],"author":[{"embeddable":true,"href":"https:\/\/akdenizolay.com.tr\/index.php\/wp-json\/wp\/v2\/users\/1"}],"replies":[{"embeddable":true,"href":"https:\/\/akdenizolay.com.tr\/index.php\/wp-json\/wp\/v2\/comments?post=3324"}],"version-history":[{"count":1,"href":"https:\/\/akdenizolay.com.tr\/index.php\/wp-json\/wp\/v2\/posts\/3324\/revisions"}],"predecessor-version":[{"id":3326,"href":"https:\/\/akdenizolay.com.tr\/index.php\/wp-json\/wp\/v2\/posts\/3324\/revisions\/3326"}],"wp:featuredmedia":[{"embeddable":true,"href":"https:\/\/akdenizolay.com.tr\/index.php\/wp-json\/wp\/v2\/media\/3325"}],"wp:attachment":[{"href":"https:\/\/akdenizolay.com.tr\/index.php\/wp-json\/wp\/v2\/media?parent=3324"}],"wp:term":[{"taxonomy":"category","embeddable":true,"href":"https:\/\/akdenizolay.com.tr\/index.php\/wp-json\/wp\/v2\/categories?post=3324"},{"taxonomy":"post_tag","embeddable":true,"href":"https:\/\/akdenizolay.com.tr\/index.php\/wp-json\/wp\/v2\/tags?post=3324"}],"curies":[{"name":"wp","href":"https:\/\/api.w.org\/{rel}","templated":true}]}}