{"id":3327,"date":"2026-03-14T01:07:31","date_gmt":"2026-03-14T01:07:31","guid":{"rendered":"https:\/\/akdenizolay.com.tr\/index.php\/2026\/03\/14\/ayvalikta-duygu-dolu-tiyatro-aksami\/"},"modified":"2026-03-14T01:07:31","modified_gmt":"2026-03-14T01:07:31","slug":"ayvalikta-duygu-dolu-tiyatro-aksami","status":"publish","type":"post","link":"https:\/\/akdenizolay.com.tr\/index.php\/2026\/03\/14\/ayvalikta-duygu-dolu-tiyatro-aksami\/","title":{"rendered":"Ayval\u0131k\u2019ta Duygu Dolu Tiyatro Ak\u015fam\u0131"},"content":{"rendered":"\n<p style=\"margin-top:8px;margin-bottom:8px\"><span style=\"font-size:11pt\"><span style=\"line-height:115%\"><span style=\"font-family:Calibri,sans-serif\"><span style=\"font-size:12.0pt\"><span style=\"line-height:115%\"><span style=\",serif\"><span style=\"color:#222222\">U\u015fak, \u0130zmir Karaba\u011flar, \u00d6demi\u015f, Urla, Mersin, Burhaniye, \u0130stanbul Kartal, \u015ei\u015fli, Maltepe ve Bursa\u2019da turneye \u00e7\u0131kan; Ayval\u0131k Belediyesi Rauf Denkta\u015f K\u00fclt\u00fcr Merkezi\u2019nde ise 43\u2019\u00fcnc\u00fc kez perde a\u00e7an \u201cSeni Al\u0131rsa F\u0131rt\u0131na\u201d adl\u0131 oyun yine b\u00fcy\u00fck ilgi g\u00f6rd\u00fc.<\/span><\/span><\/span><\/span><\/span><\/span><\/span><\/p>\n<p style=\"margin-top:8px;margin-bottom:8px\"><span style=\"font-size:11pt\"><span style=\"line-height:115%\"><span style=\"font-family:Calibri,sans-serif\"><span style=\"font-size:12.0pt\"><span style=\"line-height:115%\"><span style=\",serif\"><span style=\"color:#222222\">300 ki\u015filik salonu dolduran tiyatroseverler, oyun sonunda sanat\u00e7\u0131lar\u0131 dakikalarca ayakta alk\u0131\u015flad\u0131. Ayval\u0131k Belediye Ba\u015fkan\u0131 Mesut Ergin, \u201cKentin k\u00fclt\u00fcr ve sanat hayat\u0131n\u0131 canl\u0131 tutmak amac\u0131yla tiyatro ve sanat etkinliklerini sanatseverlerle bulu\u015fturmaya devam ediyoruz\u201d dedi.<\/span><\/span><\/span><\/span><\/span><\/span><\/span><\/p>\n<p style=\"margin-top:8px;margin-bottom:8px\"><span style=\"font-size:11pt\"><span style=\"line-height:115%\"><span style=\"font-family:Calibri,sans-serif\"><b><span style=\"font-size:12.0pt\"><span style=\"line-height:115%\"><span style=\",serif\"><span style=\"color:#222222\">Sanatseverler Alk\u0131\u015flarla E\u015flik Etti<\/span><\/span><\/span><\/span><\/b><\/span><\/span><\/span><\/p>\n<p style=\"margin-top:8px;margin-bottom:8px\"><span style=\"font-size:11pt\"><span style=\"line-height:115%\"><span style=\"font-family:Calibri,sans-serif\"><span style=\"font-size:12.0pt\"><span style=\"line-height:115%\"><span style=\",serif\"><span style=\"color:#222222\">K\u00fclt\u00fcr ve sanat\u0131n kenti Ayval\u0131k\u2019ta duygu dolu bir tiyatro gecesi ya\u015fand\u0131. Ayval\u0131k Belediyesi Tiyatrosu taraf\u0131ndan sahnelenen \u201cSeni Al\u0131rsa F\u0131rt\u0131na\u201d, izleyicilerle bulu\u015farak sanatseverlere unutulmaz anlar ya\u015fatt\u0131.<\/span><\/span><\/span><\/span><\/span><\/span><\/span><\/p>\n<p style=\"margin-top:8px;margin-bottom:8px\"><span style=\"font-size:11pt\"><span style=\"line-height:115%\"><span style=\"font-family:Calibri,sans-serif\"><span style=\"font-size:12.0pt\"><span style=\"line-height:115%\"><span style=\",serif\"><span style=\"color:#222222\">Rauf Denkta\u015f K\u00fclt\u00fcr Merkezi\u2019nde sahnelenen oyunda salonu dolduran tiyatroseverler, zaman zaman duygusal anlar ya\u015farken zaman zaman da alk\u0131\u015flar\u0131yla oyunculara e\u015flik etti.<\/span><\/span><\/span><\/span><\/span><\/span><\/span><\/p>\n<p style=\"margin-top:8px;margin-bottom:8px\"><span style=\"font-size:11pt\"><span style=\"line-height:115%\"><span style=\"font-family:Calibri,sans-serif\"><b><span style=\"font-size:12.0pt\"><span style=\"line-height:115%\"><span style=\",serif\"><span style=\"color:#222222\">Y\u00f6netmenin D\u00fc\u015f\u00fc Ger\u00e7ek Oldu<\/span><\/span><\/span><\/span><\/b><\/span><\/span><\/span><\/p>\n<p style=\"margin-top:8px;margin-bottom:8px\"><span style=\"font-size:11pt\"><span style=\"line-height:115%\"><span style=\"font-family:Calibri,sans-serif\"><span style=\"font-size:12.0pt\"><span style=\"line-height:115%\"><span style=\",serif\"><span style=\"color:#222222\">Oyuncular Erkan \u00c7\u0131lak ve Arzu Yanarda\u011f, sahnedeki g\u00fc\u00e7l\u00fc performanslar\u0131yla izleyicilere etkileyici bir ak\u015fam ya\u015fatt\u0131. Yo\u011fun ilgi nedeniyle baz\u0131 izleyiciler salona s\u0131\u011fmazken, oyun sonunda tiyatro ekibi uzun s\u00fcre ayakta alk\u0131\u015fland\u0131.<\/span><\/span><\/span><\/span><\/span><\/span><\/span><\/p>\n<p style=\"margin-top:8px;margin-bottom:8px\"><span style=\"font-size:11pt\"><span style=\"line-height:115%\"><span style=\"font-family:Calibri,sans-serif\"><span style=\"font-size:12.0pt\"><span style=\"line-height:115%\"><span style=\",serif\"><span style=\"color:#222222\">Selamlaman\u0131n ard\u0131ndan konu\u015fan Ayval\u0131k Belediye Tiyatrosu Genel Sanat Y\u00f6netmeni Erkan \u00c7\u0131lak, \u00e7ocukluk y\u0131llar\u0131nda kurdu\u011fu b\u00fcy\u00fck bir hayalin ger\u00e7ekle\u015fti\u011fini belirterek duygusal anlar ya\u015fad\u0131.<\/span><\/span><\/span><\/span><\/span><\/span><\/span><\/p>\n<p style=\"margin-top:8px;margin-bottom:8px\"><span style=\"font-size:11pt\"><span style=\"line-height:115%\"><span style=\"font-family:Calibri,sans-serif\"><b><span style=\"font-size:12.0pt\"><span style=\"line-height:115%\"><span style=\",serif\"><span style=\"color:#222222\">\u201cAyval\u0131k Uzun Y\u0131llar Tiyatro Sahnesine Hasret Kald\u0131\u201d<\/span><\/span><\/span><\/span><\/b><\/span><\/span><\/span><\/p>\n<p style=\"margin-top:8px;margin-bottom:8px\"><span style=\"font-size:11pt\"><span style=\"line-height:115%\"><span style=\"font-family:Calibri,sans-serif\"><span style=\"font-size:12.0pt\"><span style=\"line-height:115%\"><span style=\",serif\"><span style=\"color:#222222\">\u00c7ocuklu\u011fundan bu yana Ayval\u0131k\u2019ta ger\u00e7ek anlamda bir tiyatro sahnesi hayal etti\u011fini anlatan Erkan \u00c7\u0131lak, \u015funlar\u0131 s\u00f6yledi:<\/span><\/span><\/span><\/span><\/span><\/span><\/span><\/p>\n<p style=\"margin-top:8px;margin-bottom:8px\"><span style=\"font-size:11pt\"><span style=\"line-height:115%\"><span style=\"font-family:Calibri,sans-serif\"><span style=\"font-size:12.0pt\"><span style=\"line-height:115%\"><span style=\",serif\"><span style=\"color:#222222\">\u201cModern ve b\u00fcy\u00fck bir sahne Ayval\u0131k i\u00e7in \u00f6nemli bir ihtiya\u00e7t\u0131. Oyun ba\u015flamadan dakikalar \u00f6nce salonun tamamen doldu\u011funu g\u00f6rmek, hayalini kurdu\u011fum bir d\u00fc\u015f\u00fcn ger\u00e7e\u011fe d\u00f6n\u00fc\u015fmesiydi. Bu k\u00fclt\u00fcr merkezinin yap\u0131lmas\u0131nda b\u00fcy\u00fck eme\u011fi olan Belediye Ba\u015fkan\u0131m\u0131z Mesut Ergin\u2019e, belediyemizde \u00e7al\u0131\u015fan t\u00fcm arkada\u015flar\u0131m\u0131za, katk\u0131 sa\u011flayan herkese ve K\u00fclt\u00fcr M\u00fcd\u00fcrl\u00fc\u011f\u00fc\u2019ndeki \u00e7al\u0131\u015fma arkada\u015flar\u0131ma sonsuz te\u015fekk\u00fcr ediyorum. Bu yap\u0131 Ayval\u0131k i\u00e7in e\u015fsiz bir imza. Ayval\u0131k uzun y\u0131llar tam donan\u0131ml\u0131 bir tiyatro sahnesine hasret kald\u0131. Oysa 1937 y\u0131l\u0131nda 11 farkl\u0131 oyunun sahnelendi\u011fi bir kentten s\u00f6z ediyoruz. Hatta o y\u0131llarda T\u00fcrkiye\u2019de bulunan alt\u0131 jenerat\u00f6rden biri, Ayval\u0131k\u2019taki tiyatro oyunlar\u0131 i\u00e7in burada bulunduruluyordu. Ne yaz\u0131k ki kentimiz tiyatro sahnesi a\u00e7\u0131s\u0131ndan uzun s\u00fcre ihmal edildi. Ama art\u0131k b\u00f6yle g\u00fczel bir sahnemiz var. Nice oyunlara\u2026\u201d<\/span><\/span><\/span><\/span><\/span><\/span><\/span><\/p>\n<p style=\"margin-top:8px;margin-bottom:8px\">\u00a0<\/p>\n<p style=\"margin-top:8px;margin-bottom:8px\">\u00a0<\/p>\n<p>Kaynak: (BYZHA) Beyaz Haber Ajans\u0131<\/p>\n","protected":false},"excerpt":{"rendered":"<p>U\u015fak, \u0130zmir Karaba\u011flar, \u00d6demi\u015f, Urla, Mersin, Burhaniye, \u0130stanbul Kartal, \u015ei\u015fli, Maltepe ve Bursa\u2019da turneye \u00e7\u0131kan; Ayval\u0131k Belediyesi Rauf Denkta\u015f K\u00fclt\u00fcr Merkezi\u2019nde ise 43\u2019\u00fcnc\u00fc kez perde a\u00e7an \u201cSeni Al\u0131rsa F\u0131rt\u0131na\u201d adl\u0131 oyun yine b\u00fcy\u00fck ilgi g\u00f6rd\u00fc.<\/p>\n","protected":false},"author":1,"featured_media":3328,"comment_status":"open","ping_status":"open","sticky":false,"template":"","format":"standard","meta":{"footnotes":""},"categories":[24],"tags":[],"class_list":["post-3327","post","type-post","status-publish","format-standard","has-post-thumbnail","hentry","category-kultur-sanat"],"_links":{"self":[{"href":"https:\/\/akdenizolay.com.tr\/index.php\/wp-json\/wp\/v2\/posts\/3327","targetHints":{"allow":["GET"]}}],"collection":[{"href":"https:\/\/akdenizolay.com.tr\/index.php\/wp-json\/wp\/v2\/posts"}],"about":[{"href":"https:\/\/akdenizolay.com.tr\/index.php\/wp-json\/wp\/v2\/types\/post"}],"author":[{"embeddable":true,"href":"https:\/\/akdenizolay.com.tr\/index.php\/wp-json\/wp\/v2\/users\/1"}],"replies":[{"embeddable":true,"href":"https:\/\/akdenizolay.com.tr\/index.php\/wp-json\/wp\/v2\/comments?post=3327"}],"version-history":[{"count":1,"href":"https:\/\/akdenizolay.com.tr\/index.php\/wp-json\/wp\/v2\/posts\/3327\/revisions"}],"predecessor-version":[{"id":3329,"href":"https:\/\/akdenizolay.com.tr\/index.php\/wp-json\/wp\/v2\/posts\/3327\/revisions\/3329"}],"wp:featuredmedia":[{"embeddable":true,"href":"https:\/\/akdenizolay.com.tr\/index.php\/wp-json\/wp\/v2\/media\/3328"}],"wp:attachment":[{"href":"https:\/\/akdenizolay.com.tr\/index.php\/wp-json\/wp\/v2\/media?parent=3327"}],"wp:term":[{"taxonomy":"category","embeddable":true,"href":"https:\/\/akdenizolay.com.tr\/index.php\/wp-json\/wp\/v2\/categories?post=3327"},{"taxonomy":"post_tag","embeddable":true,"href":"https:\/\/akdenizolay.com.tr\/index.php\/wp-json\/wp\/v2\/tags?post=3327"}],"curies":[{"name":"wp","href":"https:\/\/api.w.org\/{rel}","templated":true}]}}