{"id":3339,"date":"2026-03-14T01:07:36","date_gmt":"2026-03-14T01:07:36","guid":{"rendered":"https:\/\/akdenizolay.com.tr\/index.php\/2026\/03\/14\/gocun-bellegin-ve-annelerin-hikayesi-almanya-masalimiz\/"},"modified":"2026-03-14T01:07:37","modified_gmt":"2026-03-14T01:07:37","slug":"gocun-bellegin-ve-annelerin-hikayesi-almanya-masalimiz","status":"publish","type":"post","link":"https:\/\/akdenizolay.com.tr\/index.php\/2026\/03\/14\/gocun-bellegin-ve-annelerin-hikayesi-almanya-masalimiz\/","title":{"rendered":"G\u00f6\u00e7\u00fcn, belle\u011fin ve annelerin hik\u00e2yesi: Almanya Masal\u0131m\u0131z"},"content":{"rendered":"<p> <em>Almanya\u2019n\u0131n sayg\u0131n edebiyat \u00f6d\u00fcllerinden Leipzig Kitap \u00d6d\u00fcl\u00fc\u2019ne lay\u0131k g\u00f6r\u00fclen Almanya Masal\u0131m\u0131z, Kafka Kitap taraf\u0131ndan ilk kez T\u00fcrk\u00e7ede. Roman, T\u00fcrkiye\u2019den Almanya\u2019ya uzanan i\u015f\u00e7i g\u00f6\u00e7\u00fcn\u00fc bir ailenin \u00fc\u00e7 ku\u015fakl\u0131k hik\u00e2yesi \u00fczerinden anlat\u0131yor.<\/em><\/p>\n<p>Almanya\u2019daki T\u00fcrkiyeli g\u00f6\u00e7menlerin yar\u0131m y\u00fczy\u0131l\u0131 a\u015fan hik\u00e2yesini \u015fiirsel ve \u00e7ok katmanl\u0131 bir anlat\u0131yla ele alan\u00a0<em>Almanya Masal\u0131m\u0131z<\/em>, T\u00fcrk\u00e7ede okurlarla bulu\u015fuyor. \u015eair, tiyatrocu ve yay\u0131nevi kurucusu Din\u00e7er G\u00fc\u00e7yeter\u2019in ilk roman\u0131 olan eser, bir ailenin \u00fc\u00e7 ku\u015fak boyunca s\u00fcren yolculu\u011funu anlat\u0131rken, ayn\u0131 zamanda \u201cmisafir i\u015f\u00e7ilik\u201d olarak adland\u0131r\u0131lan tarihsel bir d\u00f6nemin duygusal ve toplumsal haritas\u0131n\u0131 \u00e7\u0131kar\u0131yor.\u00a0<\/p>\n<p>Almanya\u2019da b\u00fcy\u00fck yank\u0131 uyand\u0131ran ve Almanya\u2019n\u0131n en sayg\u0131n edebiyat \u00f6d\u00fcllerinden Leipzig Kitap \u00d6d\u00fcl\u00fc ba\u015fta olmak \u00fczere bir\u00e7ok \u00f6d\u00fcle lay\u0131k g\u00f6r\u00fclen roman, Halil \u00d6zgen Asal \u00e7evirisiyle Kafka Kitap taraf\u0131ndan T\u00fcrk\u00e7ede yay\u0131mland\u0131. Almanca \u00f6zg\u00fcn ad\u0131\u00a0<em>Unser Deutschlandm\u00e4rchen<\/em>\u00a0olan roman, yay\u0131mland\u0131\u011f\u0131 g\u00fcnden itibaren Avrupa\u2019da b\u00fcy\u00fck yank\u0131 uyand\u0131rd\u0131 ve farkl\u0131 dillere \u00e7evrildi. \u00a0\u00a0<\/p>\n<p><strong>Misafir \u0130\u015f\u00e7ilerin G\u00f6r\u00fcnmeyen Tarihi<\/strong><\/p>\n<p>Roman, T\u00fcrkiye\u2019den Almanya\u2019ya uzanan g\u00f6\u00e7 hik\u00e2yesini \u00fc\u00e7 ku\u015fa\u011f\u0131n haf\u0131zas\u0131, annelerin anlat\u0131lar\u0131 ve par\u00e7al\u0131 bir aile destan\u0131 \u00fczerinden edebi bir anlat\u0131ya d\u00f6n\u00fc\u015ft\u00fcr\u00fcyor<em>. Almanya Masal\u0131m\u0131z<\/em>, T\u00fcrkiye\u2019den Almanya\u2019ya uzanan g\u00f6\u00e7 hik\u00e2yesini yaln\u0131zca tarihsel bir olay olarak de\u011fil, ku\u015faklar aras\u0131 bir haf\u0131za ve kimlik meselesi olarak ele al\u0131yor. Roman, Anadolu\u2019da ba\u015flayan ve Almanya\u2019daki fabrikalara, kahvehanelere, i\u015f\u00e7i mahallelerine uzanan bir yolculuk boyunca, \u00fc\u00e7 ku\u015fa\u011f\u0131n ya\u015fam\u0131n\u0131 i\u00e7 i\u00e7e ge\u00e7mi\u015f sesler arac\u0131l\u0131\u011f\u0131yla anlat\u0131yor.<\/p>\n<p>Anlat\u0131n\u0131n merkezinde Fatma, onun annesi Hanife ve o\u011flu Din\u00e7er bulunuyor. Her biri kendi sesiyle konu\u015fan karakterler \u00fczerinden; \u015fark\u0131lar, mektuplar, monologlar ve an\u0131lar arac\u0131l\u0131\u011f\u0131yla par\u00e7al\u0131 bir aile destan\u0131 kuruluyor. Bu \u00e7ok sesli yap\u0131, g\u00f6\u00e7men deneyiminin k\u0131r\u0131lgan ve \u00e7o\u011fu zaman par\u00e7alanm\u0131\u015f do\u011fas\u0131n\u0131 da yans\u0131t\u0131yor.<\/p>\n<p>Roman\u0131n sayfalar\u0131nda Anadolu k\u00f6ylerinin sert ger\u00e7ekli\u011fi, g\u00f6\u00e7\u00fcn ilk y\u0131llar\u0131ndaki umut ve hayal k\u0131r\u0131kl\u0131klar\u0131, fabrikalarda ge\u00e7en uzun vardiyalar ve yeni bir dilde ya\u015fam kurman\u0131n zorluklar\u0131 yan yana geliyor. Bir annenin o\u011fluna dair beklentileri ile o\u011flun kendi hayat\u0131n\u0131 kurma arzusu aras\u0131ndaki gerilim, roman\u0131n en g\u00fc\u00e7l\u00fc duygusal damarlar\u0131ndan birini olu\u015fturuyor.<\/p>\n<p>Din\u00e7er G\u00fc\u00e7yeter\u2019in \u015fiirsel dili ve \u00e7ok sesli anlat\u0131m\u0131yla \u015fekillenen\u00a0<em>Almanya Masal\u0131m\u0131z<\/em>, g\u00f6\u00e7menlerin yaln\u0131zca ekonomik de\u011fil ayn\u0131 zamanda k\u00fclt\u00fcrel ve duygusal bir yolculuk ya\u015fad\u0131\u011f\u0131n\u0131 hat\u0131rlatan g\u00fc\u00e7l\u00fc bir roman. Kitap, T\u00fcrkiye\u2019den Almanya\u2019ya uzanan g\u00f6\u00e7\u00fcn kolektif haf\u0131zas\u0131n\u0131 edebiyat arac\u0131l\u0131\u011f\u0131yla yeniden kuruyor.<\/p>\n<p><strong>Yazar Hakk\u0131nda<\/strong><\/p>\n<p>1979 y\u0131l\u0131nda Almanya\u2019n\u0131n Nettetal kentinde do\u011fan Din\u00e7er G\u00fc\u00e7yeter, tiyatrocu, \u015fair, yay\u0131nevi kurucusu ve yazard\u0131r. Kahvehaneci bir baba ve i\u015f\u00e7i bir annenin \u00e7ocu\u011fu olarak b\u00fcy\u00fcyen G\u00fc\u00e7yeter, gen\u00e7lik y\u0131llar\u0131nda sanayi sekt\u00f6r\u00fcnde \u00e7al\u0131\u015fm\u0131\u015f, daha sonra edebiyata y\u00f6nelmi\u015ftir.<\/p>\n<p>\u00a0<\/p>\n<p>2012 y\u0131l\u0131nda \u015fiir odakl\u0131 ELIF Yay\u0131nevi\u2019ni kuran yazar, hem yay\u0131nevi \u00e7al\u0131\u015fmalar\u0131 hem de \u015fiir kitaplar\u0131yla Almanya\u2019da dikkat \u00e7ekmi\u015ftir. 2022 y\u0131l\u0131nda Peter Huchel \u00d6d\u00fcl\u00fc\u2019ne lay\u0131k g\u00f6r\u00fclm\u00fc\u015ft\u00fcr. Yazar\u0131n ilk roman\u0131 Almanya Masal\u0131m\u0131z (Unser Deutschlandm\u00e4rchen) Almanya\u2019da yay\u0131mland\u0131ktan sonra b\u00fcy\u00fck yank\u0131 uyand\u0131rd\u0131 ve \u00fclkenin en sayg\u0131n edebiyat \u00f6d\u00fcllerinden biri olan Leipzig Kitap \u00d6d\u00fcl\u00fc\u2019n\u00fc kazand\u0131.<\/p>\n<p><strong>Arka Kapak Yaz\u0131s\u0131ndan<\/strong><\/p>\n<p><em>\u201cH\u00e2l\u00e2 kendi dilimi ar\u0131yorum, bulduklar\u0131m\u0131 da hurda niyetine yol kenar\u0131na b\u0131rak\u0131p kendimi tekrar d\u0131\u015far\u0131, sokaklara, gecelere at\u0131yorum, yeniyi ar\u0131yorum&#8230; Bug\u00fcn iki \u00e7ocuk babas\u0131y\u0131m, bir yay\u0131nevim var, kap\u0131 kollar\u0131n\u0131 siliyorum, Walt Whitman gibi \u015fiir satmaya \u00e7al\u0131\u015f\u0131yorum ve hep eksidekal\u0131yorum. Ama bu benim se\u00e7imimdi, b\u00f6yle yapmaya ben karar verdim ve bunun i\u00e7in ba\u015fkalar\u0131ndan \u00f6z\u00fcr dilemeyi reddediyorum. Bu delili\u011fin arkas\u0131nda durmak istiyorum \u00e7\u00fcnk\u00fc e\u011fer \u00f6yle yapmazsam bu hayat yolculu\u011fu boyunca heybemde toplad\u0131\u011f\u0131m her \u015feye ihanet etmi\u015f olurum.\u201d<\/em><\/p>\n<p><em>Gurbetin, eme\u011fin, vazge\u00e7i\u015flerin, kendini bir yere ait hissedemeyenlerin ortak ad\u0131d\u0131r \u201cmisafir i\u015f\u00e7i\u201d. Dilini bilmedi\u011fin b\u00fcsb\u00fct\u00fcn yabanc\u0131 bir \u00fclkede var olmaya de\u011fil, \u00e7al\u0131\u015fmaya davet edilirsin. can\u0131n\u0131 di\u015fine takar, terinle kimli\u011fini kaz\u0131rs\u0131n buz gibi so\u011fuk duvarlara. Ama ne u\u011fruna? O g\u00fczel g\u00fcnler ger\u00e7ekten gelecek mi, bilmezsin bile.<\/em><\/p>\n<p><em>Almanya Masal\u0131m\u0131z, i\u015fte b\u00f6yle bir d\u00fcnyan\u0131n mahsul\u00fc; i\u00e7 i\u00e7e ge\u00e7en seslerin yank\u0131land\u0131\u011f\u0131 \u00e7oksesli bir hik\u00e2ye. Birden \u00e7ok ku\u015fa\u011fa ait kad\u0131nlar ve Almanya\u2019da do\u011fmu\u015f bir o\u011ful, ge\u00e7mi\u015fin y\u00fck\u00fcn\u00fc g\u00fc\u00e7l\u00fc imgelerle \u00f6r\u00fclm\u00fc\u015f ortak bir dile ta\u015f\u0131rken monologlar, diyaloglar, r\u00fcyalar ve dualar birbirine kar\u0131\u015f\u0131yor.<\/em><\/p>\n<p><em>G\u00fc\u00e7yeter, hayat\u0131na y\u00f6n veren iki kad\u0131n\u0131n ya\u015fam\u0131 \u00fczerinden emekle yo\u011frulmu\u015f bir d\u00fcnyay\u0131 \u015fiirsel diliyle g\u00f6r\u00fcn\u00fcr k\u0131larken tarlalar\u0131n bu\u011fusundan fabrikalar\u0131n g\u00fcr\u00fclt\u00fcs\u00fcne, memleket hasretiyle ge\u00e7en y\u0131llardan kaybolan aidiyet duygusuna uzanan bir ya\u015fama ayna tutuyor.<\/em><\/p>\n<p><em>Almanya\u2019n\u0131n en prestijli edebiyat \u00f6d\u00fcllerinden Leipzig Kitap \u00d6d\u00fcl\u00fc\u2019ne lay\u0131k g\u00f6r\u00fclen bu eser, iki \u00fclke, iki dil ve iki d\u00fcnya aras\u0131nda bir k\u00f6pr\u00fc kuruyor.<\/em><\/p>\n<p>\u00a0<\/p>\n<p>\u00a0<\/p>\n<p>Kaynak: (BYZHA) Beyaz Haber Ajans\u0131<\/p>\n","protected":false},"excerpt":{"rendered":"<p>Almanya\u2019n\u0131n sayg\u0131n edebiyat \u00f6d\u00fcllerinden Leipzig Kitap \u00d6d\u00fcl\u00fc\u2019ne lay\u0131k g\u00f6r\u00fclen Almanya Masal\u0131m\u0131z, Kafka Kitap taraf\u0131ndan ilk kez T\u00fcrk\u00e7ede.<\/p>\n","protected":false},"author":1,"featured_media":3340,"comment_status":"open","ping_status":"open","sticky":false,"template":"","format":"standard","meta":{"footnotes":""},"categories":[24],"tags":[],"class_list":["post-3339","post","type-post","status-publish","format-standard","has-post-thumbnail","hentry","category-kultur-sanat"],"_links":{"self":[{"href":"https:\/\/akdenizolay.com.tr\/index.php\/wp-json\/wp\/v2\/posts\/3339","targetHints":{"allow":["GET"]}}],"collection":[{"href":"https:\/\/akdenizolay.com.tr\/index.php\/wp-json\/wp\/v2\/posts"}],"about":[{"href":"https:\/\/akdenizolay.com.tr\/index.php\/wp-json\/wp\/v2\/types\/post"}],"author":[{"embeddable":true,"href":"https:\/\/akdenizolay.com.tr\/index.php\/wp-json\/wp\/v2\/users\/1"}],"replies":[{"embeddable":true,"href":"https:\/\/akdenizolay.com.tr\/index.php\/wp-json\/wp\/v2\/comments?post=3339"}],"version-history":[{"count":1,"href":"https:\/\/akdenizolay.com.tr\/index.php\/wp-json\/wp\/v2\/posts\/3339\/revisions"}],"predecessor-version":[{"id":3341,"href":"https:\/\/akdenizolay.com.tr\/index.php\/wp-json\/wp\/v2\/posts\/3339\/revisions\/3341"}],"wp:featuredmedia":[{"embeddable":true,"href":"https:\/\/akdenizolay.com.tr\/index.php\/wp-json\/wp\/v2\/media\/3340"}],"wp:attachment":[{"href":"https:\/\/akdenizolay.com.tr\/index.php\/wp-json\/wp\/v2\/media?parent=3339"}],"wp:term":[{"taxonomy":"category","embeddable":true,"href":"https:\/\/akdenizolay.com.tr\/index.php\/wp-json\/wp\/v2\/categories?post=3339"},{"taxonomy":"post_tag","embeddable":true,"href":"https:\/\/akdenizolay.com.tr\/index.php\/wp-json\/wp\/v2\/tags?post=3339"}],"curies":[{"name":"wp","href":"https:\/\/api.w.org\/{rel}","templated":true}]}}