{"id":3342,"date":"2026-03-14T01:07:38","date_gmt":"2026-03-14T01:07:38","guid":{"rendered":"https:\/\/akdenizolay.com.tr\/index.php\/2026\/03\/14\/izmir-kultur-ve-sanatin-adresi-oldu\/"},"modified":"2026-03-14T01:07:39","modified_gmt":"2026-03-14T01:07:39","slug":"izmir-kultur-ve-sanatin-adresi-oldu","status":"publish","type":"post","link":"https:\/\/akdenizolay.com.tr\/index.php\/2026\/03\/14\/izmir-kultur-ve-sanatin-adresi-oldu\/","title":{"rendered":"\u0130zmir, k\u00fclt\u00fcr ve sanat\u0131n adresi oldu"},"content":{"rendered":"<p> \u0130zmir\u2019de k\u00fclt\u00fcr ve sanat hayat\u0131 son iki y\u0131lda b\u00fcy\u00fck bir hareketlilik kazand\u0131. \u0130zmir B\u00fcy\u00fck\u015fehir Belediyesi\u2019nin d\u00fczenledi\u011fi y\u00fczlerce etkinlik, a\u00e7\u0131lan yeni k\u00fct\u00fcphaneler ve desteklenen sanatsal \u00fcretimle kentte k\u00fclt\u00fcrel ya\u015fam g\u00fc\u00e7lendi.<\/p>\n<p>\u0130zmir B\u00fcy\u00fck\u015fehir Belediyesi, sanatsal \u00fcretimi desteklemek ve t\u00fcm yurtta\u015flar\u0131 k\u00fclt\u00fcr ve sanatla bulu\u015fturmak amac\u0131yla \u00f6nemli \u00e7al\u0131\u015fmalara imza at\u0131yor. B\u00fcy\u00fck\u015fehir Belediyesi, tiyatro alan\u0131nda son iki y\u0131lda 214 oyun sahneleyerek t\u00fcm il\u00e7elerde 40 bin seyirciye ula\u015ft\u0131.<\/p>\n<p>\u0130zmir B\u00fcy\u00fck\u015fehir Belediyesi \u015eehir Tiyatrolar\u0131\u2019n\u0131n kendi prod\u00fcksiyonlar\u0131yla\u00a02024-2025\u00a0sezonunda sahneledi\u011fi 153 temsili 33 bini a\u015fk\u0131n seyirci izledi. 2026 y\u0131l\u0131n\u0131n ilk iki ay\u0131nda ise 27 temsilde 7 binin \u00fczerinde seyirciyle bulu\u015fuldu.<\/p>\n<p><strong>Film g\u00f6sterim say\u0131s\u0131 284\u2019e ula\u015ft\u0131<\/strong><\/p>\n<p>Sinemada son iki y\u0131lda 284 film g\u00f6sterimiyle yakla\u015f\u0131k 58 bin seyirciye ula\u015f\u0131ld\u0131. Film Destek Birimi taraf\u0131ndan 54 projeye destek sa\u011fland\u0131. Performans sanatlar\u0131 alan\u0131nda ise 520 g\u00f6sterim yap\u0131ld\u0131.\u00a0<\/p>\n<p>\u0130zmir\u2019de iki y\u0131lda 262 sergi sanatseverlerle bulu\u015ftu. 2025 y\u0131l\u0131nda ger\u00e7ekle\u015ftirilen Refik Anadol sergisi, 295 bin ziyaret\u00e7i a\u011f\u0131rlad\u0131.<\/p>\n<p><strong>Mehmet T\u00fcz\u00fcm K\u0131z\u0131lcan Sanat Galerisi<\/strong>\u00a0<strong>a\u00e7\u0131ld\u0131<\/strong><\/p>\n<p>K\u00fclt\u00fcrpark\u2019ta Mehmet T\u00fcz\u00fcm K\u0131z\u0131lcan Sanat Galerisi kap\u0131lar\u0131n\u0131 a\u00e7t\u0131. Bu y\u0131l sanat galerisi i\u00e7erisinde seramik at\u00f6lyesi de a\u00e7\u0131lmas\u0131 planlan\u0131yor.<\/p>\n<p><strong>\u0130zmir\u2019de k\u00fct\u00fcphaneler gen\u00e7lerin yeni adresi oldu<\/strong><\/p>\n<p>\u0130zmir B\u00fcy\u00fck\u015fehir Belediyesi,\u00a0 kentteki k\u00fct\u00fcphaneleri gen\u00e7lerin ders \u00e7al\u0131\u015ft\u0131\u011f\u0131, ara\u015ft\u0131rma yapt\u0131\u011f\u0131 ve sosyalle\u015fti\u011fi yeni nesil ya\u015fam alanlar\u0131na d\u00f6n\u00fc\u015ft\u00fcrd\u00fc. 2024\u2019te Menemen Gen\u00e7lik K\u00fct\u00fcphanesi, 2025\u2019te ise Konak Metro K\u00fct\u00fcphanesi ile K\u00fclt\u00fcrpark \u0130lber Ortayl\u0131 K\u00fct\u00fcphanesi hizmete a\u00e7\u0131ld\u0131. B\u00f6ylece kent genelinde faaliyet g\u00f6steren 11 k\u00fct\u00fcphane arac\u0131l\u0131\u011f\u0131yla yakla\u015f\u0131k 90 bin yay\u0131n kullan\u0131c\u0131lar\u0131n eri\u015fimine sunuldu.<\/p>\n<p><strong>\u0130zmir Oda Orkestras\u0131\u2019ndan m\u00fczik ziyafeti<\/strong><\/p>\n<p>2025 y\u0131l\u0131nda kurulan \u0130zmir Oda Orkestras\u0131, ilk konserini 30 May\u0131s 2025\u2019te ger\u00e7ekle\u015ftirdi ve y\u0131l i\u00e7erisinde yurt d\u0131\u015f\u0131 ve yurt i\u00e7inden \u00fcnl\u00fc solist ve \u015feflerin kat\u0131ld\u0131\u011f\u0131 yedi konserle sanatseverlere m\u00fczik ziyafeti sundu. Orkestran\u0131n 2026 y\u0131l\u0131 boyunca 20 konser ger\u00e7ekle\u015ftirmesi planlan\u0131yor.<\/p>\n<p><strong>Sanatseverlerin bulu\u015fma noktas\u0131: AASSM<\/strong><\/p>\n<p>Kentin en \u00f6nemli k\u00fclt\u00fcr-sanat bulu\u015fma noktalar\u0131ndan biri olan Ahmed Adnan Saygun Sanat Merkezi\u2019nde (AASSM)\u00a02024-2025\u00a0d\u00f6neminde Uluslararas\u0131 Barok M\u00fczik G\u00fcnleri ve \u0130zmir Uluslararas\u0131 \u00c7oksesli Korolar Festivali gibi prestijli festivaller d\u00fczenlendi. 75 at\u00f6lye \u00e7al\u0131\u015fmas\u0131 ve 150 koro e\u011fitimi ile farkl\u0131 ya\u015f gruplar\u0131na \u00fccretsiz sanatsal e\u011fitim verildi.<\/p>\n<p><strong>Bini a\u015fk\u0131n etkinlik, \u0130zmirlilere keyifli anlar ya\u015fatt\u0131<\/strong><\/p>\n<p>\u0130zmir B\u00fcy\u00fck\u015fehir Belediyesi ayr\u0131ca Mahalle \u015eenlikleri, \u00c7im Konserleri, G\u00fcn Bat\u0131m\u0131 Konserleri, Ramazan \u0130ftar Etkinlikleri, Yaza Merhaba Festivali, Yeni Y\u0131l Festivali, \u201cCumhuriyet Her Yerde\u201d 29 Ekim Etkinlikleri ile \u00f6zel g\u00fcn ve bayramlar kapsam\u0131nda toplam 1780 konser ve m\u00fczik etkinli\u011fi d\u00fczenledi. 24 farkl\u0131 bran\u015fta 1850 e\u011fitim faaliyeti ger\u00e7ekle\u015ftirilerek yurtta\u015flar\u0131n k\u00fclt\u00fcr, sanat ve e\u011fitime eri\u015fimi g\u00fc\u00e7lendirildi.<\/p>\n<p><strong>AP\u0130KAM\u2019la kentin k\u00fclt\u00fcrel miras ve tarihine ula\u015fmak \u00e7ok kolay<\/strong><\/p>\n<p>Kentin k\u00fclt\u00fcrel miras\u0131 ve tarihine eri\u015fimin g\u00fc\u00e7lendirilmesi amac\u0131yla da dijital ar\u015fiv \u00e7al\u0131\u015fmalar\u0131 geli\u015ftirildi. Ara\u015ft\u0131rmac\u0131lar ve yurtta\u015flar, Ahmet Piri\u015ftina Kent Ar\u015fivi M\u00fczesi (AP\u0130KAM) koleksiyonlar\u0131 \u00fczerinden yeni dijital altyap\u0131larla on binlerce belgeye kolayl\u0131kla ula\u015fabilmeye ba\u015flad\u0131. Son iki y\u0131lda 46 bin 750 yeni veri dijital ar\u015five eklendi, 4 bin 900 kay\u0131tl\u0131 kullan\u0131c\u0131 bu i\u00e7eriklere eri\u015fti.<\/p>\n<p><strong>Akdeniz kentleriyle k\u00fclt\u00fcrel etkile\u015fim<\/strong><\/p>\n<p>Uluslararas\u0131 i\u015f birlikleri, sempozyumlar ve k\u00fclt\u00fcr politikalar\u0131yla \u0130zmir\u2019in Akdeniz kentleriyle k\u00fclt\u00fcrel etkile\u015fimi de g\u00fc\u00e7lendirildi. \u201c\u00c7ocuklar i\u00e7in Akdeniz\u201d e\u011fitim program\u0131,\u00a02024-2025\u00a0e\u011fitim-\u00f6\u011fretim y\u0131l\u0131nda toplam 700 \u00f6\u011frenciye ula\u015ft\u0131.<\/p>\n<p>\u00a0<\/p>\n<p>Kaynak: (BYZHA) Beyaz Haber Ajans\u0131<\/p>\n","protected":false},"excerpt":{"rendered":"<p>\u0130zmir\u2019de k\u00fclt\u00fcr ve sanat hayat\u0131 son iki y\u0131lda b\u00fcy\u00fck bir hareketlilik kazand\u0131.<\/p>\n","protected":false},"author":1,"featured_media":3343,"comment_status":"open","ping_status":"open","sticky":false,"template":"","format":"standard","meta":{"footnotes":""},"categories":[24],"tags":[],"class_list":["post-3342","post","type-post","status-publish","format-standard","has-post-thumbnail","hentry","category-kultur-sanat"],"_links":{"self":[{"href":"https:\/\/akdenizolay.com.tr\/index.php\/wp-json\/wp\/v2\/posts\/3342","targetHints":{"allow":["GET"]}}],"collection":[{"href":"https:\/\/akdenizolay.com.tr\/index.php\/wp-json\/wp\/v2\/posts"}],"about":[{"href":"https:\/\/akdenizolay.com.tr\/index.php\/wp-json\/wp\/v2\/types\/post"}],"author":[{"embeddable":true,"href":"https:\/\/akdenizolay.com.tr\/index.php\/wp-json\/wp\/v2\/users\/1"}],"replies":[{"embeddable":true,"href":"https:\/\/akdenizolay.com.tr\/index.php\/wp-json\/wp\/v2\/comments?post=3342"}],"version-history":[{"count":1,"href":"https:\/\/akdenizolay.com.tr\/index.php\/wp-json\/wp\/v2\/posts\/3342\/revisions"}],"predecessor-version":[{"id":3344,"href":"https:\/\/akdenizolay.com.tr\/index.php\/wp-json\/wp\/v2\/posts\/3342\/revisions\/3344"}],"wp:featuredmedia":[{"embeddable":true,"href":"https:\/\/akdenizolay.com.tr\/index.php\/wp-json\/wp\/v2\/media\/3343"}],"wp:attachment":[{"href":"https:\/\/akdenizolay.com.tr\/index.php\/wp-json\/wp\/v2\/media?parent=3342"}],"wp:term":[{"taxonomy":"category","embeddable":true,"href":"https:\/\/akdenizolay.com.tr\/index.php\/wp-json\/wp\/v2\/categories?post=3342"},{"taxonomy":"post_tag","embeddable":true,"href":"https:\/\/akdenizolay.com.tr\/index.php\/wp-json\/wp\/v2\/tags?post=3342"}],"curies":[{"name":"wp","href":"https:\/\/api.w.org\/{rel}","templated":true}]}}