{"id":3345,"date":"2026-03-14T01:07:41","date_gmt":"2026-03-14T01:07:41","guid":{"rendered":"https:\/\/akdenizolay.com.tr\/index.php\/2026\/03\/14\/maltepede-kiz-cocuklari-stem-atolyesinde-bulustu\/"},"modified":"2026-03-14T01:07:41","modified_gmt":"2026-03-14T01:07:41","slug":"maltepede-kiz-cocuklari-stem-atolyesinde-bulustu","status":"publish","type":"post","link":"https:\/\/akdenizolay.com.tr\/index.php\/2026\/03\/14\/maltepede-kiz-cocuklari-stem-atolyesinde-bulustu\/","title":{"rendered":"Maltepe\u2019de K\u0131z \u00c7ocuklar\u0131 STEM At\u00f6lyesinde Bulu\u015ftu"},"content":{"rendered":"<p> Maltepe Belediyesi K\u00fct\u00fcphane ve M\u00fczeler M\u00fcd\u00fcrl\u00fc\u011f\u00fc, 8-14 Mart Bilim ve Teknoloji Haftas\u0131 kapsam\u0131nda d\u00fczenledi\u011fi \u201cSTEM \u2013 Gelece\u011fin Kad\u0131n M\u00fchendisleri\u201d at\u00f6lyesiyle k\u0131z \u00e7ocuklar\u0131n\u0131 bilim ve m\u00fchendislik d\u00fcnyas\u0131yla bulu\u015fturdu. 10\u201312 ya\u015f aras\u0131 \u00f6\u011frencilerin kat\u0131ld\u0131\u011f\u0131 etkinlikte \u00e7ocuklar, uygulamal\u0131 \u00e7al\u0131\u015fmalarla STEM alanlar\u0131n\u0131 ke\u015ffetme f\u0131rsat\u0131 yakalad\u0131.<\/p>\n<p>At\u00f6lye boyunca kat\u0131l\u0131mc\u0131lar, e\u011flenceli deneyler ve mini m\u00fchendislik uygulamalar\u0131yla problem \u00e7\u00f6zme, tasar\u0131m odakl\u0131 d\u00fc\u015f\u00fcnme ve ekip \u00e7al\u0131\u015fmas\u0131 gibi becerilerini geli\u015ftirdi. Basit m\u00fchendislik tasar\u0131mlar\u0131 \u00fcreten \u00e7ocuklar hem \u00fcretmenin heyecan\u0131n\u0131 ya\u015fad\u0131 hem de bilimsel s\u00fcre\u00e7leri deneyimleyerek \u00f6\u011frenme iman\u0131 buldu.<\/p>\n<p><b>MESLEKLER C\u0130NS\u0130YETLE SINIRLI DE\u011e\u0130L<\/b><\/p>\n<p>Etkinlikte \u00e7ocuklarla yap\u0131lan sohbetlerde bilim, teknoloji ve m\u00fchendislik alanlar\u0131n\u0131n yaln\u0131zca belirli bir cinsiyete ait olmad\u0131\u011f\u0131 vurguland\u0131. Kat\u0131l\u0131mc\u0131lara meslek se\u00e7iminde merak, yetenek ve eme\u011fin belirleyici oldu\u011fu anlat\u0131l\u0131rken, herkesin ilgi duydu\u011fu alanda \u00f6zg\u00fcrce ilerleyebilece\u011fi mesaj\u0131 verildi. Bu yakla\u015f\u0131m do\u011frultusunda \u00f6\u011frencilerin toplumsal cinsiyet e\u015fitli\u011fi konusunda fark\u0131ndal\u0131k kazanmalar\u0131 hedeflendi.<\/p>\n<p>Yetkililer, d\u00fczenlenen programlarla \u00e7ocuklar\u0131n erken ya\u015fta bilim ve teknolojiyle tan\u0131\u015fmalar\u0131n\u0131 sa\u011flamay\u0131 hedeflediklerini belirterek \u00f6zellikle k\u0131z \u00e7ocuklar\u0131n\u0131n m\u00fchendislik ve teknoloji alanlar\u0131na y\u00f6nelimini destekleyen at\u00f6lyelerin ilerleyen d\u00f6nemde de devam edece\u011fini ifade etti.<\/p>\n<p>\u00a0<\/p>\n<p>Kaynak: (BYZHA) Beyaz Haber Ajans\u0131<\/p>\n","protected":false},"excerpt":{"rendered":"<p>Maltepe Belediyesi K\u00fct\u00fcphane ve M\u00fczeler M\u00fcd\u00fcrl\u00fc\u011f\u00fc, 8-14 Mart Bilim ve Teknoloji Haftas\u0131 kapsam\u0131nda d\u00fczenledi\u011fi \u201cSTEM \u2013 Gelece\u011fin Kad\u0131n M\u00fchendisleri\u201d at\u00f6lyesiyle k\u0131z \u00e7ocuklar\u0131n\u0131 bilim ve m\u00fchendislik d\u00fcnyas\u0131yla bulu\u015fturdu.<\/p>\n","protected":false},"author":1,"featured_media":3346,"comment_status":"open","ping_status":"open","sticky":false,"template":"","format":"standard","meta":{"footnotes":""},"categories":[24],"tags":[],"class_list":["post-3345","post","type-post","status-publish","format-standard","has-post-thumbnail","hentry","category-kultur-sanat"],"_links":{"self":[{"href":"https:\/\/akdenizolay.com.tr\/index.php\/wp-json\/wp\/v2\/posts\/3345","targetHints":{"allow":["GET"]}}],"collection":[{"href":"https:\/\/akdenizolay.com.tr\/index.php\/wp-json\/wp\/v2\/posts"}],"about":[{"href":"https:\/\/akdenizolay.com.tr\/index.php\/wp-json\/wp\/v2\/types\/post"}],"author":[{"embeddable":true,"href":"https:\/\/akdenizolay.com.tr\/index.php\/wp-json\/wp\/v2\/users\/1"}],"replies":[{"embeddable":true,"href":"https:\/\/akdenizolay.com.tr\/index.php\/wp-json\/wp\/v2\/comments?post=3345"}],"version-history":[{"count":1,"href":"https:\/\/akdenizolay.com.tr\/index.php\/wp-json\/wp\/v2\/posts\/3345\/revisions"}],"predecessor-version":[{"id":3347,"href":"https:\/\/akdenizolay.com.tr\/index.php\/wp-json\/wp\/v2\/posts\/3345\/revisions\/3347"}],"wp:featuredmedia":[{"embeddable":true,"href":"https:\/\/akdenizolay.com.tr\/index.php\/wp-json\/wp\/v2\/media\/3346"}],"wp:attachment":[{"href":"https:\/\/akdenizolay.com.tr\/index.php\/wp-json\/wp\/v2\/media?parent=3345"}],"wp:term":[{"taxonomy":"category","embeddable":true,"href":"https:\/\/akdenizolay.com.tr\/index.php\/wp-json\/wp\/v2\/categories?post=3345"},{"taxonomy":"post_tag","embeddable":true,"href":"https:\/\/akdenizolay.com.tr\/index.php\/wp-json\/wp\/v2\/tags?post=3345"}],"curies":[{"name":"wp","href":"https:\/\/api.w.org\/{rel}","templated":true}]}}