{"id":3348,"date":"2026-03-14T01:07:44","date_gmt":"2026-03-14T01:07:44","guid":{"rendered":"https:\/\/akdenizolay.com.tr\/index.php\/2026\/03\/14\/klarnet-sanatcisi-onur-saglamdan-ogluna-adadigi-anlamli-eser-nefs-i-nefes-uyan-ey-gozlerim\/"},"modified":"2026-03-14T01:07:45","modified_gmt":"2026-03-14T01:07:45","slug":"klarnet-sanatcisi-onur-saglamdan-ogluna-adadigi-anlamli-eser-nefs-i-nefes-uyan-ey-gozlerim","status":"publish","type":"post","link":"https:\/\/akdenizolay.com.tr\/index.php\/2026\/03\/14\/klarnet-sanatcisi-onur-saglamdan-ogluna-adadigi-anlamli-eser-nefs-i-nefes-uyan-ey-gozlerim\/","title":{"rendered":"Klarnet Sanat\u00e7\u0131s\u0131 Onur Sa\u011flam\u2019dan O\u011fluna Adad\u0131\u011f\u0131 Anlaml\u0131 Eser: Nefs-i Nefes &amp; Uyan Ey G\u00f6zlerim"},"content":{"rendered":"<p> T\u00fcrk m\u00fczi\u011finde si bemol klarnetiyle \u00f6zg\u00fcn yorumlar\u0131yla tan\u0131nan klarnet sanat\u00e7\u0131s\u0131 Onur Sa\u011flam, m\u00fczik kariyerinin 20. y\u0131l\u0131nda ilk single \u00e7al\u0131\u015fmas\u0131 \u201cNefs-i Nefes &amp; Uyan Ey G\u00f6zlerim\u201d ile dinleyicilerle bulu\u015ftu. Sanat\u00e7\u0131n\u0131n o\u011fluna ithaf etti\u011fi \u00f6zel eser, 13 Mart itibar\u0131yla t\u00fcm dijital m\u00fczik platformlar\u0131nda yay\u0131nland\u0131.<\/p>\n<p>Yakla\u015f\u0131k 20 y\u0131ll\u0131k m\u00fczik yolculu\u011funun ard\u0131ndan yay\u0131nlanan bu ilk single, yaln\u0131zca bir m\u00fczik eseri de\u011fil, ayn\u0131 zamanda bir baban\u0131n evlad\u0131na b\u0131rakt\u0131\u011f\u0131 duygusal bir hat\u0131ra niteli\u011fi ta\u015f\u0131yor. Onur Sa\u011flam\u2019\u0131n klarnetiyle hayat bulan eser, ilahi formunda haz\u0131rlanarak dinleyicilere manevi bir atmosfer sunuyor.<\/p>\n<p>Eserin d\u00fczenlemesi, T\u00fcrkiye\u2019nin ba\u015far\u0131l\u0131 aranj\u00f6rlerinden Mete Artun imzas\u0131n\u0131 ta\u015f\u0131yor. \u00c7al\u0131\u015fman\u0131n klibi ise y\u00f6netmenler Ta\u015fk\u0131n Ceyhan ve Hakan Ye\u015fil \u00f6nc\u00fcl\u00fc\u011f\u00fcnde haz\u0131rland\u0131. Siyah-beyaz estetikle \u00e7ekilen klipte yer alan semazen performans\u0131, eserin manevi atmosferini g\u00fc\u00e7lendirirken Ramazan ay\u0131n\u0131n ruhuna da anlaml\u0131 bir g\u00f6nderme yap\u0131yor.<\/p>\n<p>Modern sound anlay\u0131\u015f\u0131yla haz\u0131rlanan eser, geleneksel m\u00fczik dokusunu \u00e7a\u011fda\u015f bir yorumla bulu\u015fturarak dinleyicilere zamans\u0131z bir deneyim sunuyor.<\/p>\n<p>Sanat\u00e7\u0131 Onur Sa\u011flam, o\u011fluna ithaf etti\u011fi bu \u00f6zel \u00e7al\u0131\u015fmayla ilgili \u015fu ifadeleri kullan\u0131yor: \u201cRamazan ay\u0131 insan\u0131n \u00f6z\u00fcne d\u00f6nmesi, gafletten uyanmas\u0131 i\u00e7in bir yolculuk. Ben de bu eserin o\u011fluma bir hat\u0131ra ve bir dua olmas\u0131n\u0131 istedim.\u201d<\/p>\n<p>Sanat\u00e7\u0131 ayr\u0131ca, Nisan ay\u0131nda Anadolu\u2019nun sevilen t\u00fcrk\u00fclerini yorumlad\u0131\u011f\u0131 ikinci alb\u00fcm\u00fcn\u00fc m\u00fczikseverlerle bulu\u015fturaca\u011f\u0131n\u0131n m\u00fcjdesini de payla\u015ft\u0131.<\/p>\n<p>Onur Sa\u011flam\u2019\u0131n duygusal bir hik\u00e2yeden do\u011fan bu \u00f6zel \u00e7al\u0131\u015fmas\u0131, klarnetin derin ve etkileyici t\u0131n\u0131s\u0131yla dinleyicilere manevi bir yolculuk sunuyor.<\/p>\n<p>Sanat\u00e7\u0131 s\u00f6zlerini \u015fu dilekle tamaml\u0131yor: \u201cNefesimizin daim olmas\u0131 dile\u011fiyle\u2026\u201d<\/p>\n<p>Kaynak: (BYZHA) Beyaz Haber Ajans\u0131<\/p>\n","protected":false},"excerpt":{"rendered":"<p>T\u00fcrk m\u00fczi\u011finde si bemol klarnetiyle \u00f6zg\u00fcn yorumlar\u0131yla tan\u0131nan klarnet sanat\u00e7\u0131s\u0131 Onur Sa\u011flam, m\u00fczik kariyerinin 20.<\/p>\n","protected":false},"author":1,"featured_media":3349,"comment_status":"open","ping_status":"open","sticky":false,"template":"","format":"standard","meta":{"footnotes":""},"categories":[1],"tags":[],"class_list":["post-3348","post","type-post","status-publish","format-standard","has-post-thumbnail","hentry","category-magazin"],"_links":{"self":[{"href":"https:\/\/akdenizolay.com.tr\/index.php\/wp-json\/wp\/v2\/posts\/3348","targetHints":{"allow":["GET"]}}],"collection":[{"href":"https:\/\/akdenizolay.com.tr\/index.php\/wp-json\/wp\/v2\/posts"}],"about":[{"href":"https:\/\/akdenizolay.com.tr\/index.php\/wp-json\/wp\/v2\/types\/post"}],"author":[{"embeddable":true,"href":"https:\/\/akdenizolay.com.tr\/index.php\/wp-json\/wp\/v2\/users\/1"}],"replies":[{"embeddable":true,"href":"https:\/\/akdenizolay.com.tr\/index.php\/wp-json\/wp\/v2\/comments?post=3348"}],"version-history":[{"count":1,"href":"https:\/\/akdenizolay.com.tr\/index.php\/wp-json\/wp\/v2\/posts\/3348\/revisions"}],"predecessor-version":[{"id":3350,"href":"https:\/\/akdenizolay.com.tr\/index.php\/wp-json\/wp\/v2\/posts\/3348\/revisions\/3350"}],"wp:featuredmedia":[{"embeddable":true,"href":"https:\/\/akdenizolay.com.tr\/index.php\/wp-json\/wp\/v2\/media\/3349"}],"wp:attachment":[{"href":"https:\/\/akdenizolay.com.tr\/index.php\/wp-json\/wp\/v2\/media?parent=3348"}],"wp:term":[{"taxonomy":"category","embeddable":true,"href":"https:\/\/akdenizolay.com.tr\/index.php\/wp-json\/wp\/v2\/categories?post=3348"},{"taxonomy":"post_tag","embeddable":true,"href":"https:\/\/akdenizolay.com.tr\/index.php\/wp-json\/wp\/v2\/tags?post=3348"}],"curies":[{"name":"wp","href":"https:\/\/api.w.org\/{rel}","templated":true}]}}