{"id":3401,"date":"2026-03-14T01:08:05","date_gmt":"2026-03-14T01:08:05","guid":{"rendered":"https:\/\/akdenizolay.com.tr\/index.php\/2026\/03\/14\/baskan-buyukakin-14-mart-tip-bayramini-kutladi\/"},"modified":"2026-03-14T01:08:05","modified_gmt":"2026-03-14T01:08:05","slug":"baskan-buyukakin-14-mart-tip-bayramini-kutladi","status":"publish","type":"post","link":"https:\/\/akdenizolay.com.tr\/index.php\/2026\/03\/14\/baskan-buyukakin-14-mart-tip-bayramini-kutladi\/","title":{"rendered":"Ba\u015fkan B\u00fcy\u00fckak\u0131n, 14 Mart T\u0131p Bayram\u0131\u2019n\u0131 kutlad\u0131"},"content":{"rendered":"<p> Kocaeli B\u00fcy\u00fck\u015fehir Belediye Ba\u015fkan\u0131 Tahir B\u00fcy\u00fckak\u0131n, 14 Mart T\u0131p Bayram\u0131 dolay\u0131s\u0131yla bir mesaj yay\u0131mlad\u0131.<\/p>\n<p>Sa\u011fl\u0131k \u00e7al\u0131\u015fanlar\u0131n\u0131n, en kutsal mesleklerden birini icra etti\u011fini belirten B\u00fcy\u00fck\u015fehir Belediye Ba\u015fkan\u0131 Tahir B\u00fcy\u00fckak\u0131n, \u201cSa\u011fl\u0131k ordumuz, modern teknolojinin ve bilimin rehberli\u011finde, her g\u00fcn hayat\u0131n en hassas anlar\u0131nda g\u00f6rev yap\u0131yor. Onlar, zor ko\u015fullarda, ola\u011fan\u00fcst\u00fc durumlarda ve g\u00fcnl\u00fck ya\u015fam\u0131n t\u00fcm zorluklar\u0131 kar\u015f\u0131s\u0131nda insan sa\u011fl\u0131\u011f\u0131n\u0131 g\u00fcvence alt\u0131na al\u0131yor\u201d dedi.<\/p>\n<p>Ba\u015fkan B\u00fcy\u00fckak\u0131n mesaj\u0131na \u015f\u00f6yle devam etti; \u201c\u0130bni Sina\u2019n\u0131n da i\u015faret etti\u011fi gibi, \u2018Hekim, yaln\u0131zca hastay\u0131 iyile\u015ftirmekle kalmaz; insanl\u0131\u011f\u0131n umudunu da ayakta tutar.\u2019 Onlar\u0131n her m\u00fcdahalesi, korku i\u00e7inde bekleyen bir ailenin teselli bulmas\u0131, t\u00fcm toplumun g\u00fcveninin yeniden in\u015fa edilmesi gibidir.\u00a0 \u0130\u015fte bu nedenle, sa\u011fl\u0131k \u00e7al\u0131\u015fanlar\u0131m\u0131z her g\u00fcn fark edilmese de insanl\u0131\u011f\u0131n en sessiz, en de\u011ferli bek\u00e7ilerindendir.<\/p>\n<p>Sa\u011fl\u0131k hizmetleri, t\u0131bbi bilginin yan\u0131 s\u0131ra empatiyi, sabr\u0131 ve cesareti de gerektiriyor. Salg\u0131nlarda, afetlerde ve acil durumlarda ortaya koyduklar\u0131 kararl\u0131l\u0131k, onlar\u0131n mesle\u011fe duydu\u011fu adanm\u0131\u015fl\u0131\u011f\u0131n ve insan sevgisinin en somut g\u00f6stergesidir. Onlar; \u00e7o\u011fu zaman kendi hayatlar\u0131n\u0131 geri planda b\u0131rakarak, insanl\u0131\u011fa hizmet etmeyi se\u00e7erler.<\/p>\n<p>Kocaeli B\u00fcy\u00fck\u015fehir Belediyesi olarak, sa\u011fl\u0131k \u00e7al\u0131\u015fanlar\u0131m\u0131z\u0131n yan\u0131nda olmaya ve onlar\u0131n \u00e7al\u0131\u015fma ko\u015fullar\u0131n\u0131 g\u00fc\u00e7lendirmeye devam ediyoruz. \u015eehrimizde hayata ge\u00e7irdi\u011fimiz sa\u011fl\u0131k ve sosyal hizmet projeleri, bu kutsal mesle\u011fe adanm\u0131\u015f insanlara, emeklerinin ne kadar de\u011ferli oldu\u011funu hissettirmeyi ama\u00e7l\u0131yor.<\/p>\n<p>Bu anlaml\u0131 g\u00fcnde, hayatlar\u0131n\u0131 insanl\u0131\u011fa adayan t\u00fcm sa\u011fl\u0131k \u00e7al\u0131\u015fanlar\u0131m\u0131za \u015f\u00fckranlar\u0131m\u0131 sunuyor; g\u00f6revleri ba\u015f\u0131nda kaybettiklerimizi rahmetle an\u0131yor, insan sevgisiyle y\u00fcr\u00fctt\u00fc\u011f\u00fcn\u00fcz bu kutsal yolculukta sa\u011fl\u0131k, huzur ve ba\u015far\u0131 dolu bir gelecek diliyorum.\u201d<\/p>\n<p>\u00a0<\/p>\n<p>\u00a0<\/p>\n<p>\u00a0<\/p>\n<p>Kaynak: (BYZHA) Beyaz Haber Ajans\u0131<\/p>\n","protected":false},"excerpt":{"rendered":"<p>Kocaeli B\u00fcy\u00fck\u015fehir Belediye Ba\u015fkan\u0131 Tahir B\u00fcy\u00fckak\u0131n, 14 Mart T\u0131p Bayram\u0131 dolay\u0131s\u0131yla bir mesaj yay\u0131mlad\u0131.<\/p>\n","protected":false},"author":1,"featured_media":3403,"comment_status":"open","ping_status":"open","sticky":false,"template":"","format":"standard","meta":{"footnotes":""},"categories":[23],"tags":[],"class_list":["post-3401","post","type-post","status-publish","format-standard","has-post-thumbnail","hentry","category-saglik"],"_links":{"self":[{"href":"https:\/\/akdenizolay.com.tr\/index.php\/wp-json\/wp\/v2\/posts\/3401","targetHints":{"allow":["GET"]}}],"collection":[{"href":"https:\/\/akdenizolay.com.tr\/index.php\/wp-json\/wp\/v2\/posts"}],"about":[{"href":"https:\/\/akdenizolay.com.tr\/index.php\/wp-json\/wp\/v2\/types\/post"}],"author":[{"embeddable":true,"href":"https:\/\/akdenizolay.com.tr\/index.php\/wp-json\/wp\/v2\/users\/1"}],"replies":[{"embeddable":true,"href":"https:\/\/akdenizolay.com.tr\/index.php\/wp-json\/wp\/v2\/comments?post=3401"}],"version-history":[{"count":1,"href":"https:\/\/akdenizolay.com.tr\/index.php\/wp-json\/wp\/v2\/posts\/3401\/revisions"}],"predecessor-version":[{"id":3405,"href":"https:\/\/akdenizolay.com.tr\/index.php\/wp-json\/wp\/v2\/posts\/3401\/revisions\/3405"}],"wp:featuredmedia":[{"embeddable":true,"href":"https:\/\/akdenizolay.com.tr\/index.php\/wp-json\/wp\/v2\/media\/3403"}],"wp:attachment":[{"href":"https:\/\/akdenizolay.com.tr\/index.php\/wp-json\/wp\/v2\/media?parent=3401"}],"wp:term":[{"taxonomy":"category","embeddable":true,"href":"https:\/\/akdenizolay.com.tr\/index.php\/wp-json\/wp\/v2\/categories?post=3401"},{"taxonomy":"post_tag","embeddable":true,"href":"https:\/\/akdenizolay.com.tr\/index.php\/wp-json\/wp\/v2\/tags?post=3401"}],"curies":[{"name":"wp","href":"https:\/\/api.w.org\/{rel}","templated":true}]}}