{"id":3459,"date":"2026-03-14T01:08:20","date_gmt":"2026-03-14T01:08:20","guid":{"rendered":"https:\/\/akdenizolay.com.tr\/index.php\/2026\/03\/14\/dunyanin-en-iyi-artistik-cimnastikcileri-bir-kez-daha-antalyada-bulusuyor\/"},"modified":"2026-03-14T01:08:21","modified_gmt":"2026-03-14T01:08:21","slug":"dunyanin-en-iyi-artistik-cimnastikcileri-bir-kez-daha-antalyada-bulusuyor","status":"publish","type":"post","link":"https:\/\/akdenizolay.com.tr\/index.php\/2026\/03\/14\/dunyanin-en-iyi-artistik-cimnastikcileri-bir-kez-daha-antalyada-bulusuyor\/","title":{"rendered":"D\u00fcnyan\u0131n en iyi artistik cimnastik\u00e7ileri bir kez daha Antalya\u2019da bulu\u015fuyor"},"content":{"rendered":"<p> Uluslararas\u0131 Cimnastik Federasyonu taraf\u0131ndan d\u00fczenlenen Vestel FIG Artistik Cimnastik D\u00fcnya Kupas\u0131\u2019nda d\u00fcnyan\u0131n en iyileri m\u00fccadele ediyor. 12-15 Mart 2026 tarihleri aras\u0131nda Antalya \u0130brahim \u00c7olak Cimnastik Salonu\u2019nda d\u00fczenlenecek organizasyona, 45 \u00fclkeden 170 sporcu kat\u0131l\u0131yor.\u00a0<\/p>\n<p>2024 y\u0131l\u0131nda Challenge Cup stat\u00fcs\u00fcnde d\u00fczenlenen turnuva, \u00a02025\u2019te World Cup stat\u00fcs\u00fcne y\u00fckseldi. \u00d6nemi giderek artan organizasyon,\u00a02026-2027\u00a0y\u0131llar\u0131nda D\u00fcnya \u015eampiyonas\u0131\u2019na, 2028 y\u0131l\u0131nda ise 2028 Los Angeles Yaz Olimpiyat Oyunlar\u0131\u2019na kota verecek.<\/p>\n<p>Vestel, 2024\u2019ten bu yana isim sponsoru oldu\u011fu organizasyona \u00fc\u00e7\u00fcnc\u00fc y\u0131l\u0131nda da deste\u011fini s\u00fcrd\u00fcrerek, cimnasti\u011fin kalbini Antalya\u2019da att\u0131rmaya devam ediyor.\u00a0<\/p>\n<p>Organizasyon kapsam\u0131nda ger\u00e7ekle\u015ftirilen bas\u0131n toplant\u0131s\u0131nda; T\u00fcrkiye Cimnastik Federasyonu Ba\u015fkan\u0131 Suat \u00c7elen, Antalya Gen\u00e7lik ve Spor \u0130l M\u00fcd\u00fcr\u00fc Yavuz G\u00fcrhan, Vestel Global Pazarlama &amp; Yurt \u0130\u00e7i Sat\u0131\u015f Genel M\u00fcd\u00fcr\u00fc Duygu Badem Uyluk\u00e7uo\u011flu, milli tak\u0131m antren\u00f6rlerinden Y\u0131lmaz G\u00f6ktekin ve G\u00f6ksu \u00dc\u00e7ta\u015f \u015eanl\u0131 ile milli cimnastik\u00e7iler \u0130brahim \u00c7olak ve Sevgi Seda Kay\u0131\u015fo\u011flu yer ald\u0131.<\/p>\n<p>Organizasyonun ana sponsoru olan Vestel ad\u0131na a\u00e7\u0131klamada bulunan\u00a0<strong>Vestel Global Pazarlama &amp; Yurt \u0130\u00e7i Sat\u0131\u015f Genel M\u00fcd\u00fcr\u00fc Duygu Badem Uyluk\u00e7uo\u011flu,\u00a0<\/strong>\u201cVestel olarak sporun birle\u015ftirici g\u00fcc\u00fcn\u00fc en saf haliyle hissetmekten b\u00fcy\u00fck gurur duyuyoruz. Kendimizi sadece spor sponsoru olarak de\u011fil, toplumun geli\u015fimine destek veren ve sporla ya\u015fayan bir marka olarak tan\u0131ml\u0131yoruz. &#8216;Sporun kalbinde Vestel, Vestel&#8217;in kalbinde spor var&#8217; s\u00f6ylemimiz bir pazarlama c\u00fcmlesinin \u00e7ok \u00f6tesinde, hayat\u0131n i\u00e7inden do\u011fan bir ger\u00e7ek. T\u00fcrkiye Cimnastik Federasyonu ile 2021 y\u0131l\u0131ndan bu yana sadece maddi de\u011fil, manevi i\u015f orta\u011f\u0131 olarak da omuz omuza y\u00fcr\u00fcyoruz. T\u00fcm spor bran\u015flar\u0131n\u0131n temeli olan cimnasti\u011fi destekleyerek cinsiyet ayr\u0131m\u0131 g\u00f6zetmeksizin \u00e7ocuklar\u0131m\u0131z\u0131 erken ya\u015fta spora kazand\u0131rmay\u0131 sosyal sorumluluk olarak g\u00f6r\u00fcyor; bu hedef do\u011frultusunda federasyonumuzun i\u015f birli\u011fiyle \u00f6nemli projeler y\u00fcr\u00fct\u00fcyoruz.\u00a0Bug\u00fcn 45 \u00fclkeden 170&#8217;in \u00fczerinde \u00fcst d\u00fczey sporcuyu \u00fclkemizde a\u011f\u0131rlad\u0131\u011f\u0131m\u0131z bu prestijli D\u00fcnya Kupas\u0131 organizasyonunda, ba\u015fta ay-y\u0131ld\u0131zl\u0131 millilerimiz olmak \u00fczere t\u00fcm kat\u0131l\u0131mc\u0131lara y\u00fcrekten ba\u015far\u0131lar diliyorum\u201d\u00a0ifadelerini kulland\u0131.<\/p>\n<p><strong>T\u00fcrkiye Cimnastik Federasyonu Ba\u015fkan\u0131 Suat \u00c7elen<\/strong>\u00a0konuya ili\u015fkin a\u00e7\u0131klamas\u0131nda, \u201cT\u00fcrk cimnasti\u011fi art\u0131k sadece finallerde yar\u0131\u015fmaktan \u00e7\u0131k\u0131p, uluslararas\u0131 alanda g\u00fcven veren ve her yar\u0131\u015fmada madalya hedefleyen g\u00fc\u00e7l\u00fc bir yap\u0131ya b\u00fcr\u00fcnd\u00fc. Bu ivmenin en \u00f6nemli g\u00f6stergelerinden olan\u00a0Vestel Artistik Cimnastik D\u00fcnya Kupas\u0131, gelecek y\u0131l olimpiyat kotas\u0131 verecek olmas\u0131yla spor d\u00fcnyas\u0131nda \u00e7ok daha b\u00fcy\u00fck bir \u00f6nem kazand\u0131. Hedeflerimizi b\u00f6ylesine b\u00fcy\u00fctt\u00fc\u011f\u00fcm\u00fcz bu yolda; ana sponsorumuz olarak yan\u0131m\u0131zda duran, cimnasti\u011fe ve T\u00fcrk sporuna verdikleri de\u011ferli desteklerle bug\u00fcnk\u00fc g\u00fc\u00e7l\u00fc vizyonumuzu in\u015fa etmemize b\u00fcy\u00fck katk\u0131 sa\u011flayan Vestel ailesine y\u00fcrekten te\u015fekk\u00fcr ediyor, kurdu\u011fumuz bu g\u00fc\u00e7l\u00fc birlikteli\u011fin uzun y\u0131llar boyunca devam etmesini umut ediyorum\u201d\u00a0dedi.<\/p>\n<p>2021\u2019den bu yana T\u00fcrkiye Cimnastik Federasyonu ile \u00e7al\u0131\u015fan Vestel, federasyonun co-sponsoru ve T\u00fcrkiye Cimnastik Federasyonu Ritmik Dal ana sponsoru olarak ba\u015flatt\u0131\u011f\u0131 i\u015f birli\u011finin kapsam\u0131n\u0131 2022\u2019de geni\u015fletti. Vestel bug\u00fcn, kad\u0131n ve erkeklerde T\u00fcrkiye Cimnastik Federasyonu Ana Sponsoru olarak yedi kategoride cimnastik sporuna destek veriyor.<\/p>\n<p>\u00a0<\/p>\n<p>Kaynak: (BYZHA) Beyaz Haber Ajans\u0131<\/p>\n","protected":false},"excerpt":{"rendered":"<p>Uluslararas\u0131 Cimnastik Federasyonu taraf\u0131ndan d\u00fczenlenen Vestel FIG Artistik Cimnastik D\u00fcnya Kupas\u0131\u2019nda d\u00fcnyan\u0131n en iyileri m\u00fccadele ediyor.<\/p>\n","protected":false},"author":1,"featured_media":3460,"comment_status":"open","ping_status":"open","sticky":false,"template":"","format":"standard","meta":{"footnotes":""},"categories":[25],"tags":[],"class_list":["post-3459","post","type-post","status-publish","format-standard","has-post-thumbnail","hentry","category-spor"],"_links":{"self":[{"href":"https:\/\/akdenizolay.com.tr\/index.php\/wp-json\/wp\/v2\/posts\/3459","targetHints":{"allow":["GET"]}}],"collection":[{"href":"https:\/\/akdenizolay.com.tr\/index.php\/wp-json\/wp\/v2\/posts"}],"about":[{"href":"https:\/\/akdenizolay.com.tr\/index.php\/wp-json\/wp\/v2\/types\/post"}],"author":[{"embeddable":true,"href":"https:\/\/akdenizolay.com.tr\/index.php\/wp-json\/wp\/v2\/users\/1"}],"replies":[{"embeddable":true,"href":"https:\/\/akdenizolay.com.tr\/index.php\/wp-json\/wp\/v2\/comments?post=3459"}],"version-history":[{"count":1,"href":"https:\/\/akdenizolay.com.tr\/index.php\/wp-json\/wp\/v2\/posts\/3459\/revisions"}],"predecessor-version":[{"id":3462,"href":"https:\/\/akdenizolay.com.tr\/index.php\/wp-json\/wp\/v2\/posts\/3459\/revisions\/3462"}],"wp:featuredmedia":[{"embeddable":true,"href":"https:\/\/akdenizolay.com.tr\/index.php\/wp-json\/wp\/v2\/media\/3460"}],"wp:attachment":[{"href":"https:\/\/akdenizolay.com.tr\/index.php\/wp-json\/wp\/v2\/media?parent=3459"}],"wp:term":[{"taxonomy":"category","embeddable":true,"href":"https:\/\/akdenizolay.com.tr\/index.php\/wp-json\/wp\/v2\/categories?post=3459"},{"taxonomy":"post_tag","embeddable":true,"href":"https:\/\/akdenizolay.com.tr\/index.php\/wp-json\/wp\/v2\/tags?post=3459"}],"curies":[{"name":"wp","href":"https:\/\/api.w.org\/{rel}","templated":true}]}}