{"id":3464,"date":"2026-03-14T01:08:22","date_gmt":"2026-03-14T01:08:22","guid":{"rendered":"https:\/\/akdenizolay.com.tr\/index.php\/2026\/03\/14\/ataturk-ortaokulu-ogrencileri-oryantiringde-izmire-damga-vurdu\/"},"modified":"2026-03-14T01:08:22","modified_gmt":"2026-03-14T01:08:22","slug":"ataturk-ortaokulu-ogrencileri-oryantiringde-izmire-damga-vurdu","status":"publish","type":"post","link":"https:\/\/akdenizolay.com.tr\/index.php\/2026\/03\/14\/ataturk-ortaokulu-ogrencileri-oryantiringde-izmire-damga-vurdu\/","title":{"rendered":"Atat\u00fcrk Ortaokulu \u00d6\u011frencileri Oryantiringde \u0130zmir\u2019e Damga Vurdu"},"content":{"rendered":"<p> \u0130zmir\u2019de d\u00fczenlenen Okullar Aras\u0131 Oryantiring \u0130l Yar\u0131\u015fmas\u0131\u2019nda Atat\u00fcrk Ortaokulu \u00f6\u011frencileri \u00f6nemli bir ba\u015far\u0131ya imza att\u0131.<\/p>\n<p>Alia\u011fa Gen\u00e7lik ve Spor \u0130l\u00e7e M\u00fcd\u00fcrl\u00fc\u011f\u00fc b\u00fcnyesinde, antren\u00f6r Harun Altun y\u00f6netiminde oryantiring e\u011fitimi alan \u00f6\u011frenciler, ge\u00e7en y\u0131llarda oldu\u011fu gibi bu y\u0131l da hem bireysel hem de tak\u0131m kategorilerinde dereceler elde etti. 25 tak\u0131m ve yakla\u015f\u0131k 200 sporcunun kat\u0131ld\u0131\u011f\u0131 yar\u0131\u015fmalarda Alia\u011fal\u0131 \u00f6\u011frenciler k\u00fcrs\u00fcde yer ald\u0131.<\/p>\n<p>Y\u0131ld\u0131z Erkekler kategorisinde Efe G\u00fcnay \u0130zmir \u0130l Birincisi olurken, Demir Deniz Demircan \u0130zmir \u0130l \u0130kincisi olarak yar\u0131\u015fmay\u0131 tamamlad\u0131. Y\u0131ld\u0131z K\u0131zlar kategorisinde Simay G\u00fcnd\u00fcz \u0130zmir \u0130l \u0130kincisi, Zeynep Erkan ise \u0130zmir \u0130l \u00dc\u00e7\u00fcnc\u00fcs\u00fc oldu. K\u00fc\u00e7\u00fck K\u0131zlar kategorisinde Zeynep Irmak Uzdilli \u0130zmir \u0130l Birincisi olurken, Merve Sar\u0131kartal \u0130zmir \u0130l D\u00f6rd\u00fcnc\u00fcl\u00fc\u011f\u00fcn\u00fc elde etti.<\/p>\n<p>Ba\u015far\u0131lar\u0131yla dikkat \u00e7eken \u00f6\u011frenciler, elde ettikleri derecelerle Alia\u011fa\u2019y\u0131 Oryantiring B\u00f6lge \u015eampiyonas\u0131\u2019nda temsil etme hakk\u0131 kazand\u0131. Sporcular\u0131n yar\u0131\u015fmalara kat\u0131l\u0131m\u0131 i\u00e7in ula\u015f\u0131m deste\u011fi ise Alia\u011fa Belediyesi taraf\u0131ndan sa\u011fland\u0131.<\/p>\n<p>\u00a0<\/p>\n<p>Kaynak: (BYZHA) Beyaz Haber Ajans\u0131<\/p>\n","protected":false},"excerpt":{"rendered":"<p>\u0130zmir\u2019de d\u00fczenlenen Okullar Aras\u0131 Oryantiring \u0130l Yar\u0131\u015fmas\u0131\u2019nda Atat\u00fcrk Ortaokulu \u00f6\u011frencileri \u00f6nemli bir ba\u015far\u0131ya imza att\u0131.<\/p>\n","protected":false},"author":1,"featured_media":3466,"comment_status":"open","ping_status":"open","sticky":false,"template":"","format":"standard","meta":{"footnotes":""},"categories":[25],"tags":[],"class_list":["post-3464","post","type-post","status-publish","format-standard","has-post-thumbnail","hentry","category-spor"],"_links":{"self":[{"href":"https:\/\/akdenizolay.com.tr\/index.php\/wp-json\/wp\/v2\/posts\/3464","targetHints":{"allow":["GET"]}}],"collection":[{"href":"https:\/\/akdenizolay.com.tr\/index.php\/wp-json\/wp\/v2\/posts"}],"about":[{"href":"https:\/\/akdenizolay.com.tr\/index.php\/wp-json\/wp\/v2\/types\/post"}],"author":[{"embeddable":true,"href":"https:\/\/akdenizolay.com.tr\/index.php\/wp-json\/wp\/v2\/users\/1"}],"replies":[{"embeddable":true,"href":"https:\/\/akdenizolay.com.tr\/index.php\/wp-json\/wp\/v2\/comments?post=3464"}],"version-history":[{"count":1,"href":"https:\/\/akdenizolay.com.tr\/index.php\/wp-json\/wp\/v2\/posts\/3464\/revisions"}],"predecessor-version":[{"id":3468,"href":"https:\/\/akdenizolay.com.tr\/index.php\/wp-json\/wp\/v2\/posts\/3464\/revisions\/3468"}],"wp:featuredmedia":[{"embeddable":true,"href":"https:\/\/akdenizolay.com.tr\/index.php\/wp-json\/wp\/v2\/media\/3466"}],"wp:attachment":[{"href":"https:\/\/akdenizolay.com.tr\/index.php\/wp-json\/wp\/v2\/media?parent=3464"}],"wp:term":[{"taxonomy":"category","embeddable":true,"href":"https:\/\/akdenizolay.com.tr\/index.php\/wp-json\/wp\/v2\/categories?post=3464"},{"taxonomy":"post_tag","embeddable":true,"href":"https:\/\/akdenizolay.com.tr\/index.php\/wp-json\/wp\/v2\/tags?post=3464"}],"curies":[{"name":"wp","href":"https:\/\/api.w.org\/{rel}","templated":true}]}}